{"id":324039,"date":"2025-08-17T02:47:16","date_gmt":"2025-08-17T02:47:16","guid":{"rendered":"https:\/\/www.europesays.com\/fr\/324039\/"},"modified":"2025-08-17T02:47:16","modified_gmt":"2025-08-17T02:47:16","slug":"sept-photographes-mettent-la-charente-maritime-a-lhonneur","status":"publish","type":"post","link":"https:\/\/www.europesays.com\/fr\/324039\/","title":{"rendered":"sept photographes mettent la Charente-Maritime \u00e0 l\u2019honneur"},"content":{"rendered":"<p>Du lundi\u00a018 au dimanche 31\u00a0ao\u00fbt, la petite salle des f\u00eates de la commune accueille une exposition photos r\u00e9alis\u00e9e par sept photographes amoureux du territoire royannais. \u00ab\u00a0Plein phare sur la Charente-Maritime\u00a0\u00bb met en lumi\u00e8re le travail de Slow Life Photography, Beno\u00eet Beaupel, Benjamin Babiz, Virginie Photos, Yohan P.Photos, Chris Hacquard et Eric Larigaldie.<\/p>\n<p>\u00ab\u00a0Depuis deux ans, on se suit sur les r\u00e9seaux. Chacun admire le travail des uns et des autres\u00a0\u00bb, indique David Vermersch alias Slow Life Photography. \u00ab\u00a0On se croisait sur les plages sur les m\u00eames spots pour photographier les couchers de soleil et autres\u00a0\u00bb, ajoute Beno\u00eet Beaupel. En effet, si la photographie les rassemble, un autre point commun les unit, les splendeurs de la C\u00f4te de Beaut\u00e9. Et puis, un jour, ils d\u00e9cident tous de se retrouver pour un ap\u00e9ro photos, plage du Platin, haut lieu de leurs prises photographiques. Un groupe WhatsApp cr\u00e9\u00e9 et de nombreux \u00e9changes plus tard, l\u2019id\u00e9e de l\u2019exposition na\u00eet.<\/p>\n<p>Une exposition commune<\/p>\n<p>Sc\u00e9nographi\u00e9es, les huit expositions raconteront une histoire aux visiteurs. Celle des aurores bor\u00e9ales sur les communes littorales, celle des carrelets, et bien d\u2019autres encore. Exigeants sur la qualit\u00e9, les photographes ont souhait\u00e9 des tirages d\u2019art. \u00ab\u00a0Plein phare sur la Charente-Maritime\u00a0\u00bb est une ode photographique au territoire.<\/p>\n<p>Des animations sont propos\u00e9es tout au long de l\u2019exposition\u00a0: master class photo du coucher du soleil jusqu\u2019\u00e0 la nuit profonde (tarif\u00a0: 50\u00a0euros) et pr\u00e9sence du club astro de Chaillevette pour les observations c\u00e9lestes, mercredi 20\u00a0ao\u00fbt, atelier st\u00e9nope gratuit les 22 et 27\u00a0ao\u00fbt, conf\u00e9rence drone lundi 25\u00a0ao\u00fbt \u00e0 10 heures et 16 heures, immersion dans l\u2019univers de Val Landrault Peintre vendredi 29\u00a0ao\u00fbt \u00e0 19 heures. Informations et visite tous les jours de l\u2019exposition de 10 heures \u00e0 13 heures et de 17 heures jusqu\u2019\u00e0 23 heures. Entr\u00e9e gratuite.<\/p>\n","protected":false},"excerpt":{"rendered":"Du lundi\u00a018 au dimanche 31\u00a0ao\u00fbt, la petite salle des f\u00eates de la commune accueille une exposition photos r\u00e9alis\u00e9e&hellip;\n","protected":false},"author":2,"featured_media":324040,"comment_status":"","ping_status":"","sticky":false,"template":"","format":"standard","meta":{"footnotes":""},"categories":[1358],"tags":[1348,1384,1385,1386,58,59,1011,27],"class_list":{"0":"post-324039","1":"post","2":"type-post","3":"status-publish","4":"format-standard","5":"has-post-thumbnail","7":"category-arts-et-design","8":"tag-arts","9":"tag-arts-and-design","10":"tag-arts-et-design","11":"tag-design","12":"tag-divertissement","13":"tag-entertainment","14":"tag-fr","15":"tag-france"},"share_on_mastodon":{"url":"https:\/\/pubeurope.com\/@fr\/115041825210449333","error":""},"_links":{"self":[{"href":"https:\/\/www.europesays.com\/fr\/wp-json\/wp\/v2\/posts\/324039","targetHints":{"allow":["GET"]}}],"collection":[{"href":"https:\/\/www.europesays.com\/fr\/wp-json\/wp\/v2\/posts"}],"about":[{"href":"https:\/\/www.europesays.com\/fr\/wp-json\/wp\/v2\/types\/post"}],"author":[{"embeddable":true,"href":"https:\/\/www.europesays.com\/fr\/wp-json\/wp\/v2\/users\/2"}],"replies":[{"embeddable":true,"href":"https:\/\/www.europesays.com\/fr\/wp-json\/wp\/v2\/comments?post=324039"}],"version-history":[{"count":0,"href":"https:\/\/www.europesays.com\/fr\/wp-json\/wp\/v2\/posts\/324039\/revisions"}],"wp:featuredmedia":[{"embeddable":true,"href":"https:\/\/www.europesays.com\/fr\/wp-json\/wp\/v2\/media\/324040"}],"wp:attachment":[{"href":"https:\/\/www.europesays.com\/fr\/wp-json\/wp\/v2\/media?parent=324039"}],"wp:term":[{"taxonomy":"category","embeddable":true,"href":"https:\/\/www.europesays.com\/fr\/wp-json\/wp\/v2\/categories?post=324039"},{"taxonomy":"post_tag","embeddable":true,"href":"https:\/\/www.europesays.com\/fr\/wp-json\/wp\/v2\/tags?post=324039"}],"curies":[{"name":"wp","href":"https:\/\/api.w.org\/{rel}","templated":true}]}}