{"id":324047,"date":"2025-08-17T02:51:27","date_gmt":"2025-08-17T02:51:27","guid":{"rendered":"https:\/\/www.europesays.com\/fr\/324047\/"},"modified":"2025-08-17T02:51:27","modified_gmt":"2025-08-17T02:51:27","slug":"noah-centineo-devrait-remplacer-sylvester-stallone","status":"publish","type":"post","link":"https:\/\/www.europesays.com\/fr\/324047\/","title":{"rendered":"Noah Centineo devrait remplacer Sylvester Stallone"},"content":{"rendered":"<p>Le jeune acteur va incarner le l\u00e9gendaire John Rambo dans le nouveau film de la saga.<\/p>\n<p class=\"fig-paragraph\"><a href=\"http:\/\/www.lefigaro.fr\/cinema\/sylvester-stallone-jon-voight-mel-gibson-ils-seront-les-yeux-et-les-oreilles-de-trump-a-hollywood-20250117\" target=\"_blank\" data-fig-type=\"NewsFlash\" rel=\"noopener\" data-gtm-custom-categorie=\"navigation\" data-gtm-custom-action=\"crossclick\" data-gtm-custom-label=\"Contextuel\" data-gtm-event=\"customEventSPE\" data-fig-domain=\"LEFIGARO\">Sylvester Stallone\u00a0<\/a>fait ses adieux. Depuis des mois, les sp\u00e9culations se multiplient pour savoir qui reprendra le r\u00f4le l\u00e9gendaire de John Rambo, jusqu\u2019\u00e0 pr\u00e9sent incarn\u00e9 par Sylvester Stallone. Il semble que la d\u00e9cision soit prise\u00a0: l\u2019acteur Noah Centineo, \u00e2g\u00e9 de 29 ans. L\u2019Am\u00e9ricain s\u2019est fait conna\u00eetre dans des com\u00e9dies romantiques telles que la s\u00e9rie \u00c0 tous les gar\u00e7ons que j\u2019ai aim\u00e9s, et r\u00e9cemment dans la s\u00e9rie Netflix d\u2019agent secret The Recruit. Il est sur le point de faire le plus grand pas en avant de sa carri\u00e8re. Sylvester Stallone ne devrait pas participer au projet, selon le magazine am\u00e9ricain\u00a0<a href=\"https:\/\/deadline.com\/2025\/08\/rambo-prequel-movie-noah-centineo-1236483104\/\" target=\"_blank\" rel=\"sponsored noopener\" data-gtm-custom-categorie=\"navigation\" data-gtm-custom-action=\"crossclick\" data-gtm-custom-label=\"Contextuel\" data-gtm-event=\"customEventSPE\">Deadline<\/a>.<\/p>\n<p class=\"fig-body-link\">\n            \u00c0 lire aussi<br \/>\n        <a class=\"fig-body-link__link fig-premium-mark\" href=\"https:\/\/www.lefigaro.fr\/cinema\/rambo-37-ans-de-saga-20190924\" target=\"_blank\" data-fig-type=\"Article\" rel=\"noopener\" data-gtm-custom-categorie=\"navigation\" data-gtm-custom-action=\"crossclick\" data-gtm-custom-label=\"Contextuel\" data-gtm-event=\"customEventSPE\" data-fig-domain=\"LEFIGARO\">Rambo: 37 ans de saga<br \/>\n    <\/a>\n<\/p>\n<p class=\"fig-paragraph\">Sylvester Stallone a incarn\u00e9 John Rambo dans les cinq films de la saga depuis 1982, en faisant l\u2019un des h\u00e9ros d\u2019action les plus c\u00e9l\u00e8bres de l\u2019histoire du cin\u00e9ma. Le premier film, Rambo, adaptation du roman First Blood de David Morrell, publi\u00e9 en 1972, raconte l\u2019histoire d\u2019un v\u00e9t\u00e9ran de la guerre du Vietnam en pleine crise. Le nouveau film racontera l\u2019histoire du v\u00e9t\u00e9ran pendant la guerre. Le r\u00e9alisateur finlandais\u00a0<a href=\"https:\/\/www.lefigaro.fr\/cinema\/notre-critique-de-sisu-de-l-or-et-du-sang-un-rambo-en-laponie-20230620\" target=\"_blank\" data-fig-type=\"Article\" rel=\"noopener\" data-gtm-custom-categorie=\"navigation\" data-gtm-custom-action=\"crossclick\" data-gtm-custom-label=\"Contextuel\" data-gtm-event=\"customEventSPE\" data-fig-domain=\"LEFIGARO\">Jalmari Helander (Sisu)<\/a>\u00a0devrait diriger ce projet de la soci\u00e9t\u00e9 de production Millenium Media, dont le sc\u00e9nario a \u00e9t\u00e9 \u00e9crit par Rory Haines et Sohrab Noshirvani, qui ont notamment collabor\u00e9 \u00e0 la r\u00e9alisation de Black Adam. Le tournage devrait commencer d\u00e9but 2026 en Tha\u00eflande.<\/p>\n","protected":false},"excerpt":{"rendered":"Le jeune acteur va incarner le l\u00e9gendaire John Rambo dans le nouveau film de la saga. Sylvester Stallone\u00a0fait&hellip;\n","protected":false},"author":2,"featured_media":324048,"comment_status":"","ping_status":"","sticky":false,"template":"","format":"standard","meta":{"footnotes":""},"categories":[1354],"tags":[650,58,59,1346,1011,27,1360,46122,5895],"class_list":{"0":"post-324047","1":"post","2":"type-post","3":"status-publish","4":"format-standard","5":"has-post-thumbnail","7":"category-films","8":"tag-cinema","9":"tag-divertissement","10":"tag-entertainment","11":"tag-films","12":"tag-fr","13":"tag-france","14":"tag-movies","15":"tag-rambo","16":"tag-sylvester-stallone"},"share_on_mastodon":{"url":"https:\/\/pubeurope.com\/@fr\/115041840831506839","error":""},"_links":{"self":[{"href":"https:\/\/www.europesays.com\/fr\/wp-json\/wp\/v2\/posts\/324047","targetHints":{"allow":["GET"]}}],"collection":[{"href":"https:\/\/www.europesays.com\/fr\/wp-json\/wp\/v2\/posts"}],"about":[{"href":"https:\/\/www.europesays.com\/fr\/wp-json\/wp\/v2\/types\/post"}],"author":[{"embeddable":true,"href":"https:\/\/www.europesays.com\/fr\/wp-json\/wp\/v2\/users\/2"}],"replies":[{"embeddable":true,"href":"https:\/\/www.europesays.com\/fr\/wp-json\/wp\/v2\/comments?post=324047"}],"version-history":[{"count":0,"href":"https:\/\/www.europesays.com\/fr\/wp-json\/wp\/v2\/posts\/324047\/revisions"}],"wp:featuredmedia":[{"embeddable":true,"href":"https:\/\/www.europesays.com\/fr\/wp-json\/wp\/v2\/media\/324048"}],"wp:attachment":[{"href":"https:\/\/www.europesays.com\/fr\/wp-json\/wp\/v2\/media?parent=324047"}],"wp:term":[{"taxonomy":"category","embeddable":true,"href":"https:\/\/www.europesays.com\/fr\/wp-json\/wp\/v2\/categories?post=324047"},{"taxonomy":"post_tag","embeddable":true,"href":"https:\/\/www.europesays.com\/fr\/wp-json\/wp\/v2\/tags?post=324047"}],"curies":[{"name":"wp","href":"https:\/\/api.w.org\/{rel}","templated":true}]}}