{"id":324057,"date":"2025-08-17T02:57:13","date_gmt":"2025-08-17T02:57:13","guid":{"rendered":"https:\/\/www.europesays.com\/fr\/324057\/"},"modified":"2025-08-17T02:57:13","modified_gmt":"2025-08-17T02:57:13","slug":"en-amerique-du-sud-les-prochaines-elections-pourraient-faire-vaciller-les-gouvernements-de-gauche-liberation","status":"publish","type":"post","link":"https:\/\/www.europesays.com\/fr\/324057\/","title":{"rendered":"En Am\u00e9rique du Sud, les prochaines \u00e9lections pourraient faire vaciller les gouvernements de gauche &#8211; Lib\u00e9ration"},"content":{"rendered":"<ol>\n<li><a href=\"https:\/\/news.google.com\/rss\/articles\/CBMikAJBVV95cUxNc3AweHhkN3pzc3EzVk53UWx2MkZ0XzQ0ME1ud08wNEFtWGptSjU2SVpsRHlLSGFqY0stMVgwUmxLTWN5NmFuRm9raVllb1prdlA3dnZYY2dkVVJhUUZTT0xta0UwenBPQW9mRzBTN2psUklCbE4taW95WDRIdi1NclRiSWgzNkxfRUZmd3JLRktTRnVYVl9STndaN2lmcDdNc21seEZEY0E0aGYydEF6OFNXTTgxUGZsZnNUdnVKMGpPRWxGSHN6RDJ4YVIyTGc1eDhackY3V2phcnRveGtqaGIxSllzaE9GOTA4VGtwT0VMdmE5MDRWOTBVTU52X3BzbUJmSFBabHZ4NF9nQVhOZw?oc=5\" target=\"_blank\" rel=\"noopener\">En Am\u00e9rique du Sud, les prochaines \u00e9lections pourraient faire vaciller les gouvernements de gauche<\/a>&nbsp;&nbsp;Lib\u00e9ration<\/li>\n<li><a href=\"https:\/\/news.google.com\/rss\/articles\/CBMivgFBVV95cUxQV2Y1Z1hRSHR0TFQ3YVhBaGIxakxpdWc5cXlJSkhRVlBzT2VFbGUwU0lMX2Z3ZlJkc21jemRXSmJ3M2pCN1phVG9GZC1qR1ljQWtSTUhIajFDaTlMaGM2VWhQa3h1cmRqZlROYzZPZ3pCbzJCTGVWb1lEY2tVaWRfV0NHTzdKb2VSLXl1bE95WXJXVEhTMlo1RktNUVl1SEdLQWpYNVBPYWNZMTJ5WEQyRlBSS0tET2JVcG5sS1Zn?oc=5\" target=\"_blank\" rel=\"noopener\">Pr\u00e9sidentielle en Bolivie, un scrutin d\u00e9cisif apr\u00e8s vingt ans de socialisme<\/a>&nbsp;&nbsp;Le Figaro<\/li>\n<li><a href=\"https:\/\/news.google.com\/rss\/articles\/CBMiqAJBVV95cUxQTFRidHVhZVpLVHV0ajI3YzJTMmVJQUlmb3lYYy1JRkxnZVBFSFE2aUhsMlVxTFhyNU45TloxM1ZFZHVDYXhxMGZTeHU3VU1Ma2VYUTBETlg4SG1jTThTemZfS2lWb2lXY3NQSlR3SlNMWmhrMUdNZ3F2dlNqQXVuWXpCQm5uQkthd2VmLWx2bU8wSkpyLWZEbHBRWG5mei1NeDd3d2J4c3dhT2R0VkZhck44ekZNRmFlWm9jSTM0Q29xc2Zsb0pEcG80TmQ3MG42am1qNFFfVjYyNFVfQzltWnQ1dmZHMkZJR3laTmVNMzlrX054S2JpSnFkdnZSTnNFT2hlc1EwaXl4UW5SWXFXOUxXbGxGVEJHUnhhdE9ySHVTTFBoVVRsbA?oc=5\" target=\"_blank\" rel=\"noopener\">\u00ab\u00a0Des files d&rsquo;attente pour l&rsquo;essence, pour le pain, pour tout\u00a0\u00bb: les p\u00e9nuries s&rsquo;aggravent en Bolivie \u00e0 l&rsquo;approche de l&rsquo;\u00e9lection pr\u00e9sidentielle<\/a>&nbsp;&nbsp;BFMTV<\/li>\n<li><a href=\"https:\/\/news.google.com\/rss\/articles\/CBMizgFBVV95cUxOLWFNUm53Xzl5UnpGUFdtZjYxTDJhLWtpbDduRDdwZTR4ODZxRXpqeWp4UDFQNUU5czB1a1B0YUFpX2RkWUhlV1RFc1lEMUxMbEowUkxjTVhzTlZNSFNzWUF0X3hLblVWY1FKVVhuWWtwa1VxNTlkLVhQNFlNLVd3X1ZRLUwzcGktZmxiYlVIb2ZVUHhtUnJUMFltSkVqb3FDOUU3ejRFc0o0MFRVNjZHWEZKbklMRHBLR2lYWXRUeGtIN0x3Y25jcGN3MlhLZw?oc=5\" target=\"_blank\" rel=\"noopener\">La Bolivie tournera-t-elle la page d\u2019Evo Morales ? 6 points sur les \u00e9lections pr\u00e9sidentielles<\/a>&nbsp;&nbsp;Le Grand Continent<\/li>\n<li><a href=\"https:\/\/news.google.com\/rss\/articles\/CBMiuwFBVV95cUxNVjNwSmRIWUhsT1ViRUJTV3FMSGY3UkI4czVhUTMwYUdLb0FSZ3F4ZzI1aG5QVjdYRHBaakhsR1BGVTJEdXVDR1FkY3h1OTJhRXhHWl9lMmhQRVVFX3lrY0d4dEdlbXJKN3pseDhlY0hMdUYtTnhtNGRJS3VIZmt6Q1dxVW1pckVvQjVBMGlCY2pGaC1ibWQtQ2dEREZicHViOVNZb0pxeU1hOVk3emcxU2o2dGlEUkRTWTk0?oc=5\" target=\"_blank\" rel=\"noopener\">Apr\u00e8s l\u2019apog\u00e9e, l\u2019\u00e9puisement des gauches latino-am\u00e9ricaines<\/a>&nbsp;&nbsp;Courrier international<\/li>\n<\/ol>\n","protected":false},"excerpt":{"rendered":"En Am\u00e9rique du Sud, les prochaines \u00e9lections pourraient faire vaciller les gouvernements de gauche&nbsp;&nbsp;Lib\u00e9ration Pr\u00e9sidentielle en Bolivie, un&hellip;\n","protected":false},"author":2,"featured_media":324058,"comment_status":"","ping_status":"","sticky":false,"template":"","format":"standard","meta":{"footnotes":""},"categories":[5],"tags":[11,17314,40896,1076,1011,27,14,12,10227,28],"class_list":{"0":"post-324057","1":"post","2":"type-post","3":"status-publish","4":"format-standard","5":"has-post-thumbnail","7":"category-international","8":"tag-actualites","9":"tag-bolivie","10":"tag-chili","11":"tag-extreme-droite","12":"tag-fr","13":"tag-france","14":"tag-international","15":"tag-news","16":"tag-perou","17":"tag-world"},"share_on_mastodon":{"url":"https:\/\/pubeurope.com\/@fr\/115041864529151965","error":""},"_links":{"self":[{"href":"https:\/\/www.europesays.com\/fr\/wp-json\/wp\/v2\/posts\/324057","targetHints":{"allow":["GET"]}}],"collection":[{"href":"https:\/\/www.europesays.com\/fr\/wp-json\/wp\/v2\/posts"}],"about":[{"href":"https:\/\/www.europesays.com\/fr\/wp-json\/wp\/v2\/types\/post"}],"author":[{"embeddable":true,"href":"https:\/\/www.europesays.com\/fr\/wp-json\/wp\/v2\/users\/2"}],"replies":[{"embeddable":true,"href":"https:\/\/www.europesays.com\/fr\/wp-json\/wp\/v2\/comments?post=324057"}],"version-history":[{"count":0,"href":"https:\/\/www.europesays.com\/fr\/wp-json\/wp\/v2\/posts\/324057\/revisions"}],"wp:featuredmedia":[{"embeddable":true,"href":"https:\/\/www.europesays.com\/fr\/wp-json\/wp\/v2\/media\/324058"}],"wp:attachment":[{"href":"https:\/\/www.europesays.com\/fr\/wp-json\/wp\/v2\/media?parent=324057"}],"wp:term":[{"taxonomy":"category","embeddable":true,"href":"https:\/\/www.europesays.com\/fr\/wp-json\/wp\/v2\/categories?post=324057"},{"taxonomy":"post_tag","embeddable":true,"href":"https:\/\/www.europesays.com\/fr\/wp-json\/wp\/v2\/tags?post=324057"}],"curies":[{"name":"wp","href":"https:\/\/api.w.org\/{rel}","templated":true}]}}