{"id":324067,"date":"2025-08-17T03:10:17","date_gmt":"2025-08-17T03:10:17","guid":{"rendered":"https:\/\/www.europesays.com\/fr\/324067\/"},"modified":"2025-08-17T03:10:17","modified_gmt":"2025-08-17T03:10:17","slug":"pronostic-le-mans-fc-montpellier-ligue-2","status":"publish","type":"post","link":"https:\/\/www.europesays.com\/fr\/324067\/","title":{"rendered":"Pronostic Le Mans FC Montpellier &#8211; Ligue 2"},"content":{"rendered":"<p class=\"text-xs leading-5 text-gray-400 mb-2\">\n                        Publi\u00e9 le 16\/08\/2025 13:45<br \/>\n                        \u00a0par<br \/>\n                                                            <a href=\"https:\/\/www.sportytrader.com\/auteur\/steeven-occhipinti-1\/\" target=\"_blank\" rel=\"noopener\">Steeven Occhipinti<\/a><\/p>\n<p>                                                                                                            dans<br \/>\n                                <a data-trans=\"tips.published.competition %competition%\" href=\"https:\/\/www.sportytrader.com\/pronostics\/football\/france\/ligue-2-124\/\" target=\"_blank\" rel=\"noopener\"><br \/>\n                                    Pronostic Ligue 2<br \/>\n                                <\/a><\/p>\n<p style=\"text-align: justify;\">La derni\u00e8re affiche de la 2e journ\u00e9e de la Ligue 2 oppose le Mans FC au Montpellier HSC, ce lundi \u00e0 20h45 au\u00a0Stade Marie-Marvingt. Les locaux sont parvenus \u00e0 retrouver la deuxi\u00e8me division tricolore en terminant \u00e0 la 2e place de la derni\u00e8re \u00e9dition de National 1. Le club manceau d\u00e9barque avec de grandes ambitions pour ce nouvel exercice, alors qu&rsquo;il n&rsquo;a perdu aucune de ses 5 rencontres de pr\u00e9paration. L&rsquo;\u00e9quipe entra\u00een\u00e9e par\u00a0Patrick Videira a montr\u00e9 un joli visage pour son entr\u00e9e en lice en Ligue 2, en accrochant l&rsquo;EA Guingamp (3-3). Elle est d&rsquo;ailleurs parvenue \u00e0 arracher l&rsquo;\u00e9galisation dans les ultimes instants.<\/p>\n<p style=\"text-align: justify;\">Le Montpellier HSC sort d&rsquo;un exercice bien plus compliqu\u00e9. Il a compris tr\u00e8s t\u00f4t qu&rsquo;il n&rsquo;allait pas rester en Ligue 1, puisqu&rsquo;il a encha\u00een\u00e9 les mauvais r\u00e9sultats. Le club h\u00e9raultais compte bien revenir rapidement dans l&rsquo;\u00e9lite du football tricolore et a engrang\u00e9 de la confiance durant l&rsquo;\u00e9t\u00e9, en remportant 4 de ses 5 rencontres de pr\u00e9paration. Les hommes de Zoumana Camara n&rsquo;ont cependant pas su poursuivre pour leurs d\u00e9buts en Ligue 2. Ils ont d\u00fb se contenter d&rsquo;un score de parit\u00e9 lors de la r\u00e9ception du Red Star (1-1). Il ne sera pas simple de d\u00e9bloquer leur compteur de succ\u00e8s pour ce d\u00e9placement au Mans.<\/p>\n","protected":false},"excerpt":{"rendered":"Publi\u00e9 le 16\/08\/2025 13:45 \u00a0par Steeven Occhipinti dans Pronostic Ligue 2 La derni\u00e8re affiche de la 2e journ\u00e9e&hellip;\n","protected":false},"author":2,"featured_media":324068,"comment_status":"","ping_status":"","sticky":false,"template":"","format":"standard","meta":{"footnotes":""},"categories":[9599],"tags":[1111,11,1777,674,1011,27,40797,446,2208,12,2680,1817,1821,25],"class_list":{"0":"post-324067","1":"post","2":"type-post","3":"status-publish","4":"format-standard","5":"has-post-thumbnail","7":"category-montpellier","8":"tag-actu","9":"tag-actualites","10":"tag-eu","11":"tag-europe","12":"tag-fr","13":"tag-france","14":"tag-le-mans-fc","15":"tag-ligue-2","16":"tag-montpellier","17":"tag-news","18":"tag-occitanie","19":"tag-pronostic","20":"tag-pronostics","21":"tag-republique-francaise"},"share_on_mastodon":{"url":"https:\/\/pubeurope.com\/@fr\/115041915595316392","error":""},"_links":{"self":[{"href":"https:\/\/www.europesays.com\/fr\/wp-json\/wp\/v2\/posts\/324067","targetHints":{"allow":["GET"]}}],"collection":[{"href":"https:\/\/www.europesays.com\/fr\/wp-json\/wp\/v2\/posts"}],"about":[{"href":"https:\/\/www.europesays.com\/fr\/wp-json\/wp\/v2\/types\/post"}],"author":[{"embeddable":true,"href":"https:\/\/www.europesays.com\/fr\/wp-json\/wp\/v2\/users\/2"}],"replies":[{"embeddable":true,"href":"https:\/\/www.europesays.com\/fr\/wp-json\/wp\/v2\/comments?post=324067"}],"version-history":[{"count":0,"href":"https:\/\/www.europesays.com\/fr\/wp-json\/wp\/v2\/posts\/324067\/revisions"}],"wp:featuredmedia":[{"embeddable":true,"href":"https:\/\/www.europesays.com\/fr\/wp-json\/wp\/v2\/media\/324068"}],"wp:attachment":[{"href":"https:\/\/www.europesays.com\/fr\/wp-json\/wp\/v2\/media?parent=324067"}],"wp:term":[{"taxonomy":"category","embeddable":true,"href":"https:\/\/www.europesays.com\/fr\/wp-json\/wp\/v2\/categories?post=324067"},{"taxonomy":"post_tag","embeddable":true,"href":"https:\/\/www.europesays.com\/fr\/wp-json\/wp\/v2\/tags?post=324067"}],"curies":[{"name":"wp","href":"https:\/\/api.w.org\/{rel}","templated":true}]}}