{"id":324069,"date":"2025-08-17T03:16:38","date_gmt":"2025-08-17T03:16:38","guid":{"rendered":"https:\/\/www.europesays.com\/fr\/324069\/"},"modified":"2025-08-17T03:16:38","modified_gmt":"2025-08-17T03:16:38","slug":"pro-d2-a-quelle-heure-et-sur-quelle-chaine-tv-suivre-grenoble","status":"publish","type":"post","link":"https:\/\/www.europesays.com\/fr\/324069\/","title":{"rendered":"Pro D2: \u00e0 quelle heure et sur quelle cha\u00eene TV suivre Grenoble"},"content":{"rendered":"<p>Grenoble \u2013 Aurillac s\u2019affronteront ce vendredi au Stade des Alpes Grenoble pour le compte de la 20e-journee du championnat Pro D2.<\/p>\n<p>Grenoble, actuellement 1\u1d49 au classement, sort d\u2019une s\u00e9rie avec deux victoires cons\u00e9cutives lors de ses deux derniers matchs. De son c\u00f4t\u00e9, Aurillac, 13\u1d49, arrive apr\u00e8s une victoire et une d\u00e9faite. La rencontre sera arbitr\u00e9e par Aur\u00e9lie Groizeleau.<\/p>\n<p class=\"lien-interne-conseil\"><strong>\u00c0 lire aussi<\/strong> | <a href=\"https:\/\/vibrez-rugby.com\/nevers-aurillac-une-victoire-arrachee-dans-les-dernieres-secondes\/\" rel=\"nofollow noopener\" target=\"_blank\">Nevers Aurillac : une victoire arrach\u00e9e dans les derni\u00e8res secondes<\/a><\/p>\n<p>A quelle heure et sur quelle cha\u00eene suivre Grenoble \u2013 Aurillac ?<\/p>\n<p>Le coup d\u2019envoi pr\u00e9vu \u00e0 19H30. Les supporters pourront suivre cette rencontre palpitante en direct sur Canal + Live 4, ou encore en direct \u00e0 la radio et\/ou en score live sur Vibrez Rugby.<\/p>\n<p><a href=\"https:\/\/vibrez-rugby.com\/application-rugby\/\" rel=\"nofollow noopener\" target=\"_blank\"><img loading=\"lazy\" decoding=\"async\" width=\"1024\" height=\"131\" src=\"https:\/\/www.europesays.com\/fr\/wp-content\/uploads\/2025\/08\/CS-application-1024x131.jpg\" alt=\"\" class=\"wp-image-309550\" style=\"width:720px;height:auto\"  \/><\/a>live en direct<img decoding=\"async\" src=\"\" alt=\"\" class=\"custom-emblem custom-emblem-local\"\/><img decoding=\"async\" src=\"\" alt=\"\" class=\"custom-emblem custom-emblem-visitor\"\/><\/p>\n<p>\u00c9couter la Radio<\/p>\n<\/p>\n<p>Actions<\/p>\n<p>Composition<\/p>\n<p>Le Face \u00e0 Face<\/p>\n<tr>\u00c9quipe Locale\u00c9quipe Visiteuse<\/tr>\n<p>\u00d7<img decoding=\"async\" class=\"radio-logo\" src=\"\" alt=\"Radio Logo\"\/>Sud RadioVotre navigateur ne supporte pas l\u2019\u00e9l\u00e9ment audio.<\/p>\n<p>Suivez le match <strong>live en direct<\/strong> sur Vibrez Rugby. Acc\u00e9dez \u00e0 notre radio live ou \u00e0 notre score comment\u00e9 en temps r\u00e9el pour ne rien manquer de l\u2019action.<\/p>\n<p>Comment suivre live en direct ?<\/p>\n<p>Plusieurs options s\u2019offrent \u00e0 vous pour vivre cette rencontre comme si vous y \u00e9tiez. Choisissez celle qui vous convient le mieux en fonction de votre situation.<\/p>\n<p>\u00c0 la radio ou en score live comment\u00e9<\/p>\n<p>Si vous ne pouvez pas regarder le match, \u00e9coutez <strong>live en direct<\/strong> \u00e0 la radio ou suivez notre score live. Chaque action cl\u00e9, essai, p\u00e9nalit\u00e9 et carton est mis \u00e0 jour instantan\u00e9ment pour vous offrir une exp\u00e9rience immersive.<\/p>\n<p>Sur quelle cha\u00eene TV ?<\/p>\n<p>Pour conna\u00eetre l\u2019heure et la cha\u00eene de diffusion TV de <strong>live en direct<\/strong>, consultez notre programme TV complet, mis \u00e0 jour quotidiennement avec les informations des diffuseurs officiels (Top 14, <a href=\"https:\/\/vibrez-rugby.com\/rugby\/pro-d2\/\" rel=\"nofollow noopener\" target=\"_blank\">Pro D2<\/a>, Coupe d\u2019Europe, etc.).<\/p>\n<p>Vibrez Rugby : Votre r\u00e9f\u00e9rence pour le rugby en direct<\/p>\n<p>Notre plateforme vous donne acc\u00e8s \u00e0 un large \u00e9ventail de comp\u00e9titions, chaque week-end. Plongez au c\u0153ur de l\u2019action en un seul clic !<\/p>\n<p>Toutes vos comp\u00e9titions pr\u00e9f\u00e9r\u00e9es<\/p>\n<ul>\n<li>XV de France (Masculin, F\u00e9minin, U20)<\/li>\n<li>Coupes d\u2019Europe<\/li>\n<li>Top 14, Pro D2, Nationale, et F\u00e9d\u00e9rales 1 \u00e0 3<\/li>\n<li>Rugby \u00e0 7 (Sevens), \u00c9lite 1 et 2<\/li>\n<\/ul>\n<p><strong>Ne ratez rien de live en direct :<\/strong> suivez le score en live, \u00e9coutez le match \u00e0 la radio et vibrez au rythme des plus grandes rencontres de rugby.<\/p>\n<p>1<\/p>\n","protected":false},"excerpt":{"rendered":"Grenoble \u2013 Aurillac s\u2019affronteront ce vendredi au Stade des Alpes Grenoble pour le compte de la 20e-journee du&hellip;\n","protected":false},"author":2,"featured_media":324070,"comment_status":"","ping_status":"","sticky":false,"template":"","format":"standard","meta":{"footnotes":""},"categories":[9566],"tags":[1111,11,2430,1777,674,1011,27,2731,12,25],"class_list":{"0":"post-324069","1":"post","2":"type-post","3":"status-publish","4":"format-standard","5":"has-post-thumbnail","7":"category-grenoble","8":"tag-actu","9":"tag-actualites","10":"tag-auvergne-rhone-alpes","11":"tag-eu","12":"tag-europe","13":"tag-fr","14":"tag-france","15":"tag-grenoble","16":"tag-news","17":"tag-republique-francaise"},"share_on_mastodon":{"url":"https:\/\/pubeurope.com\/@fr\/115041939459147800","error":""},"_links":{"self":[{"href":"https:\/\/www.europesays.com\/fr\/wp-json\/wp\/v2\/posts\/324069","targetHints":{"allow":["GET"]}}],"collection":[{"href":"https:\/\/www.europesays.com\/fr\/wp-json\/wp\/v2\/posts"}],"about":[{"href":"https:\/\/www.europesays.com\/fr\/wp-json\/wp\/v2\/types\/post"}],"author":[{"embeddable":true,"href":"https:\/\/www.europesays.com\/fr\/wp-json\/wp\/v2\/users\/2"}],"replies":[{"embeddable":true,"href":"https:\/\/www.europesays.com\/fr\/wp-json\/wp\/v2\/comments?post=324069"}],"version-history":[{"count":0,"href":"https:\/\/www.europesays.com\/fr\/wp-json\/wp\/v2\/posts\/324069\/revisions"}],"wp:featuredmedia":[{"embeddable":true,"href":"https:\/\/www.europesays.com\/fr\/wp-json\/wp\/v2\/media\/324070"}],"wp:attachment":[{"href":"https:\/\/www.europesays.com\/fr\/wp-json\/wp\/v2\/media?parent=324069"}],"wp:term":[{"taxonomy":"category","embeddable":true,"href":"https:\/\/www.europesays.com\/fr\/wp-json\/wp\/v2\/categories?post=324069"},{"taxonomy":"post_tag","embeddable":true,"href":"https:\/\/www.europesays.com\/fr\/wp-json\/wp\/v2\/tags?post=324069"}],"curies":[{"name":"wp","href":"https:\/\/api.w.org\/{rel}","templated":true}]}}