{"id":324071,"date":"2025-08-17T03:18:30","date_gmt":"2025-08-17T03:18:30","guid":{"rendered":"https:\/\/www.europesays.com\/fr\/324071\/"},"modified":"2025-08-17T03:18:30","modified_gmt":"2025-08-17T03:18:30","slug":"ex-fc-nantes-ludovic-blas-offre-la-victoire-a-rennes-dans-le-temps-additionnel-face-a-lom-1-0","status":"publish","type":"post","link":"https:\/\/www.europesays.com\/fr\/324071\/","title":{"rendered":"Ex-FC Nantes. Ludovic Blas offre la victoire \u00e0 Rennes dans le temps additionnel face \u00e0 l\u2019OM (1-0)"},"content":{"rendered":"<p>L\u2019ancien Canari, Ludovic Blas, a offert la victoire \u00e0 Rennes dans le temps additionnel, r\u00e9compensant un match courageux des Rouges et Noirs..<\/p>\n<p data-start=\"87\" data-end=\"340\">Le championnat de France de Ligue 1 a repris ce vendredi avec, comme premi\u00e8re affiche, un tr\u00e8s all\u00e9chant <a href=\"https:\/\/www.flashscore.fr\/match\/football\/ELNbaiUj\/#\/resume-du-match\/resume-du-match\" target=\"_blank\" rel=\"noopener nofollow\">Rennes \u2013 OM<\/a>. R\u00e9duits \u00e0 dix pendant plus d\u2019une heure, <strong>ce sont finalement les Rennais qui s\u2019imposent gr\u00e2ce \u00e0 un but de l\u2019ancien Canari Ludovic Blas.<\/strong><\/p>\n<p>Un sc\u00e9nario tr\u00e8s compliqu\u00e9 pour les Rennais<\/p>\n<p data-start=\"393\" data-end=\"1011\">Pour les premi\u00e8res titularisations sous leurs nouvelles couleurs de <a href=\"https:\/\/tribunenantaise.fr\/actus-fcnantes\/avoir-joue-a-nantes-ce-netait-pas-un-frein-quentin-merlin-sur-sa-signature-au-stade-rennais\/\" target=\"_blank\" rel=\"noopener nofollow\">Quentin Merlin<\/a> et <a href=\"https:\/\/tribunenantaise.fr\/actus-fcnantes\/cest-ma-carriere-et-je-la-gere-comme-je-lentends-valentin-rongier-sur-sa-signature-a-rennes\/\" target=\"_blank\" rel=\"noopener nofollow\">Valentin Rongier<\/a>, le match a particuli\u00e8rement mal d\u00e9but\u00e9 pour les Rennais. En effet, <strong>d\u00e8s la demi-heure de jeu, ils se sont vus r\u00e9duits \u00e0 dix avec l\u2019expulsion d\u2019A\u00eft Boudlal<\/strong>, ce qui a consid\u00e9rablement compliqu\u00e9 les choses. Mais cette expulsion n\u2019a pas pour autant d\u00e9courag\u00e9 les hommes d\u2019Habib Beye. Au contraire, les Rouge et Noir ont fait preuve d\u2019\u00e9norm\u00e9ment d\u2019abn\u00e9gation et de bravoure pour contenir et neutraliser les offensives marseillaises, tout en apportant le danger sur des contres \u00e9clairs d\u00e8s qu\u2019ils en avaient l\u2019occasion.<\/p>\n<p>Ludovic Blas lib\u00e8re les Rouge et Noir dans les arr\u00eats de jeu<\/p>\n<p data-start=\"1081\" data-end=\"1556\">Les Marseillais ne parvenant pas \u00e0 trouver la faille, ce qui devait arriver arriva. La d\u00e9fense de l\u2019OM, toujours tr\u00e8s haute, est prise de vitesse par le d\u00e9part de Ludovic Blas \u00e0 la limite du hors-jeu. Bien servi par une magifique passe de Quentin Merlin, il se retrouve seul en duel avec Rulli. <strong>L\u2019ancien Canari, entr\u00e9 en jeu seulement quelques minutes plus t\u00f4t (85e), ne manque pas sa frappe et trompe le portier marseillais pour d\u00e9livrer et r\u00e9compenser le Stade Rennais dans les arr\u00eats de jeu de cette seconde mi-temps (90+1).<\/strong><\/p>\n<p data-start=\"1558\" data-end=\"1794\">Un match d\u2019ouverture de cette nouvelle saison 2025-2026 qui, malgr\u00e9 le faible nombre de buts, aura offert un sc\u00e9nario haletant et nous rend encore plus impatients de suivre le <strong>match de nos Canaris, pr\u00e9vu ce dimanche face au PSG \u00e0 21h.<\/strong><\/p>\n","protected":false},"excerpt":{"rendered":"L\u2019ancien Canari, Ludovic Blas, a offert la victoire \u00e0 Rennes dans le temps additionnel, r\u00e9compensant un match courageux&hellip;\n","protected":false},"author":2,"featured_media":324072,"comment_status":"","ping_status":"","sticky":false,"template":"","format":"standard","meta":{"footnotes":""},"categories":[2821],"tags":[1111,11,829,1777,674,1011,27,12,584,25],"class_list":{"0":"post-324071","1":"post","2":"type-post","3":"status-publish","4":"format-standard","5":"has-post-thumbnail","7":"category-rennes","8":"tag-actu","9":"tag-actualites","10":"tag-bretagne","11":"tag-eu","12":"tag-europe","13":"tag-fr","14":"tag-france","15":"tag-news","16":"tag-rennes","17":"tag-republique-francaise"},"share_on_mastodon":{"url":"https:\/\/pubeurope.com\/@fr\/115041947009476373","error":""},"_links":{"self":[{"href":"https:\/\/www.europesays.com\/fr\/wp-json\/wp\/v2\/posts\/324071","targetHints":{"allow":["GET"]}}],"collection":[{"href":"https:\/\/www.europesays.com\/fr\/wp-json\/wp\/v2\/posts"}],"about":[{"href":"https:\/\/www.europesays.com\/fr\/wp-json\/wp\/v2\/types\/post"}],"author":[{"embeddable":true,"href":"https:\/\/www.europesays.com\/fr\/wp-json\/wp\/v2\/users\/2"}],"replies":[{"embeddable":true,"href":"https:\/\/www.europesays.com\/fr\/wp-json\/wp\/v2\/comments?post=324071"}],"version-history":[{"count":0,"href":"https:\/\/www.europesays.com\/fr\/wp-json\/wp\/v2\/posts\/324071\/revisions"}],"wp:featuredmedia":[{"embeddable":true,"href":"https:\/\/www.europesays.com\/fr\/wp-json\/wp\/v2\/media\/324072"}],"wp:attachment":[{"href":"https:\/\/www.europesays.com\/fr\/wp-json\/wp\/v2\/media?parent=324071"}],"wp:term":[{"taxonomy":"category","embeddable":true,"href":"https:\/\/www.europesays.com\/fr\/wp-json\/wp\/v2\/categories?post=324071"},{"taxonomy":"post_tag","embeddable":true,"href":"https:\/\/www.europesays.com\/fr\/wp-json\/wp\/v2\/tags?post=324071"}],"curies":[{"name":"wp","href":"https:\/\/api.w.org\/{rel}","templated":true}]}}