{"id":324086,"date":"2025-08-17T03:39:11","date_gmt":"2025-08-17T03:39:11","guid":{"rendered":"https:\/\/www.europesays.com\/fr\/324086\/"},"modified":"2025-08-17T03:39:11","modified_gmt":"2025-08-17T03:39:11","slug":"marseille-reconstruction-professionnelle-des-personnes-handicapees-suite-a-un-accident-de-la-vie","status":"publish","type":"post","link":"https:\/\/www.europesays.com\/fr\/324086\/","title":{"rendered":"MARSEILLE : Reconstruction professionnelle des personnes handicap\u00e9es suite \u00e0 un accident de la vie"},"content":{"rendered":"<p><strong>Le Programme Employabilit\u00e9 permet de r\u00e9aliser l\u2019accompagnement socioprofessionnel global et l\u2019orientation vers l\u2019emploi de personnes handicap\u00e9es \u00e0 la suite d\u2019un accident de la vie.<\/strong><\/p>\n<p>David GALTIER, Conseiller r\u00e9gional, repr\u00e9sentant Renaud MUSELIER, Pr\u00e9sident de la R\u00e9gion Provence-Alpes-C\u00f4te d\u2019Azur, a remis les troph\u00e9es aux laur\u00e9ats de la 3\u00e8me \u00e9dition du Concours \u00ab Les Etoiles de l\u2019Europe en R\u00e9gion Sud \u00bb qui valorisent les initiatives exemplaires financ\u00e9es par les fonds europ\u00e9ens.<\/p>\n<p>Ces troph\u00e9es distinguent des acteurs engag\u00e9s, chercheurs, entrepreneurs, collectivit\u00e9s ou associations, qui, par leurs initiatives, font le pari de l\u2019Europe et en deviennent les ambassadeurs du quotidien sur l\u2019ensemble du territoire r\u00e9gional. La R\u00e9gion Provence-Alpes-C\u00f4te d\u2019Azur illustre un savoir-faire exemplaire et se place dans le top 10 des R\u00e9gions europ\u00e9ennes pour la consommation des fonds europ\u00e9ens. Pour la p\u00e9riode 2021-2027, l\u2019objectif est d\u2019atteindre\u00a0<strong>10 milliards d\u2019\u20ac<\/strong>\u00a0de captation.<\/p>\n<p>Le programme inclut un volet \u00ab Employabilit\u00e9 \u00bb pour accompagner les b\u00e9n\u00e9ficiaires handicap\u00e9s trop souvent confront\u00e9s \u00e0 des discriminations et \u00e0 un march\u00e9 de l\u2019emploi difficile. Le handicap cons\u00e9cutif \u00e0 un accident provoque une profonde rupture dans la vie et n\u00e9cessite une reconstruction globale (physique, psychique, sociale et professionnelle). L\u2019association Comme les Autres accompagne les personnes devenues handicap\u00e9es moteur apr\u00e8s un accident, en leur proposant un accompagnement social innovant.<\/p>\n<p><strong>R\u00e9alisations concr\u00e8tes<\/strong><br \/>\u2013 15 personnes ont \u00e9t\u00e9 accompagn\u00e9es sur des ateliers individuels et collectifs.<br \/>\u2013 40 activit\u00e9s ont \u00e9t\u00e9 organis\u00e9es pour lever les freins p\u00e9riph\u00e9riques au retour \u00e0 l\u2019emploi.<br \/>\u2013 12 personnes ont une orientation positive vers l\u2019emploi.<\/p>\n<p><strong>Fiche d\u2019identit\u00e9 du projet<\/strong><br \/>\u2013 Programme : Programme r\u00e9gional FSE<br \/>\u2013 B\u00e9n\u00e9ficiaire : Comme les Autres<br \/>\u2013 Lieu : R\u00e9gion Sud<br \/>\u2013 Co\u00fbt total : 175 571 \u20ac<br \/>\u2013 Montant du financement europ\u00e9en : 81 933 \u20ac<br \/>\u2013 Contact : Marie SALOM\u00c9, Responsable M\u00e9c\u00e9nat et Partenariats,\u00a0<a href=\"https:\/\/presseagence.fr\/marseille-reconstruction-professionnelle-des-personnes-handicapees-suite-a-un-accident-de-la-vie\/mailto:smarie@commelesautres.org\" target=\"_blank\" rel=\"noopener nofollow\">smarie@commelesautres.org<\/a>\u00a0\u2013 07 64 88 54 27<\/p>\n<p><strong>En savoir plus sur le projet<\/strong><br \/>\u2013\u00a0<a href=\"https:\/\/www.commelesautres.org\/\" target=\"_blank\" rel=\"noopener nofollow\" data-saferedirecturl=\"https:\/\/www.google.com\/url?q=https:\/\/www.commelesautres.org\/&amp;source=gmail&amp;ust=1754917596351000&amp;usg=AOvVaw1lLdawnHw5bMB_SxcKIs5V\">Comme les Autres<\/a><br \/>\u2013\u00a0<a href=\"https:\/\/www.commelesautres.org\/\" target=\"_blank\" rel=\"noopener nofollow\" data-saferedirecturl=\"https:\/\/www.google.com\/url?q=https:\/\/www.commelesautres.org\/&amp;source=gmail&amp;ust=1754917596351000&amp;usg=AOvVaw1lLdawnHw5bMB_SxcKIs5V\">Visionnez le projet en images<\/a><\/p>\n<p>Source : Les Etoiles de l\u2019Europe en R\u00e9gion Sud.<\/p>\n","protected":false},"excerpt":{"rendered":"Le Programme Employabilit\u00e9 permet de r\u00e9aliser l\u2019accompagnement socioprofessionnel global et l\u2019orientation vers l\u2019emploi de personnes handicap\u00e9es \u00e0 la&hellip;\n","protected":false},"author":2,"featured_media":310607,"comment_status":"","ping_status":"","sticky":false,"template":"","format":"standard","meta":{"footnotes":""},"categories":[2814],"tags":[1111,11,1777,674,1011,27,884,12,882,25],"class_list":{"0":"post-324086","1":"post","2":"type-post","3":"status-publish","4":"format-standard","5":"has-post-thumbnail","7":"category-marseille","8":"tag-actu","9":"tag-actualites","10":"tag-eu","11":"tag-europe","12":"tag-fr","13":"tag-france","14":"tag-marseille","15":"tag-news","16":"tag-provence-alpes-cote-dazur","17":"tag-republique-francaise"},"share_on_mastodon":{"url":"https:\/\/pubeurope.com\/@fr\/115042029840553065","error":""},"_links":{"self":[{"href":"https:\/\/www.europesays.com\/fr\/wp-json\/wp\/v2\/posts\/324086","targetHints":{"allow":["GET"]}}],"collection":[{"href":"https:\/\/www.europesays.com\/fr\/wp-json\/wp\/v2\/posts"}],"about":[{"href":"https:\/\/www.europesays.com\/fr\/wp-json\/wp\/v2\/types\/post"}],"author":[{"embeddable":true,"href":"https:\/\/www.europesays.com\/fr\/wp-json\/wp\/v2\/users\/2"}],"replies":[{"embeddable":true,"href":"https:\/\/www.europesays.com\/fr\/wp-json\/wp\/v2\/comments?post=324086"}],"version-history":[{"count":0,"href":"https:\/\/www.europesays.com\/fr\/wp-json\/wp\/v2\/posts\/324086\/revisions"}],"wp:featuredmedia":[{"embeddable":true,"href":"https:\/\/www.europesays.com\/fr\/wp-json\/wp\/v2\/media\/310607"}],"wp:attachment":[{"href":"https:\/\/www.europesays.com\/fr\/wp-json\/wp\/v2\/media?parent=324086"}],"wp:term":[{"taxonomy":"category","embeddable":true,"href":"https:\/\/www.europesays.com\/fr\/wp-json\/wp\/v2\/categories?post=324086"},{"taxonomy":"post_tag","embeddable":true,"href":"https:\/\/www.europesays.com\/fr\/wp-json\/wp\/v2\/tags?post=324086"}],"curies":[{"name":"wp","href":"https:\/\/api.w.org\/{rel}","templated":true}]}}