{"id":324087,"date":"2025-08-17T03:40:17","date_gmt":"2025-08-17T03:40:17","guid":{"rendered":"https:\/\/www.europesays.com\/fr\/324087\/"},"modified":"2025-08-17T03:40:17","modified_gmt":"2025-08-17T03:40:17","slug":"quelles-solutions-en-toute-humilite-pour-faire-sauter-le-bouchon","status":"publish","type":"post","link":"https:\/\/www.europesays.com\/fr\/324087\/","title":{"rendered":"quelles solutions (en toute humilit\u00e9) pour faire sauter le bouchon\u00a0?"},"content":{"rendered":"<p>                            Instaurer un p\u00e9age \u00e0 l\u2019entr\u00e9e du tunnel<\/p>\n<p>Faire payer les v\u00e9hicules qui ne font que transiter gr\u00e2ce \u00e0 un syst\u00e8me de lecture automatique des plaques d\u2019immatriculation (Lapi), <a href=\"https:\/\/www.leprogres.fr\/p\/gerard-collomb\" target=\"_blank\" rel=\"noopener\">G\u00e9rard Collomb<\/a> y \u00e9tait un temps favorable. En 2018, en pleine jacquerie des Gilets Jaunes, la ministre des Transports en exclut au risque \u00ab\u00a0d\u2019accentuer les fractures entre territoires\u00a0\u00bb. En 2019, sept d\u00e9put\u00e9s LREM du Rh\u00f4ne (Anissa Khedher, Yves Blein, <a href=\"https:\/\/www.leprogres.fr\/p\/anne-brugnera\" target=\"_blank\" rel=\"noopener\">Anne Brugnera<\/a>, Jean-Louis Touraine, <a href=\"https:\/\/www.leprogres.fr\/p\/thomas-rudigoz\" target=\"_blank\" rel=\"noopener\">Thomas Rudigoz<\/a>, <a href=\"https:\/\/www.leprogres.fr\/p\/hubert-julien-laferriere\" target=\"_blank\" rel=\"noopener\">Hubert Julien-Laferri\u00e8re<\/a> et <a href=\"https:\/\/www.leprogres.fr\/p\/jean-luc-fugit\" target=\"_blank\" rel=\"noopener\">Jean-Luc Fugit<\/a>) d\u00e9posent un amendement pour inclure le p\u00e9age de transit \u00e0 la loi Lom \u00e9voquant des tarifs de 6\u00a0\u20ac pour les v\u00e9hicules l\u00e9gers et 20\u00a0\u20ac pour les camions. Amendement rejet\u00e9.<\/p>\n<p>Boucler le p\u00e9riph\u00e9rique<\/p>\n<p>Le p\u00e9riph\u00e9rique, \u00e0 l\u2019Est (boulevard Laurent-Bonnevay) n\u2019a pas son pendant \u00e0 l\u2019Ouest pour compl\u00e9ter le \u00ab\u00a0ring\u00a0\u00bb. Pens\u00e9 d\u00e8s 1969, ce tron\u00e7on, rebaptis\u00e9 sur&#8230;<\/p>\n","protected":false},"excerpt":{"rendered":"Instaurer un p\u00e9age \u00e0 l\u2019entr\u00e9e du tunnel Faire payer les v\u00e9hicules qui ne font que transiter gr\u00e2ce \u00e0&hellip;\n","protected":false},"author":2,"featured_media":324088,"comment_status":"","ping_status":"","sticky":false,"template":"","format":"standard","meta":{"footnotes":""},"categories":[1889],"tags":[1111,11,2430,3542,2757,3153,3154,1777,674,107,1011,27,2428,2756,12,25,2429,3151,2803],"class_list":{"0":"post-324087","1":"post","2":"type-post","3":"status-publish","4":"format-standard","5":"has-post-thumbnail","7":"category-lyon","8":"tag-actu","9":"tag-actualites","10":"tag-auvergne-rhone-alpes","11":"tag-circulation","12":"tag-edition-lyon-villeurbanne","13":"tag-edition-ouest-lyonnais","14":"tag-edition-sud-lyonnais","15":"tag-eu","16":"tag-europe","17":"tag-fil-info","18":"tag-fr","19":"tag-france","20":"tag-lyon","21":"tag-lyon-bassin","22":"tag-news","23":"tag-republique-francaise","24":"tag-rhone","25":"tag-selection-de-la-redaction-69","26":"tag-transport"},"share_on_mastodon":{"url":"https:\/\/pubeurope.com\/@fr\/115042033600505005","error":""},"_links":{"self":[{"href":"https:\/\/www.europesays.com\/fr\/wp-json\/wp\/v2\/posts\/324087","targetHints":{"allow":["GET"]}}],"collection":[{"href":"https:\/\/www.europesays.com\/fr\/wp-json\/wp\/v2\/posts"}],"about":[{"href":"https:\/\/www.europesays.com\/fr\/wp-json\/wp\/v2\/types\/post"}],"author":[{"embeddable":true,"href":"https:\/\/www.europesays.com\/fr\/wp-json\/wp\/v2\/users\/2"}],"replies":[{"embeddable":true,"href":"https:\/\/www.europesays.com\/fr\/wp-json\/wp\/v2\/comments?post=324087"}],"version-history":[{"count":0,"href":"https:\/\/www.europesays.com\/fr\/wp-json\/wp\/v2\/posts\/324087\/revisions"}],"wp:featuredmedia":[{"embeddable":true,"href":"https:\/\/www.europesays.com\/fr\/wp-json\/wp\/v2\/media\/324088"}],"wp:attachment":[{"href":"https:\/\/www.europesays.com\/fr\/wp-json\/wp\/v2\/media?parent=324087"}],"wp:term":[{"taxonomy":"category","embeddable":true,"href":"https:\/\/www.europesays.com\/fr\/wp-json\/wp\/v2\/categories?post=324087"},{"taxonomy":"post_tag","embeddable":true,"href":"https:\/\/www.europesays.com\/fr\/wp-json\/wp\/v2\/tags?post=324087"}],"curies":[{"name":"wp","href":"https:\/\/api.w.org\/{rel}","templated":true}]}}