{"id":324091,"date":"2025-08-17T03:44:17","date_gmt":"2025-08-17T03:44:17","guid":{"rendered":"https:\/\/www.europesays.com\/fr\/324091\/"},"modified":"2025-08-17T03:44:17","modified_gmt":"2025-08-17T03:44:17","slug":"plus-de-340-morts-des-dizaines-de-disparus-ce-que-lon-sait-des-intemperies-au-pakistan","status":"publish","type":"post","link":"https:\/\/www.europesays.com\/fr\/324091\/","title":{"rendered":"Plus de 340 morts, des dizaines de disparus&#8230; Ce que l&rsquo;on sait des intemp\u00e9ries au Pakistan"},"content":{"rendered":"\n<p class=\"c-chapo \">\n  La mousson, d&rsquo;une intensit\u00e9 exceptionnelle, a fait de nombreuses victimes au Pakistan. Les autorit\u00e9s pr\u00e9viennent que les pluies vont encore s&rsquo;intensifier lors des prochaines semaines.\n<\/p>\n<p>            lire plus tard<\/p>\n<p id=\"dialog__title\" class=\"dialog__title\">Pour sauvegarder cet article, connectez-vous ou cr\u00e9ez un compte franceinfo<\/p>\n<p class=\"dialog__description\">Sans paiement. Sans abonnement.<\/p>\n<p>        Fermer la fen\u00eatre d\u2019activation des notifications France Info<\/p>\n<p>            cr\u00e9er votre compte<\/p>\n<p>            se connecter<\/p>\n<p>        Fermer la fen\u00eatre de pr\u00e9sentation<\/p>\n<p>    <img loading=\"lazy\" decoding=\"async\" class=\"signature__image lazyload\" width=\"100\" height=\"100\" data- alt=\"\" src=\"https:\/\/www.europesays.com\/fr\/wp-content\/uploads\/2025\/05\/64a68815cd1a7_placeholder-36b69ec8.png\"\/><\/p>\n<p>    Publi\u00e9 le 16\/08\/2025 17:57<\/p>\n<p>        Temps de lecture : 6min<\/p>\n<p>    <img decoding=\"async\"  alt=\"Des ouvriers utilisent des engins lourds pour d\u00e9gager la boue d'une rue \u00e0 Mingora, dans la province montagneuse de Khyber Pakhtunkhwa (Pakistan), frapp\u00e9e par la mousson, le 16 ao\u00fbt 2025. (MEHBOOB UL HAQ \/ AFP)\" width=\"432\" height=\"243\" src=\"https:\/\/www.europesays.com\/fr\/wp-content\/uploads\/2025\/08\/000-69nx6t3-68a0548702389080132234.jpg\" fetchpriority=\"high\"\/><\/p>\n<p>      Des ouvriers utilisent des engins lourds pour d\u00e9gager la boue d&rsquo;une rue \u00e0 Mingora, dans la province montagneuse de Khyber Pakhtunkhwa (Pakistan), frapp\u00e9e par la mousson, le 16 ao\u00fbt 2025. (MEHBOOB UL HAQ \/ AFP)<\/p>\n<p>\u00ab\u00a0J&rsquo;ai recouvert les corps de certains de mes \u00e9l\u00e8ves et je me demande ce qu&rsquo;ils ont fait pour m\u00e9riter \u00e7a\u00a0\u00bb, se d\u00e9sole un enseignant. Les <a href=\"https:\/\/www.franceinfo.fr\/monde\/asie\/pres-de-120-personnes-sont-mortes-en-24-heures-dans-des-pluies-de-mousson-au-pakistan_7436800.html\" rel=\"nofollow noopener\" target=\"_blank\">pluies diluviennes<\/a> ont tu\u00e9 plus de 340 personnes dans le pays en 48 heures et de nombreux disparus sont encore recherch\u00e9s par les secours, samedi 16 ao\u00fbt.<\/p>\n<p>Les autorit\u00e9s redoutent en outre une intensification des pr\u00e9cipitations dans les prochaines semaines. Franceinfo revient sur ce que l&rsquo;on sait de ces intemp\u00e9ries.<\/p>\n<p>De nombreux habitants emport\u00e9s par des crues subites<\/p>\n<p>La mousson a tu\u00e9 au moins 344 personnes en 48 heures au Pakistan, ont annonc\u00e9 les autorit\u00e9s dans leur dernier bilan, samedi. Les pluies diluviennes les plus meurtri\u00e8res ont eu lieu dans diff\u00e9rents districts de la province montagneuse du Khyber-Pakhtunkhwa, dans le nord du pays, qui a enregistr\u00e9 \u00e0 elle seule 324 d\u00e9c\u00e8s, soit environ la moiti\u00e9 des morts de cette saison de mousson, pr\u00e9cision l&rsquo;autorit\u00e9 de gestion des catastrophes.<\/p>\n<p>La plupart des victimes ont \u00e9t\u00e9 emport\u00e9es par des crues subites, sont mortes dans l&rsquo;effondrement de leur maison, ont \u00e9t\u00e9 \u00e9lectrocut\u00e9es ou frapp\u00e9es par la foudre.\u00a0Vendredi, \u00ab\u00a0entre 9 et 10 heures, un violent orage a \u00e9clat\u00e9 provoquant une crue soudaine\u00a0\u00bb, t\u00e9moigne aupr\u00e8s de l&rsquo;AFP Abdul Khan, un habitant du district de Buner, qui compte 91 morts. \u00ab\u00a0Les enfants jouaient dehors et les femmes \u00e9taient \u00e0 l&rsquo;int\u00e9rieur des maisons, ils ont tous \u00e9t\u00e9 emport\u00e9s et encore maintenant, de nombreuses personnes gisent sous les d\u00e9bris, on les recherche en aval.\u00a0\u00bb<\/p>\n<blockquote class=\"twitter-tweet\">\n<p lang=\"ur\" dir=\"rtl\">\u0645\u06a9\u0627\u0646\u0628\u0627\u063a\u060c \u0645\u0646\u06af\u0648\u0631\u06c1: \u0633\u06cc\u0644\u0627\u0628 \u06a9\u06d2 \u0628\u0627\u0639\u062b \u0646\u062c\u06cc \u0633\u06a9\u0648\u0644 \u0645\u06cc\u06ba \u067e\u06be\u0646\u0633\u06d2 \u0637\u0644\u0628\u0627\u0621 \u06a9\u0648 \u0636\u0644\u0639\u06cc \u0627\u0646\u062a\u0638\u0627\u0645\u06cc\u06c1 \u0633\u0648\u0627\u062a \u0627\u0648\u0631 \u0631\u06cc\u0633\u06a9\u06cc\u0648 1122 \u06a9\u06cc \u0628\u0631\u0648\u0642\u062a \u06a9\u0627\u0631\u0631\u0648\u0627\u0626\u06cc \u06a9\u06d2 \u0646\u062a\u06cc\u062c\u06d2 \u0645\u06cc\u06ba \u0628\u062d\u0641\u0627\u0638\u062a \u0645\u062d\u0641\u0648\u0638 \u0645\u0642\u0627\u0645 \u067e\u0631 \u0645\u0646\u062a\u0642\u0644 \u06a9\u0631 \u062f\u06cc\u0627 \u06af\u06cc\u0627\u06d4 \u0639\u0648\u0627\u0645 \u0633\u06d2 \u0627\u067e\u06cc\u0644 \u06c1\u06d2 \u06a9\u06c1 \u0633\u06cc\u0644\u0627\u0628\u06cc \u0639\u0644\u0627\u0642\u0648\u06ba \u0627\u0648\u0631 \u062e\u0637\u0631\u0646\u0627\u06a9 \u0645\u0642\u0627\u0645\u0627\u062a \u0633\u06d2 \u062f\u0648\u0631 \u0631\u06c1\u06cc\u06ba \u0627\u0648\u0631 \u06c1\u0646\u06af\u0627\u0645\u06cc \u0635\u0648\u0631\u062a\u062d\u0627\u0644 \u0641\u0648\u0631\u06cc \u0627\u0637\u0644\u0627\u0639 \u062f\u06cc\u06ba\u06d4<a href=\"https:\/\/twitter.com\/hashtag\/KPFloodUpdates?src=hash&amp;ref_src=twsrc%5Etfw\" rel=\"nofollow noopener\" target=\"_blank\">#KPFloodUpdates<\/a> <a href=\"https:\/\/t.co\/Ui3YnEvJiL\" rel=\"nofollow\">pic.twitter.com\/Ui3YnEvJiL<\/a><\/p>\n<p>\u2014 Government of KP (@GovernmentKP) <a href=\"https:\/\/twitter.com\/GovernmentKP\/status\/1956357684652912704?ref_src=twsrc%5Etfw\" rel=\"nofollow noopener\" target=\"_blank\">August 15, 2025<\/a><\/p><\/blockquote>\n<p>Syed Muhammad Tayyab Shah, de l&rsquo;autorit\u00e9 nationale de gestion des catastrophes, explique que \u00ab\u00a0plus de la moiti\u00e9 des victimes sont mortes \u00e0 cause de la mauvaise qualit\u00e9 des b\u00e2timents\u00a0\u00bb. Il recommande de nettoyer les goutti\u00e8res des maisons pour \u00e9viter une accumulation d&rsquo;eau qui pourrait faire c\u00e9der les toitures.<\/p>\n<p>\u00ab\u00a0J&rsquo;ai retrouv\u00e9 les corps de certains de mes \u00e9l\u00e8ves et je me demande ce qu&rsquo;ils ont fait pour m\u00e9riter \u00e7a\u00a0\u00bb, a t\u00e9moign\u00e9 \u00e0 l&rsquo;AFP Sa\u00effullah Khan, un enseignant de 32 ans, dans le district de Buner, au nord du pays. \u00ab\u00a0Les habitants r\u00e9cup\u00e8rent les corps et organisent des pri\u00e8res fun\u00e9raires\u00a0\u00bb, mais \u00ab\u00a0nous ne savons toujours pas qui est mort ou vivant\u00a0\u00bb, a-t-il racont\u00e9.<\/p>\n<blockquote class=\"twitter-tweet\">\n<p lang=\"en\" dir=\"ltr\">Yet another big flood in Northwest Pakistan, where nearly 200 people have been killed.<\/p>\n<p>PAKISTAN = POOR INFRASTRUCTURE = POOR FLOOD CONTROL.<\/p>\n<p>FREE IMRAN KHAN.<a href=\"https:\/\/t.co\/3vJnBTXP8J\" rel=\"nofollow\">pic.twitter.com\/3vJnBTXP8J<\/a><\/p>\n<p>\u2014 Steve Hanke (@steve_hanke) <a href=\"https:\/\/twitter.com\/steve_hanke\/status\/1956444424894022040?ref_src=twsrc%5Etfw\" rel=\"nofollow noopener\" target=\"_blank\">August 15, 2025<\/a><\/p><\/blockquote>\n<p>Dans le district voisin de Swat, les routes et plusieurs v\u00e9hicules sont recouverts d&rsquo;une coul\u00e9e de boue et les poteaux \u00e9lectriques jonchent le sol. Onze autres personnes ont trouv\u00e9 la mort dans le Cachemire pakistanais, tandis que dans le Cachemire administr\u00e9 par l&rsquo;Inde, au moins 60 victimes ont \u00e9t\u00e9 recens\u00e9es \u2013 et 80 personnes sont toujours port\u00e9es disparues.<\/p>\n<p>Enfin, neuf personnes sont mortes dans le Gilgit-Baltistan. Cette r\u00e9gion touristique, situ\u00e9e \u00e0 l&rsquo;extr\u00eame nord du Pakistan, est particuli\u00e8rement pris\u00e9e l&rsquo;\u00e9t\u00e9 des alpinistes venus du monde entier. Les autorit\u00e9s recommandent d\u00e9sormais d&rsquo;\u00e9viter. Au total, depuis le d\u00e9but de la saison de la mousson, 657 personnes, dont une centaine d&rsquo;enfants, ont \u00e9t\u00e9 tu\u00e9es, et 888 autres bless\u00e9es.<\/p>\n<p>Une mousson estivale \u00ab\u00a0inhabituellement\u00a0\u00bb intense\u00a0<\/p>\n<p>La mousson estivale, n\u00e9cessaire aux agriculteurs de la r\u00e9gion, est cette ann\u00e9e \u00ab\u00a0inhabituellement\u00a0\u00bb intense, affirment les autorit\u00e9s pakistanaises. Ces deux derniers jours, les pluies ont encore redoubl\u00e9, causant d&rsquo;\u00e9normes d\u00e9g\u00e2ts. Les autorit\u00e9s pr\u00e9viennent que les intemp\u00e9ries vont encore s&rsquo;intensifier ces deux prochaines semaines.\u00a0<\/p>\n<p>\u00ab\u00a0Ce matin, quand je me suis r\u00e9veill\u00e9, la terre que notre famille cultivait depuis des g\u00e9n\u00e9rations \u2013 et le petit terrain o\u00f9 nous jouions au cricket depuis des ann\u00e9es \u2013 avaient disparu\u00a0\u00bb, t\u00e9moigne aupr\u00e8s de l&rsquo;AFP Muhammad Khan, un habitant du district de Buner. \u00ab\u00a0On dirait que toute la montagne s&rsquo;est effondr\u00e9e, la r\u00e9gion est recouverte de boue et d&rsquo;\u00e9normes rochers\u00a0\u00bb, ajoute l&rsquo;homme de 48 ans, racontant avoir extrait \u00ab\u00a019 corps des d\u00e9combres\u00a0\u00bb.<\/p>\n<p>    <img loading=\"lazy\" decoding=\"async\" class=\"cms-media-image lazyload\" alt=\"Des habitants observent les secouristes retirer les pierres devant leurs maisons au lendemain des crues soudaines survenues dans le district de Buner, au nord du Pakistan, le 16 ao\u00fbt 2025. (HASHAM AHMED \/ AFP)\" width=\"720\" height=\"405\" data- src=\"https:\/\/www.europesays.com\/fr\/wp-content\/uploads\/2025\/08\/000-69p27ke-68a0868fcee61034907817.jpg\"\/><\/p>\n<p>      Des habitants observent les secouristes retirer les pierres devant leurs maisons au lendemain des crues soudaines survenues dans le district de Buner, au nord du Pakistan, le 16 ao\u00fbt 2025. (HASHAM AHMED \/ AFP)<\/p>\n<p>Le Pakistan, cinqui\u00e8me pays le plus peupl\u00e9 au monde, reste l&rsquo;un des plus vuln\u00e9rables aux effets du changement climatique. Les 255 millions d&rsquo;habitants ont d\u00e9j\u00e0 subi ces derni\u00e8res ann\u00e9es des inondations meurtri\u00e8res, des explosions de lacs glaciaires et des s\u00e9cheresses in\u00e9dites, autant de ph\u00e9nom\u00e8nes qui vont se multiplier sous l&rsquo;influence du d\u00e9r\u00e8glement climatique, pr\u00e9viennent les scientifiques. En juillet, le Pendjab, o\u00f9 vivent pr\u00e8s de la moiti\u00e9 des Pakistanais, a enregistr\u00e9 des pr\u00e9cipitations 73% sup\u00e9rieures \u00e0 celles de l&rsquo;ann\u00e9e pr\u00e9c\u00e9dente. Durant ce seul mois, la province a recens\u00e9 plus de morts que sur la totalit\u00e9 de la mousson pr\u00e9c\u00e9dente.<\/p>\n<p>Les secouristes \u00e0 l&rsquo;\u0153uvre<\/p>\n<p>Plus de 2\u00a0000 secouristes ont \u00e9t\u00e9 d\u00e9ploy\u00e9s dans le Khyber-Pakhtunkhwa, r\u00e9gion frontali\u00e8re de l&rsquo;Afghanistan. L&rsquo;Autorit\u00e9 de gestion des catastrophes de la province a d\u00e9clar\u00e9 \u00ab\u00a0sinistr\u00e9s\u00a0\u00bb de nombreux districts o\u00f9 \u00ab\u00a0des \u00e9quipes de secours ont \u00e9t\u00e9 d\u00e9ploy\u00e9es en renfort\u00a0\u00bb pour tenter d&rsquo;approcher des hameaux \u00e0 la g\u00e9ographie accident\u00e9e. Ils tentent de trouver des survivants ou de r\u00e9cup\u00e9rer les corps ensevelis sous les d\u00e9combres, explique \u00e0 l&rsquo;AFP Bilal Ahmed Faizi, porte-parole des secours de la province. <\/p>\n<p>    <img loading=\"lazy\" decoding=\"async\" class=\"cms-media-image lazyload\" alt=\"Les sauveteurs et les r\u00e9sidents locaux retirent une voiture de la boue et des d\u00e9bris, dans le district de Buner, au nord du Pakistan, le 16 ao\u00fbt 2025. (HASHAM AHMED \/ AFP)\" width=\"720\" height=\"405\" data- src=\"https:\/\/www.europesays.com\/fr\/wp-content\/uploads\/2025\/08\/000-69nz6kf-68a0885cd75ee481638511.jpg\"\/><\/p>\n<p>      Les sauveteurs et les r\u00e9sidents locaux retirent une voiture de la boue et des d\u00e9bris, dans le district de Buner, au nord du Pakistan, le 16 ao\u00fbt 2025. (HASHAM AHMED \/ AFP)<\/p>\n<p>\u00ab\u00a0Les fortes pluies, les glissements de terrain et les routes bloqu\u00e9es emp\u00eachent les ambulances d&rsquo;acc\u00e9der et les secouristes doivent se d\u00e9placer \u00e0 pied\u00a0\u00bb, d\u00e9crit-il. Vendredi, un h\u00e9licopt\u00e8re des secours s&rsquo;est \u00e9cras\u00e9, faisant cinq morts suppl\u00e9mentaires.<\/p>\n<p>Les secours \u00ab\u00a0tentent d&rsquo;\u00e9vacuer les survivants, mais tr\u00e8s peu acceptent de partir, car ils ont perdu des proches, encore prisonniers des d\u00e9combres\u00a0\u00bb, poursuit Ahmed Faizi. \u00ab\u00a0Nous continuons \u00e0 chercher des proches. Chaque fois que l&rsquo;on d\u00e9couvre un corps, on ressent une profonde tristesse, mais aussi un soulagement, car on sait que la famille pourra r\u00e9cup\u00e9rer la d\u00e9pouille\u00a0\u00bb, t\u00e9moigne Muhammad Khan, habitant du district de Buner.\u00a0<\/p>\n<p><script async src=\"https:\/\/platform.twitter.com\/widgets.js\" charset=\"utf-8\"><\/script><\/p>\n","protected":false},"excerpt":{"rendered":"La mousson, d&rsquo;une intensit\u00e9 exceptionnelle, a fait de nombreuses victimes au Pakistan. Les autorit\u00e9s pr\u00e9viennent que les pluies&hellip;\n","protected":false},"author":2,"featured_media":324092,"comment_status":"","ping_status":"","sticky":false,"template":"","format":"standard","meta":{"footnotes":""},"categories":[1888],"tags":[1111,1928,11,1927,1777,674,1011,27,12,1926,626,1925,25],"class_list":{"0":"post-324091","1":"post","2":"type-post","3":"status-publish","4":"format-standard","5":"has-post-thumbnail","7":"category-paris","8":"tag-actu","9":"tag-actu-paris","10":"tag-actualites","11":"tag-actualites-paris","12":"tag-eu","13":"tag-europe","14":"tag-fr","15":"tag-france","16":"tag-news","17":"tag-news-paris","18":"tag-paris","19":"tag-paris-news","20":"tag-republique-francaise"},"share_on_mastodon":{"url":"https:\/\/pubeurope.com\/@fr\/115042049452776677","error":""},"_links":{"self":[{"href":"https:\/\/www.europesays.com\/fr\/wp-json\/wp\/v2\/posts\/324091","targetHints":{"allow":["GET"]}}],"collection":[{"href":"https:\/\/www.europesays.com\/fr\/wp-json\/wp\/v2\/posts"}],"about":[{"href":"https:\/\/www.europesays.com\/fr\/wp-json\/wp\/v2\/types\/post"}],"author":[{"embeddable":true,"href":"https:\/\/www.europesays.com\/fr\/wp-json\/wp\/v2\/users\/2"}],"replies":[{"embeddable":true,"href":"https:\/\/www.europesays.com\/fr\/wp-json\/wp\/v2\/comments?post=324091"}],"version-history":[{"count":0,"href":"https:\/\/www.europesays.com\/fr\/wp-json\/wp\/v2\/posts\/324091\/revisions"}],"wp:featuredmedia":[{"embeddable":true,"href":"https:\/\/www.europesays.com\/fr\/wp-json\/wp\/v2\/media\/324092"}],"wp:attachment":[{"href":"https:\/\/www.europesays.com\/fr\/wp-json\/wp\/v2\/media?parent=324091"}],"wp:term":[{"taxonomy":"category","embeddable":true,"href":"https:\/\/www.europesays.com\/fr\/wp-json\/wp\/v2\/categories?post=324091"},{"taxonomy":"post_tag","embeddable":true,"href":"https:\/\/www.europesays.com\/fr\/wp-json\/wp\/v2\/tags?post=324091"}],"curies":[{"name":"wp","href":"https:\/\/api.w.org\/{rel}","templated":true}]}}