{"id":324095,"date":"2025-08-17T03:46:11","date_gmt":"2025-08-17T03:46:11","guid":{"rendered":"https:\/\/www.europesays.com\/fr\/324095\/"},"modified":"2025-08-17T03:46:11","modified_gmt":"2025-08-17T03:46:11","slug":"un-drame-a-touche-notre-sejour-ce-que-lon-sait-de-la-mort-dun-enfant-de-bobigny-en-colonie-dans-lallier","status":"publish","type":"post","link":"https:\/\/www.europesays.com\/fr\/324095\/","title":{"rendered":"\u00ab\u00a0Un drame a touch\u00e9 notre s\u00e9jour\u00a0\u00bb\u00a0: ce que l\u2019on sait de la mort d\u2019un enfant de Bobigny en colonie dans l\u2019Allier"},"content":{"rendered":"<p class=\"paragraph text_align_left lp-f-body-02\">Trois jours apr\u00e8s <a href=\"https:\/\/www.leparisien.fr\/faits-divers\/choisy-un-enfant-de-11-ans-du-xviiie-se-noie-lors-dune-sortie-au-parc-des-sports-13-08-2025-YRETTCEF6VE57GPYG5XCWOXU6Q.php\" target=\"_self\" rel=\"nofollow noopener\">la noyade d\u2019un enfant de 11 ans \u00e0 Choisy-le-Roi <\/a>(Val-de-Marne), en sortie avec son centre de loisir parisien, <a href=\"https:\/\/www.leparisien.fr\/seine-saint-denis-93\/bobigny-un-enfant-de-7-ans-meurt-noye-lors-dune-colonie-dans-lallier-16-08-2025-QC5E57JWK5HU7NFYNQCLJQEHEE.php\" target=\"_self\" rel=\"nofollow noopener\">un autre petit gar\u00e7on, \u00e2g\u00e9 de 7 ans, a perdu la vie dans un plan d\u2019eau<\/a>, \u00e0 Moulins, dans l\u2019Allier, ce vendredi 15 ao\u00fbt. Originaire de<a href=\"https:\/\/www.leparisien.fr\/seine-saint-denis-93\/bobigny-93000\/\" target=\"_self\" rel=\"nofollow noopener\"> Bobigny<\/a> (Seine-Saint-Denis), la victime \u00e9tait, avec son fr\u00e8re jumeau, en colonie de vacances, au ch\u00e2teau de Souys, \u00e0 Saint-Menoux (Allier) depuis une dizaine de jours. Un s\u00e9jour organis\u00e9 par la ville de Seine-Saint-Denis. Comme le jeune Parisien, le petit Balbynien souffrait d\u2019un trouble autistique. Pour des raisons encore ind\u00e9termin\u00e9es, il a \u00e9chapp\u00e9 \u00e0 la vigilance de ses animateurs. Une enqu\u00eate est ouverte.<\/p>\n","protected":false},"excerpt":{"rendered":"Trois jours apr\u00e8s la noyade d\u2019un enfant de 11 ans \u00e0 Choisy-le-Roi (Val-de-Marne), en sortie avec son centre&hellip;\n","protected":false},"author":2,"featured_media":324096,"comment_status":"","ping_status":"","sticky":false,"template":"","format":"standard","meta":{"footnotes":""},"categories":[1888],"tags":[11,1777,674,118,1011,27,1944,12,626,25,1945],"class_list":{"0":"post-324095","1":"post","2":"type-post","3":"status-publish","4":"format-standard","5":"has-post-thumbnail","7":"category-paris","8":"tag-actualites","9":"tag-eu","10":"tag-europe","11":"tag-faits-divers","12":"tag-fr","13":"tag-france","14":"tag-ma-ville","15":"tag-news","16":"tag-paris","17":"tag-republique-francaise","18":"tag-seine-saint-denis"},"share_on_mastodon":{"url":"https:\/\/pubeurope.com\/@fr\/115042057184145777","error":""},"_links":{"self":[{"href":"https:\/\/www.europesays.com\/fr\/wp-json\/wp\/v2\/posts\/324095","targetHints":{"allow":["GET"]}}],"collection":[{"href":"https:\/\/www.europesays.com\/fr\/wp-json\/wp\/v2\/posts"}],"about":[{"href":"https:\/\/www.europesays.com\/fr\/wp-json\/wp\/v2\/types\/post"}],"author":[{"embeddable":true,"href":"https:\/\/www.europesays.com\/fr\/wp-json\/wp\/v2\/users\/2"}],"replies":[{"embeddable":true,"href":"https:\/\/www.europesays.com\/fr\/wp-json\/wp\/v2\/comments?post=324095"}],"version-history":[{"count":0,"href":"https:\/\/www.europesays.com\/fr\/wp-json\/wp\/v2\/posts\/324095\/revisions"}],"wp:featuredmedia":[{"embeddable":true,"href":"https:\/\/www.europesays.com\/fr\/wp-json\/wp\/v2\/media\/324096"}],"wp:attachment":[{"href":"https:\/\/www.europesays.com\/fr\/wp-json\/wp\/v2\/media?parent=324095"}],"wp:term":[{"taxonomy":"category","embeddable":true,"href":"https:\/\/www.europesays.com\/fr\/wp-json\/wp\/v2\/categories?post=324095"},{"taxonomy":"post_tag","embeddable":true,"href":"https:\/\/www.europesays.com\/fr\/wp-json\/wp\/v2\/tags?post=324095"}],"curies":[{"name":"wp","href":"https:\/\/api.w.org\/{rel}","templated":true}]}}