{"id":324106,"date":"2025-08-17T03:52:11","date_gmt":"2025-08-17T03:52:11","guid":{"rendered":"https:\/\/www.europesays.com\/fr\/324106\/"},"modified":"2025-08-17T03:52:11","modified_gmt":"2025-08-17T03:52:11","slug":"lallemagne-augmente-considerablement-sa-flotte-de-drones-la-nouvelle-tribune","status":"publish","type":"post","link":"https:\/\/www.europesays.com\/fr\/324106\/","title":{"rendered":"l\u2019Allemagne augmente consid\u00e9rablement sa flotte de drones \u2013 La Nouvelle Tribune"},"content":{"rendered":"<p><strong>L\u2019Allemagne<\/strong> met les bouch\u00e9es doubles pour renforcer ses capacit\u00e9s militaires. Selon <a href=\"https:\/\/fr.businessam.be\/lallemagne-modernise-son-armee-avec-expansion-massive-de-flotte-de-drones-qui-passe-a-8-000-unites\/\" rel=\"nofollow noopener\" target=\"_blank\">Business AM<\/a>, qui relaie les donn\u00e9es de la plateforme <strong>Loyal Magazine<\/strong>, l<strong>e minist\u00e8re de la D\u00e9fense <\/strong>pr\u00e9voit d\u2019\u00e9tendre consid\u00e9rablement sa flotte de drones, passant de <strong>600 <\/strong>actuellement \u00e0 plus de<strong> 8 000 appareils<\/strong> d\u2019ici 2029.<\/p>\n<p>Cette expansion s\u2019inscrit dans un programme plus large de modernisation de l\u2019arm\u00e9e allemande. Outre les drones, des acquisitions importantes de <strong>chars, de v\u00e9hicules blind\u00e9s<\/strong> et d\u2019\u00e9quipements de combat sont pr\u00e9vues, dans l\u2019optique de rendre les forces plus polyvalentes et r\u00e9actives.<\/p>\n<p>L\u2019objectif principal de l\u2019accroissement de la flotte de drones est d\u2019am\u00e9liorer la surveillance des zones sensibles, de faciliter l\u2019identification rapide des cibles et de renforcer la capacit\u00e9 de r\u00e9action sur le terrain. Les analystes soulignent que dans un contexte de guerre moderne, o\u00f9 la rapidit\u00e9 et la pr\u00e9cision sont cruciales, ces syst\u00e8mes deviennent des outils essentiels.<\/p>\n<p>La strat\u00e9gie allemande illustre une volont\u00e9 de combiner technologie avanc\u00e9e et puissance terrestre classique. En multipliant les drones, Berlin cherche \u00e0 cr\u00e9er un r\u00e9seau de surveillance et de soutien op\u00e9rationnel capable d\u2019int\u00e9grer informations et actions en temps r\u00e9el, un facteur d\u00e9terminant pour les op\u00e9rations militaires contemporaines.<\/p>\n<p>Cette initiative refl\u00e8te \u00e9galement l\u2019engagement de l\u2019Allemagne \u00e0 maintenir sa position au sein de l\u2019OTAN, tout en adaptant ses forces aux nouvelles exigences strat\u00e9giques et aux menaces \u00e9mergentes dans un environnement international de plus en plus complexe.<\/p>\n","protected":false},"excerpt":{"rendered":"L\u2019Allemagne met les bouch\u00e9es doubles pour renforcer ses capacit\u00e9s militaires. Selon Business AM, qui relaie les donn\u00e9es de&hellip;\n","protected":false},"author":2,"featured_media":324107,"comment_status":"","ping_status":"","sticky":false,"template":"","format":"standard","meta":{"footnotes":""},"categories":[1587],"tags":[11,672,1804,1805,1803,1777,674,1801,12,1802],"class_list":{"0":"post-324106","1":"post","2":"type-post","3":"status-publish","4":"format-standard","5":"has-post-thumbnail","7":"category-allemagne","8":"tag-actualites","9":"tag-allemagne","10":"tag-bundesrepublik-deutschland","11":"tag-de","12":"tag-deutschland","13":"tag-eu","14":"tag-europe","15":"tag-germany","16":"tag-news","17":"tag-republique-federale-dallemagne"},"share_on_mastodon":{"url":"https:\/\/pubeurope.com\/@fr\/115042080826167362","error":""},"_links":{"self":[{"href":"https:\/\/www.europesays.com\/fr\/wp-json\/wp\/v2\/posts\/324106","targetHints":{"allow":["GET"]}}],"collection":[{"href":"https:\/\/www.europesays.com\/fr\/wp-json\/wp\/v2\/posts"}],"about":[{"href":"https:\/\/www.europesays.com\/fr\/wp-json\/wp\/v2\/types\/post"}],"author":[{"embeddable":true,"href":"https:\/\/www.europesays.com\/fr\/wp-json\/wp\/v2\/users\/2"}],"replies":[{"embeddable":true,"href":"https:\/\/www.europesays.com\/fr\/wp-json\/wp\/v2\/comments?post=324106"}],"version-history":[{"count":0,"href":"https:\/\/www.europesays.com\/fr\/wp-json\/wp\/v2\/posts\/324106\/revisions"}],"wp:featuredmedia":[{"embeddable":true,"href":"https:\/\/www.europesays.com\/fr\/wp-json\/wp\/v2\/media\/324107"}],"wp:attachment":[{"href":"https:\/\/www.europesays.com\/fr\/wp-json\/wp\/v2\/media?parent=324106"}],"wp:term":[{"taxonomy":"category","embeddable":true,"href":"https:\/\/www.europesays.com\/fr\/wp-json\/wp\/v2\/categories?post=324106"},{"taxonomy":"post_tag","embeddable":true,"href":"https:\/\/www.europesays.com\/fr\/wp-json\/wp\/v2\/tags?post=324106"}],"curies":[{"name":"wp","href":"https:\/\/api.w.org\/{rel}","templated":true}]}}