{"id":324114,"date":"2025-08-17T03:56:13","date_gmt":"2025-08-17T03:56:13","guid":{"rendered":"https:\/\/www.europesays.com\/fr\/324114\/"},"modified":"2025-08-17T03:56:13","modified_gmt":"2025-08-17T03:56:13","slug":"deux-morts-dans-le-crash-daeronefs","status":"publish","type":"post","link":"https:\/\/www.europesays.com\/fr\/324114\/","title":{"rendered":"Deux morts dans le crash d\u2019a\u00e9ronefs"},"content":{"rendered":"<p>Ce samedi apr\u00e8s-midi, deux touristes <a href=\"https:\/\/www.20minutes.fr\/dossier\/suisse\" class=\"c-link c-link--is-underlined\" rel=\"nofollow noopener\" target=\"_blank\">suisse <\/a>et <a href=\"https:\/\/www.20minutes.fr\/dossier\/allemand\" class=\"c-link c-link--is-underlined\" rel=\"nofollow noopener\" target=\"_blank\">allemand <\/a>sont morts dans un crash impliquant deux avions de tourisme. L\u2019accident s\u2019est produit dans la commune de Saint-Pons (<a href=\"https:\/\/www.20minutes.fr\/dossier\/alpes_de_haute_provence\" class=\"c-link c-link--is-underlined\" rel=\"nofollow noopener\" target=\"_blank\">Alpes-de-Haute-Provence<\/a>), a appris l\u2019AFP aupr\u00e8s de la gendarmerie de la r\u00e9gion Provence-Alpes-C\u00f4te d&rsquo;Azur.<\/p>\n<p>Un <a href=\"https:\/\/www.20minutes.fr\/dossier\/avion\" class=\"c-link c-link--is-underlined\" rel=\"nofollow noopener\" target=\"_blank\">avion <\/a>tracteur et un avion planeur ont d\u00e9coll\u00e9 peu apr\u00e8s 13 heures de l\u2019a\u00e9rodrome de Barcelonnette et l\u2019accident est survenu peu apr\u00e8s dans la vall\u00e9e de l\u2019Ubaye (Alpes-de-Haute-Provence), selon la m\u00eame source.<\/p>\n<p>Un feu s\u2019est propag\u00e9 \u00e0 la v\u00e9g\u00e9tation et a \u00e9t\u00e9 rapidement ma\u00eetris\u00e9, ont pr\u00e9cis\u00e9 les pompiers du d\u00e9partement. Les circonstances de l\u2019accident restent \u00e0 d\u00e9terminer, a indiqu\u00e9 la gendarmerie.<\/p>\n<p>L\u2019enqu\u00eate a \u00e9t\u00e9 confi\u00e9e \u00e0 la Section de Recherche de la brigade de gendarmerie d\u00e9di\u00e9e aux zones a\u00e9roportuaires (BGTA) de <a href=\"https:\/\/www.20minutes.fr\/dossier\/roissy\" class=\"c-link c-link--is-underlined\" rel=\"nofollow noopener\" target=\"_blank\">Roissy<\/a> et de Marseille.<\/p>\n","protected":false},"excerpt":{"rendered":"Ce samedi apr\u00e8s-midi, deux touristes suisse et allemand sont morts dans un crash impliquant deux avions de tourisme.&hellip;\n","protected":false},"author":2,"featured_media":324115,"comment_status":"","ping_status":"","sticky":false,"template":"","format":"standard","meta":{"footnotes":""},"categories":[2],"tags":[10996,47,11,8438,1298,118,1011,27,12,883,882,25,3067],"class_list":{"0":"post-324114","1":"post","2":"type-post","3":"status-publish","4":"format-standard","5":"has-post-thumbnail","7":"category-actualites","8":"tag-accident-davion","9":"tag-actualite","10":"tag-actualites","11":"tag-allemand","12":"tag-alpes-de-haute-provence","13":"tag-faits-divers","14":"tag-fr","15":"tag-france","16":"tag-news","17":"tag-paca","18":"tag-provence-alpes-cote-dazur","19":"tag-republique-francaise","20":"tag-suisse"},"share_on_mastodon":{"url":"https:\/\/pubeurope.com\/@fr\/115042096476972058","error":""},"_links":{"self":[{"href":"https:\/\/www.europesays.com\/fr\/wp-json\/wp\/v2\/posts\/324114","targetHints":{"allow":["GET"]}}],"collection":[{"href":"https:\/\/www.europesays.com\/fr\/wp-json\/wp\/v2\/posts"}],"about":[{"href":"https:\/\/www.europesays.com\/fr\/wp-json\/wp\/v2\/types\/post"}],"author":[{"embeddable":true,"href":"https:\/\/www.europesays.com\/fr\/wp-json\/wp\/v2\/users\/2"}],"replies":[{"embeddable":true,"href":"https:\/\/www.europesays.com\/fr\/wp-json\/wp\/v2\/comments?post=324114"}],"version-history":[{"count":0,"href":"https:\/\/www.europesays.com\/fr\/wp-json\/wp\/v2\/posts\/324114\/revisions"}],"wp:featuredmedia":[{"embeddable":true,"href":"https:\/\/www.europesays.com\/fr\/wp-json\/wp\/v2\/media\/324115"}],"wp:attachment":[{"href":"https:\/\/www.europesays.com\/fr\/wp-json\/wp\/v2\/media?parent=324114"}],"wp:term":[{"taxonomy":"category","embeddable":true,"href":"https:\/\/www.europesays.com\/fr\/wp-json\/wp\/v2\/categories?post=324114"},{"taxonomy":"post_tag","embeddable":true,"href":"https:\/\/www.europesays.com\/fr\/wp-json\/wp\/v2\/tags?post=324114"}],"curies":[{"name":"wp","href":"https:\/\/api.w.org\/{rel}","templated":true}]}}