{"id":324118,"date":"2025-08-17T03:58:10","date_gmt":"2025-08-17T03:58:10","guid":{"rendered":"https:\/\/www.europesays.com\/fr\/324118\/"},"modified":"2025-08-17T03:58:10","modified_gmt":"2025-08-17T03:58:10","slug":"coupe-canada-victoriaville-fenergic-une-triple-egalite-a-la-tete-du-classement","status":"publish","type":"post","link":"https:\/\/www.europesays.com\/fr\/324118\/","title":{"rendered":"Coupe Canada Victoriaville\u2013Fenergic: une triple \u00e9galit\u00e9 \u00e0 la t\u00eate du classement"},"content":{"rendered":"<p>Le deuxi\u00e8me acte de la Coupe Canada Victoriaville\u2013Fenergic a tenu toutes ses promesses ce vendredi au Club de golf Victoriaville, alors que les joueurs ont repris la comp\u00e9tition d\u00e8s 7h30 ce matin, d\u00e9termin\u00e9s \u00e0 se tailler une place dans le tableau du week-end. Les conditions de jeu \u00e9taient id\u00e9ales,<b>\u00a0<\/b>rendant le parcours encore plus exigeant sur le plan strat\u00e9gique.<\/p>\n<p>\u00c0 l\u2019issue des 36 premiers trous, l\u2019Am\u00e9ricain AJ Cavotta (65) et les Qu\u00e9b\u00e9cois Marc-Olivier Plasse (66) et Joey Savoie s\u2019installent en t\u00eate avec un pointage de -13, prenant une mince avance sur un peloton de poursuivants tr\u00e8s serr\u00e9.<\/p>\n<p>\u201cLe putter coop\u00e9rait beaucoup aujourd\u2019hui. \u00c7a fait du bien de terminer une ronde sur une bonne note avec deux birdies\u201d, a partag\u00e9 Savoie apr\u00e8s sa ronde de 63, visiblement satisfait de sa performance.<\/p>\n<p>Le plus gros bond au classement a \u00e9t\u00e9 effectu\u00e9 par Dennis Hendershot -8 (64), grimpant de 50 positions. Stephen Gonko s\u2019est aussi d\u00e9marqu\u00e9 avec un premier 9 de -7 (29) et un total de -8 (64), s\u2019emparant de la 12e\u00a0place en \u00e9galit\u00e9.<\/p>\n<p><b>Une comp\u00e9tition f\u00e9roce, m\u00eame chez les amateurs<\/b><\/p>\n<p>Le troph\u00e9e Subway, remis au meilleur joueur amateur du tournoi, demeure l\u2019objet d\u2019une lutte intense. Apr\u00e8s deux rondes, Alexandre Mercier m\u00e8ne la charge avec un score cumulatif de -6, devant William Boudreault \u00e0 -4. Leur pr\u00e9sence dans le tableau principal t\u00e9moigne du calibre \u00e9lev\u00e9 de cette \u00e9dition 2025.<\/p>\n<p><b>Coupure \u00e9tablie, le tableau du week-end est fix\u00e9<\/b><\/p>\n<p>Avec une formule pr\u00e9voyant une coupure aux 60 premi\u00e8res positions plus \u00e9galit\u00e9s, plusieurs gros noms ont d\u00fb sortir le grand jeu en fin de ronde pour s\u00e9curiser leur place pour les deux derniers jours. En tout, 60 joueurs<b>\u00a0<\/b>poursuivront la comp\u00e9tition d\u00e8s samedi matin, alors que les choses s\u00e9rieuses s\u2019intensifieront.<\/p>\n<p>La troisi\u00e8me ronde d\u00e9butera demain, samedi 16 ao\u00fbt, d\u00e8s 7h42, en format continu.<\/p>\n","protected":false},"excerpt":{"rendered":"Le deuxi\u00e8me acte de la Coupe Canada Victoriaville\u2013Fenergic a tenu toutes ses promesses ce vendredi au Club de&hellip;\n","protected":false},"author":2,"featured_media":324119,"comment_status":"","ping_status":"","sticky":false,"template":"","format":"standard","meta":{"footnotes":""},"categories":[1418],"tags":[1011,27,1472,60],"class_list":{"0":"post-324118","1":"post","2":"type-post","3":"status-publish","4":"format-standard","5":"has-post-thumbnail","7":"category-golf","8":"tag-fr","9":"tag-france","10":"tag-golf","11":"tag-sports"},"share_on_mastodon":{"url":"https:\/\/pubeurope.com\/@fr\/115042104268458711","error":""},"_links":{"self":[{"href":"https:\/\/www.europesays.com\/fr\/wp-json\/wp\/v2\/posts\/324118","targetHints":{"allow":["GET"]}}],"collection":[{"href":"https:\/\/www.europesays.com\/fr\/wp-json\/wp\/v2\/posts"}],"about":[{"href":"https:\/\/www.europesays.com\/fr\/wp-json\/wp\/v2\/types\/post"}],"author":[{"embeddable":true,"href":"https:\/\/www.europesays.com\/fr\/wp-json\/wp\/v2\/users\/2"}],"replies":[{"embeddable":true,"href":"https:\/\/www.europesays.com\/fr\/wp-json\/wp\/v2\/comments?post=324118"}],"version-history":[{"count":0,"href":"https:\/\/www.europesays.com\/fr\/wp-json\/wp\/v2\/posts\/324118\/revisions"}],"wp:featuredmedia":[{"embeddable":true,"href":"https:\/\/www.europesays.com\/fr\/wp-json\/wp\/v2\/media\/324119"}],"wp:attachment":[{"href":"https:\/\/www.europesays.com\/fr\/wp-json\/wp\/v2\/media?parent=324118"}],"wp:term":[{"taxonomy":"category","embeddable":true,"href":"https:\/\/www.europesays.com\/fr\/wp-json\/wp\/v2\/categories?post=324118"},{"taxonomy":"post_tag","embeddable":true,"href":"https:\/\/www.europesays.com\/fr\/wp-json\/wp\/v2\/tags?post=324118"}],"curies":[{"name":"wp","href":"https:\/\/api.w.org\/{rel}","templated":true}]}}