{"id":324122,"date":"2025-08-17T04:01:13","date_gmt":"2025-08-17T04:01:13","guid":{"rendered":"https:\/\/www.europesays.com\/fr\/324122\/"},"modified":"2025-08-17T04:01:13","modified_gmt":"2025-08-17T04:01:13","slug":"atp-costeen-hatzi-ex-petite-amie-de-kyrgios-jai-vraiment-pris-ca-en-compte-car-je-ne-veux-pas-ternir-sa-reputation-je-me-souviens-ensuite-que-ce-nest-pas-dans-ma-nature-de-dire-du-mal-de-lui","status":"publish","type":"post","link":"https:\/\/www.europesays.com\/fr\/324122\/","title":{"rendered":"ATP > Costeen Hatzi, ex-petite amie de Kyrgios : \u00ab\u00a0J&rsquo;ai vraiment pris \u00e7a en compte, car je ne veux pas ternir sa r\u00e9putation. Je me souviens ensuite que ce n&rsquo;est pas dans ma nature de dire du mal de lui\u00a0\u00bb"},"content":{"rendered":"<p>La vie de Nick Kyrgios n\u2019a jamais \u00e9t\u00e9 un long fleuve tranquille.<\/p>\n<p>La preuve\u00a0: ses nombreuses bles\u00adsures, une enfance diffi\u00adcile, et plus r\u00e9cem\u00adment sa s\u00e9pa\u00adra\u00adtion avec Costeen Hatzi.<\/p>\n<p>Dans des propos relay\u00e9s par <a href=\"https:\/\/www.tennisworldusa.org\/tennis\/news\/Tennis_Stories\/158622\/costeen-hatzi-i-cooked-washed-for-nick-kyrgios-no-regrets-won-t-ruin-his-name\/\" data-wpel-link=\"external\" target=\"_blank\" rel=\"nofollow external noopener\">Tennis World<\/a>, l\u2019ex-petite amie de l\u2019Australien s\u2019est exprim\u00e9e sur leur relation\u00a0:<\/p>\n<p><strong>\u00ab\u202fJe l\u2019ai soutenu plei\u00adne\u00adment. J\u2019ai assist\u00e9 \u00e0 tous les tour\u00adnois. Je m\u2019oc\u00adcu\u00adpais de tout en coulisses\u00a0: sa lessive, sa cuisine\u2026 tout. J\u2019\u00e9tais heureuse, car je l\u2019ai\u00admais et nous avions une excel\u00adlente rela\u00adtion \u00e0 l\u2019\u00e9poque. Je ne regrette donc rien de ce que j\u2019ai fait. J\u2019ai vrai\u00adment pris \u00e7a en compte, car je ne veux pas ternir sa r\u00e9pu\u00adta\u00adtion. Parfois, je suis submerg\u00e9e par les \u00e9motions, mais je me souviens ensuite que ce n\u2019est pas dans ma nature de dire du mal de lui. Nous avons quand m\u00eame eu une belle rela\u00adtion, m\u00eame si les choses ne se sont pas d\u00e9rou\u00adl\u00e9es comme je l\u2019es\u00adp\u00e9\u00adrais. J\u2019ai trouv\u00e9 la paix int\u00e9\u00adrieure et j\u2019es\u00adp\u00e8re qu\u2019il est heureux. Je ne lui souhaite abso\u00adlu\u00adment rien de\u00a0mal.\u202f\u00bb<\/strong><\/p>\n<p>L\u2019influenceuse affirme ainsi avoir tout donn\u00e9 pour l\u2019ancien fina\u00adliste de Wimbledon 2022.<\/p>\n<p>Reste \u00e0 esp\u00e9rer que cette s\u00e9pa\u00adra\u00adtion n\u2019impacte pas et ne retarde pas le retour de Nick Kyrgios sur le circuit.<\/p>\n<p>Pour rappel, on ne l\u2019a plus vu sur le circuit en simple depuis sa d\u00e9faite contre Karen Khachanov au Masters 1000 de Miami, en mars dernier.<\/p>\n<p class=\"post-published-date\" style=\"color: silver; font-size: 75%; text-align: left;\">Publi\u00e9 le samedi 16 ao\u00fbt 2025 \u00e0 15:15<\/p>\n","protected":false},"excerpt":{"rendered":"La vie de Nick Kyrgios n\u2019a jamais \u00e9t\u00e9 un long fleuve tranquille. La preuve\u00a0: ses nombreuses bles\u00adsures, une&hellip;\n","protected":false},"author":2,"featured_media":109391,"comment_status":"","ping_status":"","sticky":false,"template":"","format":"standard","meta":{"footnotes":""},"categories":[1415],"tags":[1011,27,5442,4874,60,1467],"class_list":{"0":"post-324122","1":"post","2":"type-post","3":"status-publish","4":"format-standard","5":"has-post-thumbnail","7":"category-tennis","8":"tag-fr","9":"tag-france","10":"tag-khachanov","11":"tag-kyrgios","12":"tag-sports","13":"tag-tennis"},"share_on_mastodon":{"url":"https:\/\/pubeurope.com\/@fr\/115042116071850360","error":""},"_links":{"self":[{"href":"https:\/\/www.europesays.com\/fr\/wp-json\/wp\/v2\/posts\/324122","targetHints":{"allow":["GET"]}}],"collection":[{"href":"https:\/\/www.europesays.com\/fr\/wp-json\/wp\/v2\/posts"}],"about":[{"href":"https:\/\/www.europesays.com\/fr\/wp-json\/wp\/v2\/types\/post"}],"author":[{"embeddable":true,"href":"https:\/\/www.europesays.com\/fr\/wp-json\/wp\/v2\/users\/2"}],"replies":[{"embeddable":true,"href":"https:\/\/www.europesays.com\/fr\/wp-json\/wp\/v2\/comments?post=324122"}],"version-history":[{"count":0,"href":"https:\/\/www.europesays.com\/fr\/wp-json\/wp\/v2\/posts\/324122\/revisions"}],"wp:featuredmedia":[{"embeddable":true,"href":"https:\/\/www.europesays.com\/fr\/wp-json\/wp\/v2\/media\/109391"}],"wp:attachment":[{"href":"https:\/\/www.europesays.com\/fr\/wp-json\/wp\/v2\/media?parent=324122"}],"wp:term":[{"taxonomy":"category","embeddable":true,"href":"https:\/\/www.europesays.com\/fr\/wp-json\/wp\/v2\/categories?post=324122"},{"taxonomy":"post_tag","embeddable":true,"href":"https:\/\/www.europesays.com\/fr\/wp-json\/wp\/v2\/tags?post=324122"}],"curies":[{"name":"wp","href":"https:\/\/api.w.org\/{rel}","templated":true}]}}