{"id":324123,"date":"2025-08-17T04:03:09","date_gmt":"2025-08-17T04:03:09","guid":{"rendered":"https:\/\/www.europesays.com\/fr\/324123\/"},"modified":"2025-08-17T04:03:09","modified_gmt":"2025-08-17T04:03:09","slug":"vinales-deja-forfait-pour-le-gp-hongrie-le-chemin-sera-long","status":"publish","type":"post","link":"https:\/\/www.europesays.com\/fr\/324123\/","title":{"rendered":"Vi\u00f1ales d\u00e9j\u00e0 forfait pour le GP Hongrie\u00a0: \u00ab\u00a0Le chemin sera long\u00a0\u00bb"},"content":{"rendered":"<p><a href=\"https:\/\/fr.motorsport.com\/motogp\/news\/maverick-vinales-forfait-gp-autriche\/10751088\/\" target=\"_self\" rel=\"noopener nofollow\">Contraint au forfait<\/a> entre les qualifications et le sprint du Grand Prix d&rsquo;Autriche, <a href=\"https:\/\/fr.motorsport.com\/driver\/maverick-vinales\/96553\/\" target=\"_blank\" rel=\"noopener nofollow\">Maverick Vi\u00f1ales<\/a> a sans doute retenu la le\u00e7on. Op\u00e9r\u00e9 de l&rsquo;\u00e9paule gauche apr\u00e8s sa lourde chute au Sachensring le mois dernier, il a tout fait pour piloter ce week-end mais a d\u00fb se rendre \u00e0 l&rsquo;\u00e9vidence \u00e0 l&rsquo;issue des qualifications.<\/p>\n<p>Se conformant aux recommandations m\u00e9dicales, il va prendre le temps n\u00e9cessaire pour retrouver l&rsquo;int\u00e9gralit\u00e9 de ses moyens, tirant d&rsquo;ores et d\u00e9j\u00e0 un trait sur une participation au Grand Prix de Hongrie, le week-end prochain au Balaton Park.<\/p>\n<p>\u00ab\u00a0Toute proportion gard\u00e9e, je me sens plut\u00f4t bien, mon \u00e9paule est endolorie mais j&rsquo;ai pu faire quelques tours, que ce soit vendredi ou ce samedi, et comprendre o\u00f9 j&rsquo;en suis\u00a0\u00bb, a-t-il expliqu\u00e9 avant de regagner, dimanche, son domicile pour poursuivre sa convalescence.\u00a0\u00ab\u00a0Le chemin sera long pour revenir \u00e0 100%.\u00a0\u00bb<\/p>\n<p>Malgr\u00e9 cette situation inconfortable, le pilote espagnol ne regrette pas d&rsquo;avoir tent\u00e9 le coup au Red Bull Ring, alors que son compatriote <a href=\"https:\/\/fr.motorsport.com\/driver\/pol-espargaro\/94345\/\" target=\"_blank\" rel=\"noopener nofollow\">Pol Espargar\u00f3<\/a> aurait pu le remplacer d\u00e8s le d\u00e9but du week-end au guidon de la KTM de l&rsquo;\u00e9quipe <a href=\"https:\/\/fr.motorsport.com\/team\/monster-yamaha-tech-3\/858\/\" target=\"_blank\" rel=\"noopener nofollow\">Tech 3<\/a>.\u00a0<\/p>\n<p>\u00ab\u00a0Un mois apr\u00e8s l&rsquo;op\u00e9ration, c&rsquo;est presque un miracle de pouvoir piloter une MotoGP, surtout avec le type de blessure que j&rsquo;ai, pour laquelle les m\u00e9decins disent qu&rsquo;il faut deux \u00e0 trois mois avant de commencer \u00e0 refaire quelque chose\u00a0\u00bb, a-t-il pr\u00e9cis\u00e9.\u00a0\u00ab\u00a0\u00c7a m&rsquo;a aid\u00e9 \u00e0 prendre conscience que je dois me donner du temps, car ce ne sera pas facile. Que ce soit hier ou aujourd&rsquo;hui, j&rsquo;ai vu o\u00f9 j&rsquo;en \u00e9tais avec ma blessure.\u00a0\u00bb<\/p>\n<p>\u00ab\u00a0Je manquerai la Hongrie \u00e0 coup s\u00fbr, et on verra bien pour Barcelone, mais ce sera difficile. Dans le premier, le deuxi\u00e8me et le quatri\u00e8me secteur [\u00e0 Spielberg], je ne perdais rien, mais dans le troisi\u00e8me secteur, je perdais une seconde sur mes co\u00e9quipiers. J&rsquo;ai clairement un gros handicap.\u00a0\u00bb<\/p>\n<p>Dans les prochains jours, Maverick Vi\u00f1ales compte bien\u00a0\u00ab\u00a0suivre les \u00e9tapes par lesquelles tout \u00eatre humain passe apr\u00e8s une op\u00e9ration de ce type\u00a0\u00bb, avec un peu plus de raison.\u00a0\u00ab\u00a0J&rsquo;ai tout fait pour essayer d&rsquo;\u00eatre en Autriche et d&rsquo;\u00eatre de retour sur la moto, mais maintenant, je vais prendre les choses un peu plus calmement et vraiment laisser mon \u00e9paule r\u00e9cup\u00e9rer.\u00a0\u00bb <\/p>\n<p>\u00ab\u00a0Tout suit son cours. Remonter sur la moto ne m&rsquo;a pas affect\u00e9 [physiquement], au-del\u00e0 du fait d&rsquo;apprendre que je dois encore progresser pour piloter \u00e0 nouveau, au niveau de la mobilit\u00e9 comme de la force.\u00a0\u00bb<\/p>\n<p>Lire aussi :<\/p>\n<p>Dans cet article<\/p>\n<p>Soyez le premier inform\u00e9 et souscrivez aux alertes mails pour recevoir les infos en temps r\u00e9el<\/p>\n<p>    S&rsquo;abonner aux alertes de news<\/p>\n","protected":false},"excerpt":{"rendered":"Contraint au forfait entre les qualifications et le sprint du Grand Prix d&rsquo;Autriche, Maverick Vi\u00f1ales a sans doute&hellip;\n","protected":false},"author":2,"featured_media":324124,"comment_status":"","ping_status":"","sticky":false,"template":"","format":"standard","meta":{"footnotes":""},"categories":[1413],"tags":[1011,27,34489,5712,1457,1456,1458,34490,60,3374,46126],"class_list":{"0":"post-324123","1":"post","2":"type-post","3":"status-publish","4":"format-standard","5":"has-post-thumbnail","7":"category-moto","8":"tag-fr","9":"tag-france","10":"tag-gp-dautriche","11":"tag-maverick-viu00f1ales","12":"tag-moto","13":"tag-motocycle","14":"tag-motogp","15":"tag-red-bull-ring","16":"tag-sports","17":"tag-tech-3","18":"tag-viu00f1ales-du00e9ju00e0-forfait-pour-le-gp-hongrieu00a0-le-chemin-sera-long"},"share_on_mastodon":{"url":"https:\/\/pubeurope.com\/@fr\/115042124133156273","error":""},"_links":{"self":[{"href":"https:\/\/www.europesays.com\/fr\/wp-json\/wp\/v2\/posts\/324123","targetHints":{"allow":["GET"]}}],"collection":[{"href":"https:\/\/www.europesays.com\/fr\/wp-json\/wp\/v2\/posts"}],"about":[{"href":"https:\/\/www.europesays.com\/fr\/wp-json\/wp\/v2\/types\/post"}],"author":[{"embeddable":true,"href":"https:\/\/www.europesays.com\/fr\/wp-json\/wp\/v2\/users\/2"}],"replies":[{"embeddable":true,"href":"https:\/\/www.europesays.com\/fr\/wp-json\/wp\/v2\/comments?post=324123"}],"version-history":[{"count":0,"href":"https:\/\/www.europesays.com\/fr\/wp-json\/wp\/v2\/posts\/324123\/revisions"}],"wp:featuredmedia":[{"embeddable":true,"href":"https:\/\/www.europesays.com\/fr\/wp-json\/wp\/v2\/media\/324124"}],"wp:attachment":[{"href":"https:\/\/www.europesays.com\/fr\/wp-json\/wp\/v2\/media?parent=324123"}],"wp:term":[{"taxonomy":"category","embeddable":true,"href":"https:\/\/www.europesays.com\/fr\/wp-json\/wp\/v2\/categories?post=324123"},{"taxonomy":"post_tag","embeddable":true,"href":"https:\/\/www.europesays.com\/fr\/wp-json\/wp\/v2\/tags?post=324123"}],"curies":[{"name":"wp","href":"https:\/\/api.w.org\/{rel}","templated":true}]}}