{"id":324127,"date":"2025-08-17T04:05:16","date_gmt":"2025-08-17T04:05:16","guid":{"rendered":"https:\/\/www.europesays.com\/fr\/324127\/"},"modified":"2025-08-17T04:05:16","modified_gmt":"2025-08-17T04:05:16","slug":"carte-etape-2-tour-de-guyane-2025-a-matoury-et-remire-montjoly-parcours-horaires-de-passage-des-coureurs-et-perturbations-a-prevoir","status":"publish","type":"post","link":"https:\/\/www.europesays.com\/fr\/324127\/","title":{"rendered":"CARTE. \u00c9tape 2 &#8211; Tour de Guyane 2025 \u00e0 Matoury et R\u00e9mire-Montjoly : parcours, horaires de passage des coureurs et perturbations \u00e0 pr\u00e9voir"},"content":{"rendered":"<p>L&rsquo;\u00e9tape 2 du tour cycliste de Guyane 2025 se joue en deux tron\u00e7ons, deux courses en ligne \u00e0 Matoury et \u00e0 R\u00e9mire-Montjoly. Apr\u00e8s la victoire de Jules de Cock (Pays-Bas) \u00e0 l&rsquo;issue de la premi\u00e8re \u00e9tape, pr\u00e8s de 200 km attendent les coureurs.<\/p>\n<p>La deuxi\u00e8me \u00e9tape se dispute sur un trac\u00e9 en deux tron\u00e7ons \u00e0 Matoury, puis \u00e0 R\u00e9mire-Monjoly. Le premier, dimanche 17 ao\u00fbt \u00e0 8h00, est une boucle avec un d\u00e9part depuis la mairie de Matoury et une arriv\u00e9e face au centre aquatique Jean Cesto aux alentours de 10h00.<\/p>\n<p>O\u00f9 apercevoir les coureurs :<\/p>\n<ul>\n<li>Giratoire du PROGT<\/li>\n<li>RN1 2x2v voies<\/li>\n<li>Giratoire Ad\u00e9la\u00efde Tablon<\/li>\n<li>Giratoire du 19 avril 2000 (Attila Cabassou)<\/li>\n<\/ul>\n<p>Les coureurs auront trois tours de circuit \u00e0 effectuer.<\/p>\n<p>                                    <img class=\"a-article__image lazy libre\" width=\"0\" height=\"0\" data-src=\"https:\/\/www.europesays.com\/fr\/wp-content\/uploads\/2025\/08\/etape-2-1-matoury-matoury-689be53b6a4f1386868445.png\" style=\"--img-placeholder: url('\/assets\/img\/placeholders\/article-800-450.svg');\" alt=\"\" aria-hidden=\"true\"\/><\/p>\n<p>                Le tron\u00e7on 1 de la deuxi\u00e8me \u00e9tape se tiendra \u00e0 Matoury<br \/>\n                     \u2022<br \/>\n                            \u00a9Comit\u00e9 R\u00e9gional de Cyclisme de Guyane<\/p>\n<p>Le tron\u00e7on 2 part \u00e0 R\u00e9mire-Montjoly, avec un faux d\u00e9part \u00e0 14h35 devant la mairie, d\u00e9part arr\u00eat\u00e9 \u00e0 14h45 face au KFC et une arriv\u00e9e estim\u00e9e \u00e0 17h20 devant la station Guyane la 1\u00e8re.<\/p>\n<p>Vous pourrez encourager les coureurs :<\/p>\n<ul>\n<li>Giratoire bourg de R\u00e9mire<\/li>\n<li>Pont Rivi\u00e8re des Cascades<\/li>\n<li>RD5<\/li>\n<li>Pont du Larivot<\/li>\n<li>Route des Plages<\/li>\n<li>Route de D\u00e9grad-des-Cannes<\/li>\n<\/ul>\n<p>                                    <img class=\"a-article__image lazy libre\" width=\"0\" height=\"0\" data-src=\"https:\/\/www.europesays.com\/fr\/wp-content\/uploads\/2025\/08\/etape-2-2-remire-montjoly-689be53daaa3d698870975.png\" style=\"--img-placeholder: url('\/assets\/img\/placeholders\/article-800-450.svg');\" alt=\"\" aria-hidden=\"true\"\/><\/p>\n<p>                Etape 2 &#8211; Tron\u00e7on 2 : R\u00e9mire-Montjoly le dimanche 17 ao\u00fbt 2025<br \/>\n                     \u2022<br \/>\n                            \u00a9Comit\u00e9 R\u00e9gional de Cyclisme de Guyane<\/p>\n<p>Ce jour-l\u00e0, les coureurs auront pr\u00e8s de 200 km \u00e0 parcourir.<\/p>\n<p>Pour rappel, la premi\u00e8re \u00e9tape a \u00e9t\u00e9 remport\u00e9e par Jules de Cock, de la Global Cycling Team (Pays-Bas), suivi d&rsquo;Edwin Nubul de la Martinique. <strong>La deuxi\u00e8me \u00e9tape est souvent d\u00e9terminante pour la suite de la comp\u00e9tition.<\/strong> Il faudra donc \u00eatre tr\u00e8s attentif !<\/p>\n<p><strong>\u25b6 <\/strong><a target=\"_blank\" rel=\"noopener noreferrer nofollow\" href=\"https:\/\/la1ere.franceinfo.fr\/guyane\/diffusion-du-tour-cycliste-de-guyane-2025-directs-replay-reseaux-sociaux-comment-suivre-la-competition-depuis-chez-soi-1613768.html\"><strong>Diffusion du tour cycliste de Guyane 2025 : directs, replay, r\u00e9seaux sociaux\u2026 comment suivre la comp\u00e9tition depuis chez soi\u202f?<\/strong><\/a><\/p>\n","protected":false},"excerpt":{"rendered":"L&rsquo;\u00e9tape 2 du tour cycliste de Guyane 2025 se joue en deux tron\u00e7ons, deux courses en ligne \u00e0&hellip;\n","protected":false},"author":2,"featured_media":324128,"comment_status":"","ping_status":"","sticky":false,"template":"","format":"standard","meta":{"footnotes":""},"categories":[1411],"tags":[1154,207,1011,27,60],"class_list":{"0":"post-324127","1":"post","2":"type-post","3":"status-publish","4":"format-standard","5":"has-post-thumbnail","7":"category-cyclisme","8":"tag-cycling","9":"tag-cyclisme","10":"tag-fr","11":"tag-france","12":"tag-sports"},"share_on_mastodon":{"url":"https:\/\/pubeurope.com\/@fr\/115042131868591308","error":""},"_links":{"self":[{"href":"https:\/\/www.europesays.com\/fr\/wp-json\/wp\/v2\/posts\/324127","targetHints":{"allow":["GET"]}}],"collection":[{"href":"https:\/\/www.europesays.com\/fr\/wp-json\/wp\/v2\/posts"}],"about":[{"href":"https:\/\/www.europesays.com\/fr\/wp-json\/wp\/v2\/types\/post"}],"author":[{"embeddable":true,"href":"https:\/\/www.europesays.com\/fr\/wp-json\/wp\/v2\/users\/2"}],"replies":[{"embeddable":true,"href":"https:\/\/www.europesays.com\/fr\/wp-json\/wp\/v2\/comments?post=324127"}],"version-history":[{"count":0,"href":"https:\/\/www.europesays.com\/fr\/wp-json\/wp\/v2\/posts\/324127\/revisions"}],"wp:featuredmedia":[{"embeddable":true,"href":"https:\/\/www.europesays.com\/fr\/wp-json\/wp\/v2\/media\/324128"}],"wp:attachment":[{"href":"https:\/\/www.europesays.com\/fr\/wp-json\/wp\/v2\/media?parent=324127"}],"wp:term":[{"taxonomy":"category","embeddable":true,"href":"https:\/\/www.europesays.com\/fr\/wp-json\/wp\/v2\/categories?post=324127"},{"taxonomy":"post_tag","embeddable":true,"href":"https:\/\/www.europesays.com\/fr\/wp-json\/wp\/v2\/tags?post=324127"}],"curies":[{"name":"wp","href":"https:\/\/api.w.org\/{rel}","templated":true}]}}