{"id":324133,"date":"2025-08-17T04:08:16","date_gmt":"2025-08-17T04:08:16","guid":{"rendered":"https:\/\/www.europesays.com\/fr\/324133\/"},"modified":"2025-08-17T04:08:16","modified_gmt":"2025-08-17T04:08:16","slug":"un-nouveau-concours-photo-avec-sophie-la-girafe-globe-trotter","status":"publish","type":"post","link":"https:\/\/www.europesays.com\/fr\/324133\/","title":{"rendered":"un nouveau concours photo avec Sophie, la girafe globe-trotter"},"content":{"rendered":"<p>            Par<br \/>\n        <strong><br \/>\n            <a href=\"https:\/\/actu.fr\/auteur\/journaliste-rg\" title=\"Consulter tous les articles de R\u00e9daction Pontoise\" target=\"_blank\" rel=\"noopener\">R\u00e9daction Pontoise<\/a><br \/>\n        <\/strong><\/p>\n<p>        Publi\u00e9 le<\/p>\n<p>            15 ao\u00fbt 2025 \u00e0 8h46        <\/p>\n<p>La Ville d\u2019<a href=\"https:\/\/actu.fr\/ile-de-france\/asnieres-sur-oise_95026\" target=\"_blank\" rel=\"noopener\">Asni\u00e8res-sur-Oise<\/a> (Val-d\u2019Oise) organise un nouveau <b>concours photo<\/b> \u00ab\u00a0Sophie la girafe autour du monde\u00a0\u00bb.<\/p>\n<p>Concours photo<\/p>\n<p class=\" wall-content\">Les participants sont invit\u00e9s \u00e0 photographier le jouet embl\u00e9matique (<a href=\"https:\/\/actu.fr\/ile-de-france\/asnieres-sur-oise_95026\/val-d-oise-produite-autrefois-a-asnieres-sur-oise-sophie-la-girafe-entre-au-musee-grevin_45138340.html\" target=\"_blank\" rel=\"noopener\">fabriqu\u00e9 \u00e0 Asni\u00e8res <\/a>de 1961 \u00e0 1993) sur leur lieu de vacances, en France ou \u00e0 l\u2019autre bout du monde.<\/p>\n<p class=\" wall-content\">Un jury se r\u00e9unira \u00e0 l\u2019automne pour s\u00e9lectionner les clich\u00e9s les plus marquants dans trois cat\u00e9gories : originalit\u00e9, insolite et qualit\u00e9.<\/p>\n<p class=\" wall-content\">Pour ceux qui n\u2019ont pas de Sophie, vous pouvez en emprunter une \u00e0 la mairie. Les prix du concours seront d\u00e9cern\u00e9s lors d\u2019une c\u00e9r\u00e9monie, en fin d\u2019ann\u00e9e. Pour participer, envoyez vos photos \u00e0 : <a href=\"https:\/\/actu.fr\/cdn-cgi\/l\/email-protection\" class=\"__cf_email__\" data-cfemail=\"630f020017161106070200170a0c0d2302100c5a564d0511\" target=\"_blank\" rel=\"noopener\">[email\u00a0protected]<\/a>.<\/p>\n<p class=\" wall-content\">Suivez toute l\u2019actualit\u00e9 de vos villes et m\u00e9dias favoris en vous inscrivant \u00e0 <a href=\"https:\/\/moncompte.actu.fr\" title=\"D\u00e9couvez Mon Actu\" rel=\"nofollow noopener\" data-trk=\"{&quot;cta&quot;:{&quot;action&quot;:&quot;https:\\\/\\\/moncompte.actu.fr&quot;,&quot;category&quot;:&quot;mon compte&quot;,&quot;from&quot;:&quot;article footer&quot;,&quot;name&quot;:&quot;Mon actu&quot;,&quot;type&quot;:&quot;cta&quot;}}\" target=\"_blank\">Mon Actu<\/a>.<\/p>\n","protected":false},"excerpt":{"rendered":"Par R\u00e9daction Pontoise Publi\u00e9 le 15 ao\u00fbt 2025 \u00e0 8h46 La Ville d\u2019Asni\u00e8res-sur-Oise (Val-d\u2019Oise) organise un nouveau concours&hellip;\n","protected":false},"author":2,"featured_media":324134,"comment_status":"","ping_status":"","sticky":false,"template":"","format":"standard","meta":{"footnotes":""},"categories":[1358],"tags":[1348,1384,1385,1386,58,59,1011,27,104],"class_list":{"0":"post-324133","1":"post","2":"type-post","3":"status-publish","4":"format-standard","5":"has-post-thumbnail","7":"category-arts-et-design","8":"tag-arts","9":"tag-arts-and-design","10":"tag-arts-et-design","11":"tag-design","12":"tag-divertissement","13":"tag-entertainment","14":"tag-fr","15":"tag-france","16":"tag-societe"},"share_on_mastodon":{"url":"https:\/\/pubeurope.com\/@fr\/115042143680027104","error":""},"_links":{"self":[{"href":"https:\/\/www.europesays.com\/fr\/wp-json\/wp\/v2\/posts\/324133","targetHints":{"allow":["GET"]}}],"collection":[{"href":"https:\/\/www.europesays.com\/fr\/wp-json\/wp\/v2\/posts"}],"about":[{"href":"https:\/\/www.europesays.com\/fr\/wp-json\/wp\/v2\/types\/post"}],"author":[{"embeddable":true,"href":"https:\/\/www.europesays.com\/fr\/wp-json\/wp\/v2\/users\/2"}],"replies":[{"embeddable":true,"href":"https:\/\/www.europesays.com\/fr\/wp-json\/wp\/v2\/comments?post=324133"}],"version-history":[{"count":0,"href":"https:\/\/www.europesays.com\/fr\/wp-json\/wp\/v2\/posts\/324133\/revisions"}],"wp:featuredmedia":[{"embeddable":true,"href":"https:\/\/www.europesays.com\/fr\/wp-json\/wp\/v2\/media\/324134"}],"wp:attachment":[{"href":"https:\/\/www.europesays.com\/fr\/wp-json\/wp\/v2\/media?parent=324133"}],"wp:term":[{"taxonomy":"category","embeddable":true,"href":"https:\/\/www.europesays.com\/fr\/wp-json\/wp\/v2\/categories?post=324133"},{"taxonomy":"post_tag","embeddable":true,"href":"https:\/\/www.europesays.com\/fr\/wp-json\/wp\/v2\/tags?post=324133"}],"curies":[{"name":"wp","href":"https:\/\/api.w.org\/{rel}","templated":true}]}}