{"id":324135,"date":"2025-08-17T04:09:10","date_gmt":"2025-08-17T04:09:10","guid":{"rendered":"https:\/\/www.europesays.com\/fr\/324135\/"},"modified":"2025-08-17T04:09:10","modified_gmt":"2025-08-17T04:09:10","slug":"gus-permet-de-raconter-nos-interventions-mais-avec-de-lhumour-ce-gendarme-ecrit-un-livre-sur-son-quotidien","status":"publish","type":"post","link":"https:\/\/www.europesays.com\/fr\/324135\/","title":{"rendered":"\u00ab\u00a0Gus permet de raconter nos interventions, mais avec de l&rsquo;humour\u00a0\u00bb, ce gendarme \u00e9crit un livre sur son quotidien"},"content":{"rendered":"<p>Toujours en service, Cl\u00e9ment Briga a rassembl\u00e9 toutes les anecdotes des interventions de gendarmes. Son livre \u00ab\u00a0Vos papiers s&rsquo;il vous pla\u00eet\u00a0\u00bb tente de raconter le quotidien des gendarmes, avec un ton humoristique. Il met en sc\u00e8ne \u00ab\u00a0Gus\u00a0\u00bb, un personnage au centre de toutes les histoires.<\/p>\n<p>Apr\u00e8s 25 ans de carri\u00e8re ce gendarme en a vu de toutes les couleurs. Cl\u00e9ment Briga, qui est d&rsquo;ailleurs un pseudonyme vient de publier son premier livre\u00a0: \u00ab\u00a0Vos papiers s&rsquo;il vous pla\u00eet\u00a0\u00bb. <strong>Un livre qui retrace pr\u00e8s de 80 histoires.<\/strong> Des cambriolages, des petits d\u00e9lits, des histoires de route, mais jamais de faits graves. \u00ab\u00a0J&rsquo;ai volontairement d\u00e9cid\u00e9 de ne pas parler des crimes, ou autres affaires de m\u0153urs. Je voulais vraiment que ces histoires, bien qu&rsquo;elles ne relatent pas que des faits dr\u00f4les, puissent \u00eatre racont\u00e9es en utilisant un ton humoristique\u00a0\u00bb, explique Cl\u00e9ment Briga.<\/p>\n<p>Cette id\u00e9e a \u00e9t\u00e9 possible gr\u00e2ce \u00e0 une rencontre avec Philippe Croizon. \u00ab\u00a0En fait on a d\u00e9jeun\u00e9 ensemble et je lui ai fait part de mes id\u00e9es. Il en a parl\u00e9 \u00e0 un de ses amis, qui travaille aux \u00ab\u00a0\u00e9ditions de l&rsquo;opportun\u00a0\u00bb, et puis \u00e7a a suivi son cours\u00a0\u00bb. Gr\u00e2ce \u00e0 \u00e7a, l&rsquo;auteur a pu mettre \u00e0 l&rsquo;\u00e9crit plusieurs anecdotes, parfois tourn\u00e9es en ridicule, mais toujours r\u00e9elles. <strong>\u00ab\u00a0Le soir de No\u00ebl, on a arr\u00eat\u00e9 un jeune homme en \u00e9tat d&rsquo;\u00e9bri\u00e9t\u00e9. Bon, on a appel\u00e9 ses parents pour qu&rsquo;ils viennent le r\u00e9cup\u00e9rer.<\/strong> Seul probl\u00e8me, sa m\u00e8re \u00e9tait elle aussi ivre et son p\u00e8re, venu un peu plus tard \u00e9tait fortement alcoolis\u00e9. La copine du jeune est venue les chercher. C&rsquo;\u00e9tait la seule qui \u00e9tait \u00e0 peu pr\u00e8s bien\u00a0\u00bb, explique tout sourire le gendarme.<\/p>\n<p>Cette id\u00e9e, lui est surtout venue depuis plus longtemps. En fait Gus \u00e9tait un personnage que Cl\u00e9ment Briga utilisait dans ses posts sur les r\u00e9seaux sociaux. \u00ab\u00a0J&rsquo;avais eu l&rsquo;id\u00e9e de ce personnage pour d\u00e9peindre des situations, \u00e0 chaque fois diff\u00e9rentes. Et pour que ceux qui nous suivaient sur Internet, puissent se rendre compte de la duret\u00e9 du m\u00e9tier, mais tout en ayant une pointe d&rsquo;humour derri\u00e8re\u00a0\u00bb, ajoute Cl\u00e9ment Briga.<\/p>\n<p><strong>Le livre est sorti en librairie depuis le 14 ao\u00fbt.<\/strong><\/p>\n","protected":false},"excerpt":{"rendered":"Toujours en service, Cl\u00e9ment Briga a rassembl\u00e9 toutes les anecdotes des interventions de gendarmes. Son livre \u00ab\u00a0Vos papiers&hellip;\n","protected":false},"author":2,"featured_media":324136,"comment_status":"","ping_status":"","sticky":false,"template":"","format":"standard","meta":{"footnotes":""},"categories":[1357],"tags":[1379,58,59,1011,27,1380],"class_list":{"0":"post-324135","1":"post","2":"type-post","3":"status-publish","4":"format-standard","5":"has-post-thumbnail","7":"category-livres","8":"tag-books","9":"tag-divertissement","10":"tag-entertainment","11":"tag-fr","12":"tag-france","13":"tag-livres"},"share_on_mastodon":{"url":"https:\/\/pubeurope.com\/@fr\/115042147673700477","error":""},"_links":{"self":[{"href":"https:\/\/www.europesays.com\/fr\/wp-json\/wp\/v2\/posts\/324135","targetHints":{"allow":["GET"]}}],"collection":[{"href":"https:\/\/www.europesays.com\/fr\/wp-json\/wp\/v2\/posts"}],"about":[{"href":"https:\/\/www.europesays.com\/fr\/wp-json\/wp\/v2\/types\/post"}],"author":[{"embeddable":true,"href":"https:\/\/www.europesays.com\/fr\/wp-json\/wp\/v2\/users\/2"}],"replies":[{"embeddable":true,"href":"https:\/\/www.europesays.com\/fr\/wp-json\/wp\/v2\/comments?post=324135"}],"version-history":[{"count":0,"href":"https:\/\/www.europesays.com\/fr\/wp-json\/wp\/v2\/posts\/324135\/revisions"}],"wp:featuredmedia":[{"embeddable":true,"href":"https:\/\/www.europesays.com\/fr\/wp-json\/wp\/v2\/media\/324136"}],"wp:attachment":[{"href":"https:\/\/www.europesays.com\/fr\/wp-json\/wp\/v2\/media?parent=324135"}],"wp:term":[{"taxonomy":"category","embeddable":true,"href":"https:\/\/www.europesays.com\/fr\/wp-json\/wp\/v2\/categories?post=324135"},{"taxonomy":"post_tag","embeddable":true,"href":"https:\/\/www.europesays.com\/fr\/wp-json\/wp\/v2\/tags?post=324135"}],"curies":[{"name":"wp","href":"https:\/\/api.w.org\/{rel}","templated":true}]}}