{"id":324137,"date":"2025-08-17T04:10:25","date_gmt":"2025-08-17T04:10:25","guid":{"rendered":"https:\/\/www.europesays.com\/fr\/324137\/"},"modified":"2025-08-17T04:10:25","modified_gmt":"2025-08-17T04:10:25","slug":"cette-star-vient-seulement-de-decouvrir-que-les-fans-detestaient-son-personnage","status":"publish","type":"post","link":"https:\/\/www.europesays.com\/fr\/324137\/","title":{"rendered":"Cette star vient seulement de d\u00e9couvrir que les fans d\u00e9testaient son personnage"},"content":{"rendered":"<p>Alors qu&rsquo;un nouveau reboot est en pr\u00e9paration par Netflix, le s\u00e9rie La Petite Maison dans la prairie ne cesse de passionner ses fans de la premi\u00e8re heure. Assez pour que le casting d&rsquo;origine continue de confier r\u00e9guli\u00e8rement des secrets de tournage. C&rsquo;est le cas de cette star de la fiction, qui a r\u00e9cemment d\u00e9couvert avec stup\u00e9faction ce que les fans pensent de son personnage.<\/p>\n<p>Les anecdotes sur le tournage de La Petite Maison dans la prairie semblent ne jamais se tarir. Alors que la fiction men\u00e9e par <a href=\"https:\/\/www.programme-tv.net\/biographie\/1126-landon-michael\/\" data-link-people=\"5b6b7044-4efb-4054-b123-71f0b9b84733\" target=\"_blank\" rel=\"noopener\">Michael Landon<\/a> aura <a href=\"https:\/\/www.programme-tv.net\/news\/series-tv\/378627-la-petite-maison-dans-la-prairie-ce-que-l-on-sait-deja-sur-le-reboot-de-netflix\/\" data-api-deeplink=\"teleloisirs:\/\/news\/378627\" target=\"_blank\" rel=\"noopener\">bient\u00f4t une seconde vie avec le reboot actuellement en production pour la plateforme de streaming Netflix,<\/a> les stars du premier casting continuent d&rsquo;\u00e9voquer ce qu&rsquo;il se passait en coulisses. Alors que <a href=\"https:\/\/www.programme-tv.net\/news\/series-tv\/384644-la-petite-maison-dans-la-prairie-michael-landon-racontait-ces-histoires-consciemment-melissa-gilbert-revient-sur-un-aspect-inattendu-de-la-serie\/\" data-api-deeplink=\"teleloisirs:\/\/news\/384644\" target=\"_blank\" rel=\"noopener\">Melissa Gilbert (Laura Ingalls) se confie encore r\u00e9guli\u00e8rement sur son p\u00e8re de fiction<\/a>, <a href=\"https:\/\/www.programme-tv.net\/news\/series-tv\/358648-la-petite-maison-dans-la-prairie-ce-moment-inoubliable-vecu-par-matthew-labyorteaux-albert-sur-le-tournage\/\" data-api-deeplink=\"teleloisirs:\/\/news\/358648\" target=\"_blank\" rel=\"noopener\">Matthew Labyorteaux (Albert) est revenu pour T\u00e9l\u00e9-Loisirs sur ses meilleurs souvenirs de tournage<\/a>. Plus r\u00e9cemment, c&rsquo;est une autre star de la fiction qui s&rsquo;est exprim\u00e9e sur cette exp\u00e9rience.<\/p>\n<p>La Petite Maison dans la prairie : cette star d\u00e9test\u00e9e des fans pour avoir pris la place de la famille Ingalls<\/p>\n<p>L&rsquo;actrice en question n&rsquo;est autre que Pamela Roylance. \u00c0 partir de 1982, elle incarne Sarah Reed Carter, la m\u00e8re de la famille au centre de la saison 9. Elle a \u00e9t\u00e9 introduite dans l&rsquo;ultime saison de la s\u00e9rie aux c\u00f4t\u00e9s de Stan Ivar, son mari de fiction. L&rsquo;arriv\u00e9e de leur famille avait beaucoup fait r\u00e9agir car les Carter emm\u00e9nageaient dans la maison de la famille Ingalls, la fameuse \u00ab\u00a0Petite Maison\u00a0\u00bb. Durant cette saison 9, on n&rsquo;a que tr\u00e8s peu vu la famille Ingalls. Michael Landon y fait seulement une apparition et seule <a href=\"https:\/\/www.programme-tv.net\/biographie\/1163-gilbert-melissa\/\" data-link-people=\"c17d5789-f960-4e61-b99f-86becc851efb\" target=\"_blank\" rel=\"noopener\">Melissa Gilbert<\/a> est r\u00e9guli\u00e8rement au casting. \u00ab\u00a0J&rsquo;adore la saison 9. J&rsquo;adore son c\u00f4t\u00e9 avant-gardiste. Nous avons rejoint une s\u00e9rie embl\u00e9matique avec le privil\u00e8ge d&rsquo;\u00eatre des personnages r\u00e9guliers\u00a0\u00bb, explique Pamela Roylance dans une interview \u00e0 Buzzfeed. \u00ab\u00a0Nous avons pu vivre dans la petite maison et devenir les meilleurs amis de Laura et Almanzo. Michael Landon nous a donn\u00e9 deux adorables gar\u00e7ons. Il a fait appel \u00e0 <a href=\"https:\/\/www.programme-tv.net\/biographie\/4408-doherty-shannen\/\" data-link-people=\"da84a532-1e71-4de9-817e-23a2fea3825e\" target=\"_blank\" rel=\"noopener\">Shannen Doherty<\/a> pour jouer le r\u00f4le de la ni\u00e8ce d&rsquo;Almanzo.\u00a0\u00bb<\/p>\n<p>                        La Petite Maison dans la prairie : \u00ab\u00a0Je comprends leur point de vue\u00a0\u00bb, Pamela Roylance (Sarah Carter) r\u00e9agit \u00e0 l&rsquo;opinion des fans<\/p>\n<p>Mais, sortie de cette euphorie, Pamela Roylance a compris que les fans n&rsquo;avaient pas un souvenir aussi positif de son passage dans la s\u00e9rie. \u00ab\u00a0Je n&rsquo;avais pas pens\u00e9 que les gens pourraient ne pas nous aimer. Ce n&rsquo;est que r\u00e9cemment, en rencontrant des fans et en signant des autographes, que j&rsquo;ai d\u00e9couvert que tout le monde n&rsquo;aimait pas la famille Carter\u00a0\u00bb, a r\u00e9v\u00e9l\u00e9 l&rsquo;actrice. \u00ab\u00a0Je comprends leur point de vue : en tant que fan, je n&rsquo;aurais pas aim\u00e9 voir mes personnages pr\u00e9f\u00e9r\u00e9s partir non plus. Mais j&rsquo;\u00e9tais tellement heureuse d&rsquo;en faire partie.\u00a0\u00bb<\/p>\n<p>Malgr\u00e9 la controverse aupr\u00e8s du public, l&rsquo;actrice de 73 ans garde un souvenir \u00e9mu de son r\u00f4le : \u00ab\u00a0Je me souviens m&rsquo;\u00eatre tenue dans la petite maison et avoir lev\u00e9 les yeux vers le grenier pour la premi\u00e8re fois. Je me suis dit : \u00ab\u00a0Je suis la seule femme sur cette plan\u00e8te \u00e0 pouvoir porter ces bottes, cette robe de prairie, et \u00e0 avoir cette maison.\u00a0\u00bb\u00a0\u00bb<\/p>\n","protected":false},"excerpt":{"rendered":"Alors qu&rsquo;un nouveau reboot est en pr\u00e9paration par Netflix, le s\u00e9rie La Petite Maison dans la prairie ne&hellip;\n","protected":false},"author":2,"featured_media":324138,"comment_status":"","ping_status":"","sticky":false,"template":"","format":"standard","meta":{"footnotes":""},"categories":[1356],"tags":[5635,244,58,59,1011,27,42067,10395,10396,4496,129,252,1364],"class_list":{"0":"post-324137","1":"post","2":"type-post","3":"status-publish","4":"format-standard","5":"has-post-thumbnail","7":"category-television","8":"tag-6play","9":"tag-commentaire","10":"tag-divertissement","11":"tag-entertainment","12":"tag-fr","13":"tag-france","14":"tag-la-petite-maison-dans-la-prairie","15":"tag-pub-streaming","16":"tag-su00e9ries-nostalgie","17":"tag-superstream","18":"tag-svod","19":"tag-television","20":"tag-tv"},"share_on_mastodon":{"url":"https:\/\/pubeurope.com\/@fr\/115042151635045183","error":""},"_links":{"self":[{"href":"https:\/\/www.europesays.com\/fr\/wp-json\/wp\/v2\/posts\/324137","targetHints":{"allow":["GET"]}}],"collection":[{"href":"https:\/\/www.europesays.com\/fr\/wp-json\/wp\/v2\/posts"}],"about":[{"href":"https:\/\/www.europesays.com\/fr\/wp-json\/wp\/v2\/types\/post"}],"author":[{"embeddable":true,"href":"https:\/\/www.europesays.com\/fr\/wp-json\/wp\/v2\/users\/2"}],"replies":[{"embeddable":true,"href":"https:\/\/www.europesays.com\/fr\/wp-json\/wp\/v2\/comments?post=324137"}],"version-history":[{"count":0,"href":"https:\/\/www.europesays.com\/fr\/wp-json\/wp\/v2\/posts\/324137\/revisions"}],"wp:featuredmedia":[{"embeddable":true,"href":"https:\/\/www.europesays.com\/fr\/wp-json\/wp\/v2\/media\/324138"}],"wp:attachment":[{"href":"https:\/\/www.europesays.com\/fr\/wp-json\/wp\/v2\/media?parent=324137"}],"wp:term":[{"taxonomy":"category","embeddable":true,"href":"https:\/\/www.europesays.com\/fr\/wp-json\/wp\/v2\/categories?post=324137"},{"taxonomy":"post_tag","embeddable":true,"href":"https:\/\/www.europesays.com\/fr\/wp-json\/wp\/v2\/tags?post=324137"}],"curies":[{"name":"wp","href":"https:\/\/api.w.org\/{rel}","templated":true}]}}