{"id":324139,"date":"2025-08-17T04:11:11","date_gmt":"2025-08-17T04:11:11","guid":{"rendered":"https:\/\/www.europesays.com\/fr\/324139\/"},"modified":"2025-08-17T04:11:11","modified_gmt":"2025-08-17T04:11:11","slug":"helena-raconte-lun-de-ses-pires-souvenirs-de-concert-jentendais-les-gens-crier-dans-le-public","status":"publish","type":"post","link":"https:\/\/www.europesays.com\/fr\/324139\/","title":{"rendered":"Helena raconte l&rsquo;un de ses pires souvenirs de concert : \u00ab\u00a0J&rsquo;entendais les gens crier dans le public&#8230;\u00a0\u00bb"},"content":{"rendered":"<p>Mauvais Gar\u00e7on, Summer Body, M\u00e9latonine&#8230; Les singles du premier album solo de Helena Bailly ont connu un joli succ\u00e8s, faisant de la jeune chanteuse l&rsquo;une des plus grosses r\u00e9v\u00e9lations de ces derni\u00e8res ann\u00e9es \u00e0 la Star Academy\u00a0sur TF1 avec Pierre Garnier. Port\u00e9e par ses fans, l&rsquo;artiste belge est partie en tourn\u00e9e et le sera jusqu&rsquo;en avril 2026.<\/p>\n<p><a id=\"eztoc103266492_1\"\/>Accident vestimentaire pour Helena lors d&rsquo;un concert !<\/p>\n<p>Ayant l&rsquo;habitude de beaucoup parler \u00e0 ses spectateurs lors de ses concerts, Helena se souvient que cette proximit\u00e9 lui a permis un jour de recevoir des conseils bienveillants de leurs part&#8230; Mais de vivre par la m\u00eame occasion un moment particuli\u00e8rement embarrassant !\u00a0\u00ab\u00a0J&rsquo;entendais les gens crier dans le public, et je n&rsquo;entendais pas ce qu&rsquo;ils disaient. J&rsquo;ai mes oreillettes donc je ne les entend pas, mais j&rsquo;entendais qu&rsquo;ils avaient un truc \u00e0 me dire et je ne comprenais pas ce que c&rsquo;\u00e9tait. Et j&rsquo;entends : &lsquo;Helena, ferme ton pantalon !&rsquo;. En fait, j&rsquo;ai un changement rapide \u00e0 la fin de mon concert, je me mets en bikini pour chanter Summer Body, et parfois \u00e7a arrive que le bouton de mon pantalon soit ouvert\u00a0\u00bb, a expliqu\u00e9 l&rsquo;interpr\u00e8te de Gentil gar\u00e7on\u00a0qui   <a href=\"https:\/\/www.programme-television.org\/news\/tv\/actualites-audiovisuel\/helena-star-academy-devient-coach-dans-the-voice-belgique-4743010\" target=\"_blank\" rel=\"noopener nofollow\">s&rsquo;appr\u00eate \u00e0 devenir coach dans la version belge de The Voice<\/a>.<\/p>\n<p><a id=\"eztoc103266492_2\"\/>Helena Bailly en prime time sur TF1 avec la promo 2024 de la Star Ac&rsquo;<\/p>\n<p>\u00ab\u00a0J&rsquo;ai r\u00e9p\u00e9t\u00e9 dans le micro : &lsquo;Il faut que je ferme mon pantalon ?&rsquo; Du coup, je commence \u00e0 le fermer. Et dans ma t\u00eate, il y a plein de choses qui s&rsquo;encha\u00eenent : &lsquo;Non, mais retourne toi ! Tu ne vas pas le fermer devant tout le monde !&rsquo;. Je me suis retourn\u00e9e et tout le monde a ri, c&rsquo;\u00e9tait tr\u00e8s marrant\u00a0\u00bb, a racont\u00e9 Helena Bailly\u00a0lors d&rsquo;une interview accord\u00e9e \u00e0 TF1. Cet entretien a \u00e9t\u00e9 film\u00e9 lors de sa participation en tant que guest \u00e0 la tourn\u00e9e Star Academy 2024 pour le prime de TF1 ce vendredi 15 ao\u00fbt. La retransmission de ce concert sp\u00e9cial n&rsquo;a d&rsquo;ailleurs   <a href=\"https:\/\/www.programme-television.org\/news\/tv\/actualites-audiovisuel\/star-academy-audience-decevante-pour-le-concert-de-la-promo-2024-sur-tf1-ce-vendredi-15-aout-4744256\" target=\"_blank\" rel=\"noopener nofollow\">pas connu le succ\u00e8s escompt\u00e9 et sign\u00e9 une vraie d\u00e9ception en terme d&rsquo;audience<\/a>.<\/p>\n<blockquote class=\"twitter-tweet\">\n<p lang=\"fr\" dir=\"ltr\">H\u00e9l\u00e9na et Lo\u00efc Nottet racontent leurs plus gros couacs sur sc\u00e8ne !  Ils sont \u00e0 retrouver sur la sc\u00e8ne du concert       2025, vendredi soir \u00e0 21h10 sur TF1 et TF1+ \u2728 <a href=\"https:\/\/t.co\/b5GjPcWrJ3\" rel=\"nofollow\">pic.twitter.com\/b5GjPcWrJ3<\/a>\u2014 TF1 (@TF1) <a href=\"https:\/\/twitter.com\/TF1\/status\/1955903570601267311?ref_src=twsrc%5Etfw\" rel=\"nofollow noopener\" target=\"_blank\">August 14, 2025<\/a><\/p>\n<\/blockquote>\n<p>            <script async src=\"https:\/\/platform.twitter.com\/widgets.js\" charset=\"utf-8\"><\/script><\/p>\n","protected":false},"excerpt":{"rendered":"Mauvais Gar\u00e7on, Summer Body, M\u00e9latonine&#8230; Les singles du premier album solo de Helena Bailly ont connu un joli&hellip;\n","protected":false},"author":2,"featured_media":324140,"comment_status":"","ping_status":"","sticky":false,"template":"","format":"standard","meta":{"footnotes":""},"categories":[1355],"tags":[58,59,1011,27,1361,873],"class_list":{"0":"post-324139","1":"post","2":"type-post","3":"status-publish","4":"format-standard","5":"has-post-thumbnail","7":"category-musique","8":"tag-divertissement","9":"tag-entertainment","10":"tag-fr","11":"tag-france","12":"tag-music","13":"tag-musique"},"share_on_mastodon":{"url":"https:\/\/pubeurope.com\/@fr\/115042155502679925","error":""},"_links":{"self":[{"href":"https:\/\/www.europesays.com\/fr\/wp-json\/wp\/v2\/posts\/324139","targetHints":{"allow":["GET"]}}],"collection":[{"href":"https:\/\/www.europesays.com\/fr\/wp-json\/wp\/v2\/posts"}],"about":[{"href":"https:\/\/www.europesays.com\/fr\/wp-json\/wp\/v2\/types\/post"}],"author":[{"embeddable":true,"href":"https:\/\/www.europesays.com\/fr\/wp-json\/wp\/v2\/users\/2"}],"replies":[{"embeddable":true,"href":"https:\/\/www.europesays.com\/fr\/wp-json\/wp\/v2\/comments?post=324139"}],"version-history":[{"count":0,"href":"https:\/\/www.europesays.com\/fr\/wp-json\/wp\/v2\/posts\/324139\/revisions"}],"wp:featuredmedia":[{"embeddable":true,"href":"https:\/\/www.europesays.com\/fr\/wp-json\/wp\/v2\/media\/324140"}],"wp:attachment":[{"href":"https:\/\/www.europesays.com\/fr\/wp-json\/wp\/v2\/media?parent=324139"}],"wp:term":[{"taxonomy":"category","embeddable":true,"href":"https:\/\/www.europesays.com\/fr\/wp-json\/wp\/v2\/categories?post=324139"},{"taxonomy":"post_tag","embeddable":true,"href":"https:\/\/www.europesays.com\/fr\/wp-json\/wp\/v2\/tags?post=324139"}],"curies":[{"name":"wp","href":"https:\/\/api.w.org\/{rel}","templated":true}]}}