{"id":324156,"date":"2025-08-17T04:21:12","date_gmt":"2025-08-17T04:21:12","guid":{"rendered":"https:\/\/www.europesays.com\/fr\/324156\/"},"modified":"2025-08-17T04:21:12","modified_gmt":"2025-08-17T04:21:12","slug":"en-reanimation-au-chu-ils-recoivent-la-visite-de-leur-chien","status":"publish","type":"post","link":"https:\/\/www.europesays.com\/fr\/324156\/","title":{"rendered":"en r\u00e9animation au CHU, ils re\u00e7oivent la visite de leur chien"},"content":{"rendered":"<p>Jusqu\u2019ici, ils n\u2019ont jamais \u00e9t\u00e9 les bienvenus \u00e0 l\u2019h\u00f4pital et encore moins en unit\u00e9 de r\u00e9animation. Il y a un mois, un golden retriever, \u00e2g\u00e9 de 1 an, est venu rendre visite \u00e0 son ma\u00eetre hospitalis\u00e9, depuis de longues semaines, dans le service de m\u00e9decine intensive r\u00e9animation G du CHU de Saint-\u00c9tienne.<\/p>\n<p>\u00ab\u00a0Au d\u00e9but, on avait fix\u00e9 le temps de visite \u00e0 20 minutes, resitue Cindy Pokrandt, infirmi\u00e8re en r\u00e9animation. Les retrouvailles se sont tellement bien pass\u00e9es que la rencontre s\u2019est prolong\u00e9e. Le chien a d\u2019abord \u00e9t\u00e9 intrigu\u00e9 par l\u2019odeur, le bruit des machines, il a eu besoin de 10 \u00e0 15 minutes d\u2019adaptation. Il s&rsquo;est ensuite pos\u00e9 entre sa&#8230;<\/p>\n","protected":false},"excerpt":{"rendered":"Jusqu\u2019ici, ils n\u2019ont jamais \u00e9t\u00e9 les bienvenus \u00e0 l\u2019h\u00f4pital et encore moins en unit\u00e9 de r\u00e9animation. Il y&hellip;\n","protected":false},"author":2,"featured_media":324157,"comment_status":"","ping_status":"","sticky":false,"template":"","format":"standard","meta":{"footnotes":""},"categories":[9653],"tags":[1111,11,1867,2430,7539,1777,674,1011,27,1757,3367,12,25,4001,7538,71,10806],"class_list":{"0":"post-324156","1":"post","2":"type-post","3":"status-publish","4":"format-standard","5":"has-post-thumbnail","7":"category-saint-etienne","8":"tag-actu","9":"tag-actualites","10":"tag-animaux","11":"tag-auvergne-rhone-alpes","12":"tag-edition-loire-sud","13":"tag-eu","14":"tag-europe","15":"tag-fr","16":"tag-france","17":"tag-insolite","18":"tag-loire","19":"tag-news","20":"tag-republique-francaise","21":"tag-saint-etienne","22":"tag-saint-etienne-ville","23":"tag-sante","24":"tag-selection-de-la-redaction-42"},"share_on_mastodon":{"url":"https:\/\/pubeurope.com\/@fr\/115042194900169049","error":""},"_links":{"self":[{"href":"https:\/\/www.europesays.com\/fr\/wp-json\/wp\/v2\/posts\/324156","targetHints":{"allow":["GET"]}}],"collection":[{"href":"https:\/\/www.europesays.com\/fr\/wp-json\/wp\/v2\/posts"}],"about":[{"href":"https:\/\/www.europesays.com\/fr\/wp-json\/wp\/v2\/types\/post"}],"author":[{"embeddable":true,"href":"https:\/\/www.europesays.com\/fr\/wp-json\/wp\/v2\/users\/2"}],"replies":[{"embeddable":true,"href":"https:\/\/www.europesays.com\/fr\/wp-json\/wp\/v2\/comments?post=324156"}],"version-history":[{"count":0,"href":"https:\/\/www.europesays.com\/fr\/wp-json\/wp\/v2\/posts\/324156\/revisions"}],"wp:featuredmedia":[{"embeddable":true,"href":"https:\/\/www.europesays.com\/fr\/wp-json\/wp\/v2\/media\/324157"}],"wp:attachment":[{"href":"https:\/\/www.europesays.com\/fr\/wp-json\/wp\/v2\/media?parent=324156"}],"wp:term":[{"taxonomy":"category","embeddable":true,"href":"https:\/\/www.europesays.com\/fr\/wp-json\/wp\/v2\/categories?post=324156"},{"taxonomy":"post_tag","embeddable":true,"href":"https:\/\/www.europesays.com\/fr\/wp-json\/wp\/v2\/tags?post=324156"}],"curies":[{"name":"wp","href":"https:\/\/api.w.org\/{rel}","templated":true}]}}