{"id":324169,"date":"2025-08-17T04:36:20","date_gmt":"2025-08-17T04:36:20","guid":{"rendered":"https:\/\/www.europesays.com\/fr\/324169\/"},"modified":"2025-08-17T04:36:20","modified_gmt":"2025-08-17T04:36:20","slug":"om-cj-egan-riley-designe-le-coupable-de-la-defaite-contre-rennes-trop-faineant","status":"publish","type":"post","link":"https:\/\/www.europesays.com\/fr\/324169\/","title":{"rendered":"OM &#8211; CJ Egan-Riley d\u00e9signe le coupable de la d\u00e9faite contre Rennes : \u00ab\u00a0Trop fain\u00e9ant\u00a0\u00bb"},"content":{"rendered":"<p><a href=\"https:\/\/www.goal.com\/fr\/listes\/douche-froide-pour-l-om-rennes-s-offre-un-hold-up-parfait-1-0\/blt38cc818cbf4c8dfc\" target=\"_self\" rel=\"noopener\">La rentr\u00e9e en Ligue 1 de l\u2019Olympique de Marseille a tourn\u00e9 au cauchemar. Au Roazhon Park, les Phoc\u00e9ens ont chut\u00e9 face \u00e0 Rennes (1-0) malgr\u00e9 une sup\u00e9riorit\u00e9 num\u00e9rique de longue dur\u00e9e<\/a>. Au-del\u00e0 du r\u00e9sultat, c\u2019est un \u00e9change tendu entre deux joueurs marseillais qui attire l\u2019attention. <a href=\"https:\/\/www.goal.com\/fr\/listes\/mercato-un-autre-anglais-arrive-a-l-om-officiel\/blt4dbee250c121711a#csa09670decd71eaa0\" target=\"_self\" rel=\"noopener\">CJ Egan-Riley, tout juste d\u00e9barqu\u00e9 et align\u00e9 d\u2019entr\u00e9e<\/a>, a s\u00e8chement recadr\u00e9 Mason Greenwood, accus\u00e9 de ne pas en faire assez pour l\u2019\u00e9quipe.<\/p>\n<p>Recommended external contentVideoWe need your consent to show you content our Editorial team embedded from Video. You can toggle this (and all other embeds from Video across goal.com) on with one click only and deactivate as well.Always display Video contentI confirm that I would like to see external content. Personal identifiable data could be transferred to Third parties. <a href=\"https:\/\/www.goal.com\/fr\/l%C3%A9gal\/politique-priv%C3%A9e\" target=\"_blank\" rel=\"noreferrer noopener\">Read more about it in our privacy policy<\/a>.<\/p>\n","protected":false},"excerpt":{"rendered":"La rentr\u00e9e en Ligue 1 de l\u2019Olympique de Marseille a tourn\u00e9 au cauchemar. Au Roazhon Park, les Phoc\u00e9ens&hellip;\n","protected":false},"author":2,"featured_media":324170,"comment_status":"","ping_status":"","sticky":false,"template":"","format":"standard","meta":{"footnotes":""},"categories":[2821],"tags":[1111,11,829,46127,1777,674,1011,27,66,20447,884,12,584,25],"class_list":{"0":"post-324169","1":"post","2":"type-post","3":"status-publish","4":"format-standard","5":"has-post-thumbnail","7":"category-rennes","8":"tag-actu","9":"tag-actualites","10":"tag-bretagne","11":"tag-c-egan-riley","12":"tag-eu","13":"tag-europe","14":"tag-fr","15":"tag-france","16":"tag-ligue-1","17":"tag-m-greenwood","18":"tag-marseille","19":"tag-news","20":"tag-rennes","21":"tag-republique-francaise"},"share_on_mastodon":{"url":"https:\/\/pubeurope.com\/@fr\/115042253734126681","error":""},"_links":{"self":[{"href":"https:\/\/www.europesays.com\/fr\/wp-json\/wp\/v2\/posts\/324169","targetHints":{"allow":["GET"]}}],"collection":[{"href":"https:\/\/www.europesays.com\/fr\/wp-json\/wp\/v2\/posts"}],"about":[{"href":"https:\/\/www.europesays.com\/fr\/wp-json\/wp\/v2\/types\/post"}],"author":[{"embeddable":true,"href":"https:\/\/www.europesays.com\/fr\/wp-json\/wp\/v2\/users\/2"}],"replies":[{"embeddable":true,"href":"https:\/\/www.europesays.com\/fr\/wp-json\/wp\/v2\/comments?post=324169"}],"version-history":[{"count":0,"href":"https:\/\/www.europesays.com\/fr\/wp-json\/wp\/v2\/posts\/324169\/revisions"}],"wp:featuredmedia":[{"embeddable":true,"href":"https:\/\/www.europesays.com\/fr\/wp-json\/wp\/v2\/media\/324170"}],"wp:attachment":[{"href":"https:\/\/www.europesays.com\/fr\/wp-json\/wp\/v2\/media?parent=324169"}],"wp:term":[{"taxonomy":"category","embeddable":true,"href":"https:\/\/www.europesays.com\/fr\/wp-json\/wp\/v2\/categories?post=324169"},{"taxonomy":"post_tag","embeddable":true,"href":"https:\/\/www.europesays.com\/fr\/wp-json\/wp\/v2\/tags?post=324169"}],"curies":[{"name":"wp","href":"https:\/\/api.w.org\/{rel}","templated":true}]}}