{"id":32417,"date":"2025-04-17T20:18:12","date_gmt":"2025-04-17T20:18:12","guid":{"rendered":"https:\/\/www.europesays.com\/fr\/32417\/"},"modified":"2025-04-17T20:18:12","modified_gmt":"2025-04-17T20:18:12","slug":"quest-ce-que-la-cryotherapie-le-traitement-par-le-froid-qui-a-cause-la-mort-dune-employee-de-salle-de-sport-liberation","status":"publish","type":"post","link":"https:\/\/www.europesays.com\/fr\/32417\/","title":{"rendered":"Qu\u2019est-ce que la cryoth\u00e9rapie, le traitement par le froid qui a caus\u00e9 la mort d\u2019une employ\u00e9e de salle de sport\u00a0? \u2013 Lib\u00e9ration"},"content":{"rendered":"<p class=\"sc-cPiKLX AiZTS text-element\">Debout dans un tube dont la temp\u00e9rature peut descendre \u00e0 -180 \u00b0C pendant deux ou trois minutes gr\u00e2ce \u00e0 de l\u2019azote liquide : <a href=\"https:\/\/www.liberation.fr\/sports\/2018\/07\/30\/cryotherapie-il-etait-un-froid_1664393\/\" target=\"_blank\" rel=\"nofollow noopener\">la cryoth\u00e9rapie,<\/a> largement popularis\u00e9e depuis les ann\u00e9es 2000, est cens\u00e9e r\u00e9duire la douleur et optimiser la r\u00e9cup\u00e9ration apr\u00e8s un effort. Un traitement par le froid bien connu des milieux sportifs, avec<a href=\"https:\/\/www.liberation.fr\/beaute\/2014\/04\/18\/on-cryo-miracle-ou-on-cryo-scandale_1000399\/\" target=\"_blank\" rel=\"nofollow noopener\"> la multiplication des centres sp\u00e9cialis\u00e9s \u00e0 travers la France<\/a>.<\/p>\n<p class=\"sc-cPiKLX AiZTS text-element\">La pratique<a href=\"https:\/\/www.liberation.fr\/societe\/police-justice\/paris-un-mort-et-un-blesse-grave-lors-dune-seance-de-cryotherapie-dans-une-salle-de-sports-20250414_45TE2OXMNRE77P6X3IIJNXDAJM\/\" target=\"_blank\" rel=\"nofollow noopener\"> a cependant provoqu\u00e9 la mort d\u2019une employ\u00e9e d\u2019une salle de sport<\/a> et gravement bless\u00e9 une cliente dans une salle de sport du XIe arrondissement de Paris lundi 14 avril. Selon les premiers \u00e9l\u00e9ments de l\u2019enqu\u00eate, une fuite d\u2019azote de la cabine de cryoth\u00e9rapie serait \u00e0 l\u2019origine d\u2019une intoxication ayant entra\u00een\u00e9 le d\u00e9c\u00e8s.<\/p>\n<p class=\"sc-cPiKLX AiZTS text-element\">Lib\u00e9ration fait le point sur cette pratique mise en avant par plusieurs athl\u00e8tes lors des derniers Jeux olympiques de Paris, mais aussi par de nombreux influenceurs sur TikTok, qui promeuvent \u00e9galement les bains d\u2019eau glac\u00e9e en plus de la m\u00e9thode avec l\u2019azote liquide.<\/p>\n<p class=\"sc-cPiKLX AiZTS text-element\">La cryoth\u00e9rapie repose sur l\u2019id\u00e9e que l\u2019exposition au froid intense est b\u00e9n\u00e9fique pour l\u2019organisme. Quelques \u00e9tudes, souvent cit\u00e9es par les promoteurs de cette pratique, assurent que cela permet de r\u00e9duire la douleur, d\u2019aider \u00e0 la r\u00e9cup\u00e9ration du corps et d\u2019apaiser les rhumatismes. Interrog\u00e9e par Lib\u00e9ration, la cheffe du service de m\u00e9decine du sport au CHU de Clermont-Ferrand, Martine Duclos, explique que la technique est adapt\u00e9e pour traiter \u00ables pathologies inflammatoires, les douleurs articulaires ou encore les rhumatismes\u00bb et permet de prodiguer \u00abdes effets anti-inflammatoire et antalgique puissants sur la douleur pendant plusieurs mois\u00bb.<\/p>\n<p class=\"sc-cPiKLX AiZTS text-element\">Cependant, une<a href=\"https:\/\/www.inserm.fr\/rapport\/evaluation-de-lefficacite-et-de-la-securite-de-la-cryotherapie-du-corps-entier-a-visee-therapeutique-2019\/\" target=\"_blank\" rel=\"nofollow noopener\"> \u00e9tude<\/a> de l\u2019Institut national de la sant\u00e9 et de la recherche m\u00e9dicale (Inserm) soulignait en 2019 le peu de recul quant \u00e0 l\u2019efficacit\u00e9 m\u00e9dicale de cette pratique. Le rapport observait que les \u00ab\u00e9tudes existent\u00bb mais que \u00abglobalement, les r\u00e9sultats sont d\u00e9cevants\u00bb : \u00abD\u2019une part, quand ils sont en faveur d\u2019un effet positif de la cryoth\u00e9rapie, ces r\u00e9sultats sont modestes et mesur\u00e9s uniquement \u00e0 tr\u00e8s court terme. D\u2019autre part, la qualit\u00e9 m\u00e9thodologique des \u00e9tudes laisse beaucoup \u00e0 d\u00e9sirer, ce qui doit amener \u00e0 relativiser d\u2019autant plus les effets positifs rapport\u00e9s.\u00bb<\/p>\n<p class=\"sc-cPiKLX AiZTS text-element\">Martine Duclos rappelle que certaines pr\u00e9cautions doivent \u00eatre prises pour que le traitement par le froid se d\u00e9roule en toute s\u00e9curit\u00e9 : \u00abIl faut d\u2019abord v\u00e9rifier la tol\u00e9rance de la personne, qu\u2019elle n\u2019ait pas des probl\u00e8mes d\u2019infarctus, de tachycardie ou des probl\u00e8mes d\u2019art\u00e8res des membres inf\u00e9rieurs.\u00bb La s\u00e9ance ne doit pas se d\u00e9rouler forc\u00e9ment avec un m\u00e9decin mais avec \u00abun professionnel form\u00e9 dans un lieu approuv\u00e9\u00bb. Par exemple une salle de sport qui en a l\u2019autorisation.<\/p>\n<p class=\"sc-cPiKLX AiZTS text-element\">En mai 2022, la Cour de cassation \u00e9tait venue pr\u00e9ciser que s\u2019il y a une destruction de la peau, la cryoth\u00e9rapie \u2013 vant\u00e9e pour ses effets cicatrisants \u2013 devrait \u00eatre pratiqu\u00e9e par des docteurs en m\u00e9decine. Dans tous les autres cas, c\u2019est un masseur-kin\u00e9sith\u00e9rapeute qui devrait intervenir sur prescription m\u00e9dicale. Sauf que l\u2019Etat n\u2019a pas mis en \u0153uvre de mesures pour concr\u00e9tiser ces restrictions. Interrog\u00e9 en 2022, le minist\u00e8re de la Sant\u00e9 disait travailler \u00ab\u00e0 une clarification des circuits de signalement et de leur traitement\u00bb.<\/p>\n<p class=\"sc-cPiKLX AiZTS text-element\">Les esth\u00e9ticiens et les instituts peuvent eux aussi avoir recours au proc\u00e9d\u00e9, mais uniquement dans le cas de la cryolipolyse. Une m\u00e9thode \u00e0 vis\u00e9e esth\u00e9tique qui a pour but de d\u00e9truire la graisse. Cette technique d\u2019amincissement r\u00e9alis\u00e9e sur une zone pr\u00e9cise se fait avec une temp\u00e9rature aux alentours de -5 \u00b0C, lors d\u2019une s\u00e9ance de quarante \u00e0 cinquante minutes.<\/p>\n<p class=\"sc-cPiKLX AiZTS text-element\">La technique peut avoir des effets secondaires selon l\u2019Inserm, qui cite entre autres des cas de \u00abbr\u00fblures locales au 1er ou 2e degr\u00e9, c\u00e9phal\u00e9es [maux de t\u00eate, ndlr] ou accentuations des douleurs pr\u00e9sentes, urticaire chronique au froid, panniculite \u00e0 froid [inflammation de la couche graisseuse sous la peau], intol\u00e9rances digestives et plusieurs cas d\u2019ictus amn\u00e9sique [perte de m\u00e9moire soudaine et temporaire]\u00bb. Une question \u00e9crite en mai 2022 par l\u2019ancien d\u00e9put\u00e9 (Liot) de Loz\u00e8re Pierre Morel-A-L\u2019Huissier affirmait \u00e9galement que \u00abcertains instituts ont pu provoquer des effets secondaires graves sur des patients\u00bb par des manquements \u00e0 la s\u00e9curit\u00e9.<\/p>\n<p class=\"sc-cPiKLX AiZTS text-element\">Mais dans le cas du drame de lundi \u00e0 Paris, c\u2019est l\u2019azote lui-m\u00eame qui semble avoir entra\u00een\u00e9 la mort de l\u2019employ\u00e9e. Le gaz utilis\u00e9 pour faire tomber la temp\u00e9rature \u00e0 des niveaux extr\u00eames est inodore et peut provoquer la mort en cas de fuite car il appauvrit l\u2019air en oxyg\u00e8ne et entra\u00eene rapidement intoxication et asphyxie, sans possibilit\u00e9 de r\u00e9agir.<\/p>\n","protected":false},"excerpt":{"rendered":"Debout dans un tube dont la temp\u00e9rature peut descendre \u00e0 -180 \u00b0C pendant deux ou trois minutes gr\u00e2ce&hellip;\n","protected":false},"author":2,"featured_media":32418,"comment_status":"","ping_status":"","sticky":false,"template":"","format":"standard","meta":{"footnotes":""},"categories":[4],"tags":[11,1011,27,100,12,626,25],"class_list":{"0":"post-32417","1":"post","2":"type-post","3":"status-publish","4":"format-standard","5":"has-post-thumbnail","7":"category-france","8":"tag-actualites","9":"tag-fr","10":"tag-france","11":"tag-hopital","12":"tag-news","13":"tag-paris","14":"tag-republique-francaise"},"share_on_mastodon":{"url":"https:\/\/pubeurope.com\/@fr\/114355155953842011","error":""},"_links":{"self":[{"href":"https:\/\/www.europesays.com\/fr\/wp-json\/wp\/v2\/posts\/32417","targetHints":{"allow":["GET"]}}],"collection":[{"href":"https:\/\/www.europesays.com\/fr\/wp-json\/wp\/v2\/posts"}],"about":[{"href":"https:\/\/www.europesays.com\/fr\/wp-json\/wp\/v2\/types\/post"}],"author":[{"embeddable":true,"href":"https:\/\/www.europesays.com\/fr\/wp-json\/wp\/v2\/users\/2"}],"replies":[{"embeddable":true,"href":"https:\/\/www.europesays.com\/fr\/wp-json\/wp\/v2\/comments?post=32417"}],"version-history":[{"count":0,"href":"https:\/\/www.europesays.com\/fr\/wp-json\/wp\/v2\/posts\/32417\/revisions"}],"wp:featuredmedia":[{"embeddable":true,"href":"https:\/\/www.europesays.com\/fr\/wp-json\/wp\/v2\/media\/32418"}],"wp:attachment":[{"href":"https:\/\/www.europesays.com\/fr\/wp-json\/wp\/v2\/media?parent=32417"}],"wp:term":[{"taxonomy":"category","embeddable":true,"href":"https:\/\/www.europesays.com\/fr\/wp-json\/wp\/v2\/categories?post=32417"},{"taxonomy":"post_tag","embeddable":true,"href":"https:\/\/www.europesays.com\/fr\/wp-json\/wp\/v2\/tags?post=32417"}],"curies":[{"name":"wp","href":"https:\/\/api.w.org\/{rel}","templated":true}]}}