{"id":324171,"date":"2025-08-17T04:38:12","date_gmt":"2025-08-17T04:38:12","guid":{"rendered":"https:\/\/www.europesays.com\/fr\/324171\/"},"modified":"2025-08-17T04:38:12","modified_gmt":"2025-08-17T04:38:12","slug":"ligue-1-fc-metz-rc-strasbourg-un-derby-pour-raviver-la-flamme","status":"publish","type":"post","link":"https:\/\/www.europesays.com\/fr\/324171\/","title":{"rendered":"Ligue 1. FC Metz &#8211; RC Strasbourg : un derby pour raviver la flamme"},"content":{"rendered":"<p>Le peuple grenat a referm\u00e9 le chapitre de la saison 2024-2025 sur un formidable feu d\u2019artifice, <a href=\"https:\/\/www.republicain-lorrain.fr\/sport\/2025\/05\/31\/fc-metz-la-nuit-des-symboles-a-reims\" target=\"_blank\" rel=\"noopener\">le 29\u00a0mai dernier<\/a>. Avec un but d\u2019extraterrestre de Gauthier Hein, une mont\u00e9e valid\u00e9e \u00e0 l\u2019issue d\u2019un sc\u00e9nario hollywoodien, une place de la R\u00e9publique en f\u00eate et des images que certains raconteront \u00e0 leurs enfants d\u2019ici quelques ann\u00e9es.<\/p>\n<p>Si le printemps s\u2019est termin\u00e9 dans cette tr\u00e8s belle effervescence, l\u2019\u00e9t\u00e9 a quelque peu fait retomber l\u2019enthousiasme g\u00e9n\u00e9ral. Le pr\u00e9sident <a href=\"https:\/\/www.republicain-lorrain.fr\/p\/bernard-serin\" target=\"_blank\" rel=\"noopener\">Bernard Serin<\/a> a rapidement rappel\u00e9 le contexte \u00e9conomique compliqu\u00e9 du foot fran\u00e7ais, qui oblige le FC Metz \u00e0 r\u00e9colter 20\u00a0millions d\u2019euros sur le march\u00e9 des transferts, le capitaine historique <a href=\"https:\/\/www.republicain-lorrain.fr\/p\/matthieu-udol\" target=\"_blank\" rel=\"noopener\">Mat&#8230;<\/a><\/p>\n","protected":false},"excerpt":{"rendered":"Le peuple grenat a referm\u00e9 le chapitre de la saison 2024-2025 sur un formidable feu d\u2019artifice, le 29\u00a0mai&hellip;\n","protected":false},"author":2,"featured_media":324172,"comment_status":"","ping_status":"","sticky":false,"template":"","format":"standard","meta":{"footnotes":""},"categories":[2820],"tags":[1111,11,5598,1777,674,8113,107,1701,63,1011,27,775,6212,6213,12,25,517,1700,640],"class_list":{"0":"post-324171","1":"post","2":"type-post","3":"status-publish","4":"format-standard","5":"has-post-thumbnail","7":"category-strasbourg","8":"tag-actu","9":"tag-actualites","10":"tag-edition-metz-et-agglomeration","11":"tag-eu","12":"tag-europe","13":"tag-fc-metz","14":"tag-fil-info","15":"tag-fil-info-sport","16":"tag-football","17":"tag-fr","18":"tag-france","19":"tag-grand-est","20":"tag-metz","21":"tag-metz-ville-57b","22":"tag-news","23":"tag-republique-francaise","24":"tag-sport","25":"tag-sport-lorrain","26":"tag-strasbourg"},"share_on_mastodon":{"url":"https:\/\/pubeurope.com\/@fr\/115042261673662334","error":""},"_links":{"self":[{"href":"https:\/\/www.europesays.com\/fr\/wp-json\/wp\/v2\/posts\/324171","targetHints":{"allow":["GET"]}}],"collection":[{"href":"https:\/\/www.europesays.com\/fr\/wp-json\/wp\/v2\/posts"}],"about":[{"href":"https:\/\/www.europesays.com\/fr\/wp-json\/wp\/v2\/types\/post"}],"author":[{"embeddable":true,"href":"https:\/\/www.europesays.com\/fr\/wp-json\/wp\/v2\/users\/2"}],"replies":[{"embeddable":true,"href":"https:\/\/www.europesays.com\/fr\/wp-json\/wp\/v2\/comments?post=324171"}],"version-history":[{"count":0,"href":"https:\/\/www.europesays.com\/fr\/wp-json\/wp\/v2\/posts\/324171\/revisions"}],"wp:featuredmedia":[{"embeddable":true,"href":"https:\/\/www.europesays.com\/fr\/wp-json\/wp\/v2\/media\/324172"}],"wp:attachment":[{"href":"https:\/\/www.europesays.com\/fr\/wp-json\/wp\/v2\/media?parent=324171"}],"wp:term":[{"taxonomy":"category","embeddable":true,"href":"https:\/\/www.europesays.com\/fr\/wp-json\/wp\/v2\/categories?post=324171"},{"taxonomy":"post_tag","embeddable":true,"href":"https:\/\/www.europesays.com\/fr\/wp-json\/wp\/v2\/tags?post=324171"}],"curies":[{"name":"wp","href":"https:\/\/api.w.org\/{rel}","templated":true}]}}