{"id":324173,"date":"2025-08-17T04:39:10","date_gmt":"2025-08-17T04:39:10","guid":{"rendered":"https:\/\/www.europesays.com\/fr\/324173\/"},"modified":"2025-08-17T04:39:10","modified_gmt":"2025-08-17T04:39:10","slug":"sncf-a-nice-cette-ligne-de-train-ne-circulera-pas-pendant-quatre-mois-le-soir","status":"publish","type":"post","link":"https:\/\/www.europesays.com\/fr\/324173\/","title":{"rendered":"SNCF \u00e0 Nice. Cette ligne de train ne circulera pas pendant quatre mois, le soir"},"content":{"rendered":"<p>            Par<br \/>\n        <strong><br \/>\n            <a href=\"https:\/\/actu.fr\/auteur\/ugo-maillard\" title=\"Consulter tous les articles de Ugo Maillard\" target=\"_blank\" rel=\"noopener\">Ugo Maillard<\/a><br \/>\n        <\/strong><\/p>\n<p>        Publi\u00e9 le<\/p>\n<p>            17 ao\u00fbt 2025 \u00e0 6h12        <\/p>\n<p>Les usagers vont devoir adapter leur trajet. La SNCF indique que des <a href=\"https:\/\/actu.fr\/tag\/travaux\" target=\"_blank\" rel=\"noopener\">travaux<\/a> de maintenance et de modernisation vont \u00eatre men\u00e9s sur le r\u00e9seau ferr\u00e9 des <a href=\"https:\/\/actu.fr\/provence-alpes-cote-d-azur\/alpes-maritimes_06\" target=\"_blank\" rel=\"noopener\">Alpes-Maritimes<\/a>.<\/p>\n<p class=\" wall-content\">\u00c0 partir du mois de septembre\u00a02025 et jusqu\u2019au mois de d\u00e9cembre, des agents <a href=\"https:\/\/actu.fr\/tag\/sncf\" target=\"_blank\" rel=\"noopener\">SNCF<\/a> r\u00e9seau seront d\u00e9ploy\u00e9s sur la <strong>ligne SNCF qui relie Nice \u00e0 Vintimille<\/strong> pour \u00ab\u2009d\u00e9velopper un important programme de renouvellement et de modernisation des infrastructures dans le but de maintenir et d\u00e9velopper le niveau de performance des lignes ferroviaires ainsi que pour pr\u00e9venir les risques d\u2019\u00e9boulement et maintenir les performances du r\u00e9seau\u2009\u00bb.<\/p>\n<p class=\" wall-content\">Cons\u00e9quences pour les usagers des trains, d\u00e8s le<strong> 15\u00a0septembre<\/strong>, les horaires des lignes seront temporairement modifi\u00e9s pour s\u2019adapter \u00e0 des travaux d\u2019ampleur.<\/p>\n<p>Le trafic interrompu de 22h \u00e0 6h<\/p>\n<p class=\" wall-content\">L\u2019interruption des circulations ferroviaires sera effective de nuit du lundi au jeudi, entre 22h et 6h, \u00ab\u2009afin de p\u00e9naliser le moins possible les voyageurs du quotidien\u2009\u00bb, indique la SNCF.<\/p>\n<p class=\" wall-content\">\u00c0 Monaco, cette interruption du trafic permettra aux \u00e9quipes de remplacer les \u00e9quipements d\u2019alimentation des lignes \u00e9lectrifi\u00e9es de la ligne mon\u00e9gasque. L\u2019objectif\u2009: optimiser la circulation des trains entre l\u2019<a href=\"https:\/\/actu.fr\/tag\/italie\" target=\"_blank\" rel=\"noopener\">Italie<\/a> et la France pour la rendre la plus efficace possible.<\/p>\n<p class=\" wall-content\">Des <strong>bus relais<\/strong> vont \u00eatre mis en place au d\u00e9part de <a href=\"https:\/\/actu.fr\/nice\/\" target=\"_blank\" rel=\"noopener\">Nice<\/a> durant cette p\u00e9riode.<\/p>\n<p class=\" wall-content\">Suivez toute l\u2019actualit\u00e9 de vos villes et m\u00e9dias favoris en vous inscrivant \u00e0 <a href=\"https:\/\/moncompte.actu.fr\" title=\"D\u00e9couvez Mon Actu\" rel=\"nofollow noopener\" data-trk=\"{&quot;cta&quot;:{&quot;action&quot;:&quot;https:\\\/\\\/moncompte.actu.fr&quot;,&quot;category&quot;:&quot;mon compte&quot;,&quot;from&quot;:&quot;article footer&quot;,&quot;name&quot;:&quot;Mon actu&quot;,&quot;type&quot;:&quot;cta&quot;}}\" target=\"_blank\">Mon Actu<\/a>.<\/p>\n","protected":false},"excerpt":{"rendered":"Par Ugo Maillard Publi\u00e9 le 17 ao\u00fbt 2025 \u00e0 6h12 Les usagers vont devoir adapter leur trajet. La&hellip;\n","protected":false},"author":2,"featured_media":136178,"comment_status":"","ping_status":"","sticky":false,"template":"","format":"standard","meta":{"footnotes":""},"categories":[2819],"tags":[1111,11,1777,674,1011,27,12,2401,882,25,2215,104,2803,2086],"class_list":{"0":"post-324173","1":"post","2":"type-post","3":"status-publish","4":"format-standard","5":"has-post-thumbnail","7":"category-nice","8":"tag-actu","9":"tag-actualites","10":"tag-eu","11":"tag-europe","12":"tag-fr","13":"tag-france","14":"tag-news","15":"tag-nice","16":"tag-provence-alpes-cote-dazur","17":"tag-republique-francaise","18":"tag-sncf","19":"tag-societe","20":"tag-transport","21":"tag-travaux"},"share_on_mastodon":{"url":"https:\/\/pubeurope.com\/@fr\/115042265615732832","error":""},"_links":{"self":[{"href":"https:\/\/www.europesays.com\/fr\/wp-json\/wp\/v2\/posts\/324173","targetHints":{"allow":["GET"]}}],"collection":[{"href":"https:\/\/www.europesays.com\/fr\/wp-json\/wp\/v2\/posts"}],"about":[{"href":"https:\/\/www.europesays.com\/fr\/wp-json\/wp\/v2\/types\/post"}],"author":[{"embeddable":true,"href":"https:\/\/www.europesays.com\/fr\/wp-json\/wp\/v2\/users\/2"}],"replies":[{"embeddable":true,"href":"https:\/\/www.europesays.com\/fr\/wp-json\/wp\/v2\/comments?post=324173"}],"version-history":[{"count":0,"href":"https:\/\/www.europesays.com\/fr\/wp-json\/wp\/v2\/posts\/324173\/revisions"}],"wp:featuredmedia":[{"embeddable":true,"href":"https:\/\/www.europesays.com\/fr\/wp-json\/wp\/v2\/media\/136178"}],"wp:attachment":[{"href":"https:\/\/www.europesays.com\/fr\/wp-json\/wp\/v2\/media?parent=324173"}],"wp:term":[{"taxonomy":"category","embeddable":true,"href":"https:\/\/www.europesays.com\/fr\/wp-json\/wp\/v2\/categories?post=324173"},{"taxonomy":"post_tag","embeddable":true,"href":"https:\/\/www.europesays.com\/fr\/wp-json\/wp\/v2\/tags?post=324173"}],"curies":[{"name":"wp","href":"https:\/\/api.w.org\/{rel}","templated":true}]}}