{"id":324176,"date":"2025-08-17T04:42:10","date_gmt":"2025-08-17T04:42:10","guid":{"rendered":"https:\/\/www.europesays.com\/fr\/324176\/"},"modified":"2025-08-17T04:42:10","modified_gmt":"2025-08-17T04:42:10","slug":"nantes-psg-pourquoi-cette-rencontre-de-la-premiere-journee-de-ligue-1-est-diffuse-gratuitement","status":"publish","type":"post","link":"https:\/\/www.europesays.com\/fr\/324176\/","title":{"rendered":"Nantes-PSG : pourquoi cette rencontre de la premi\u00e8re journ\u00e9e de Ligue 1 est diffus\u00e9 gratuitement ?"},"content":{"rendered":"<p class=\"paragraph text_align_left lp-f-body-02\">Bonne nouvelle pour les supporters du <a href=\"https:\/\/www.leparisien.fr\/sports\/football\/psg\/\" target=\"_self\" rel=\"nofollow noopener\">Paris Saint-Germain<\/a>. Ce dimanche 17 ao\u00fbt, la rencontre entre le PSG et le FC Nantes sera diffus\u00e9e gratuitement sur Ligue 1+ \u00e0 partir de 20h45. Tout comme l\u2019avant-match, qui d\u00e9butera d\u00e8s 19h15, via le magazine Le Club, <a href=\"https:\/\/www.leparisien.fr\/sports\/football\/ligue-1\/avant-match-rythme-commentateurs-deja-rodes-on-a-suivi-la-premiere-soiree-de-ligue-1-16-08-2025-WU4XQVWQZVHA3LHYO5ELEWEBJ4.php\" rel=\"nofollow noopener\" target=\"_blank\">pr\u00e9sent\u00e9 par Thibault Le Rol<\/a>.<\/p>\n<p class=\"paragraph text_align_left lp-f-body-02\">Apr\u00e8s l\u2019ouverture de la saison la veille avec la <a href=\"https:\/\/www.leparisien.fr\/sports\/football\/ligue-1\/rennes-marseille-0-0-en-inferiorite-numerique-pendant-plus-dune-heure-rennes-crucifie-lom-15-08-2025-N2UGYQ3ZKZDTRMKRWNSFVMSCNM.php\" rel=\"nofollow noopener\" target=\"_blank\">victoire du Stade Rennais<\/a> contre l\u2019Olympique de Marseille (1-0), la Ligue de Football Professionnel \u00ab r\u00e9gale \u00bb les fans de foot en diffusant le choc en clair entre les Canaris et le vainqueur de la <a href=\"https:\/\/www.leparisien.fr\/sports\/football\/ligue-des-champions\/\" rel=\"nofollow noopener\" target=\"_blank\">Ligue des champions<\/a>. Une mani\u00e8re de marquer le coup d\u2019envoi de de la saison 2025-2026 et de faire d\u00e9couvrir sa nouvelle plateforme.<\/p>\n<p class=\"paragraph text_align_left lp-f-body-02\">Aucun abonnement n\u2019est requis pour cette premi\u00e8re grande affiche du dimanche soir. En revanche, l\u2019acc\u00e8s aux prochaines journ\u00e9es de championnat n\u00e9cessitera un abonnement \u00e0 Ligue 1+.<\/p>\n","protected":false},"excerpt":{"rendered":"Bonne nouvelle pour les supporters du Paris Saint-Germain. Ce dimanche 17 ao\u00fbt, la rencontre entre le PSG et&hellip;\n","protected":false},"author":2,"featured_media":324177,"comment_status":"","ping_status":"","sticky":false,"template":"","format":"standard","meta":{"footnotes":""},"categories":[2818],"tags":[1111,11,1777,674,63,1011,27,66,766,12,2636,25,60],"class_list":{"0":"post-324176","1":"post","2":"type-post","3":"status-publish","4":"format-standard","5":"has-post-thumbnail","7":"category-nantes","8":"tag-actu","9":"tag-actualites","10":"tag-eu","11":"tag-europe","12":"tag-football","13":"tag-fr","14":"tag-france","15":"tag-ligue-1","16":"tag-nantes","17":"tag-news","18":"tag-pays-de-la-loire","19":"tag-republique-francaise","20":"tag-sports"},"share_on_mastodon":{"url":"https:\/\/pubeurope.com\/@fr\/115042277320178026","error":""},"_links":{"self":[{"href":"https:\/\/www.europesays.com\/fr\/wp-json\/wp\/v2\/posts\/324176","targetHints":{"allow":["GET"]}}],"collection":[{"href":"https:\/\/www.europesays.com\/fr\/wp-json\/wp\/v2\/posts"}],"about":[{"href":"https:\/\/www.europesays.com\/fr\/wp-json\/wp\/v2\/types\/post"}],"author":[{"embeddable":true,"href":"https:\/\/www.europesays.com\/fr\/wp-json\/wp\/v2\/users\/2"}],"replies":[{"embeddable":true,"href":"https:\/\/www.europesays.com\/fr\/wp-json\/wp\/v2\/comments?post=324176"}],"version-history":[{"count":0,"href":"https:\/\/www.europesays.com\/fr\/wp-json\/wp\/v2\/posts\/324176\/revisions"}],"wp:featuredmedia":[{"embeddable":true,"href":"https:\/\/www.europesays.com\/fr\/wp-json\/wp\/v2\/media\/324177"}],"wp:attachment":[{"href":"https:\/\/www.europesays.com\/fr\/wp-json\/wp\/v2\/media?parent=324176"}],"wp:term":[{"taxonomy":"category","embeddable":true,"href":"https:\/\/www.europesays.com\/fr\/wp-json\/wp\/v2\/categories?post=324176"},{"taxonomy":"post_tag","embeddable":true,"href":"https:\/\/www.europesays.com\/fr\/wp-json\/wp\/v2\/tags?post=324176"}],"curies":[{"name":"wp","href":"https:\/\/api.w.org\/{rel}","templated":true}]}}