{"id":324184,"date":"2025-08-17T04:48:35","date_gmt":"2025-08-17T04:48:35","guid":{"rendered":"https:\/\/www.europesays.com\/fr\/324184\/"},"modified":"2025-08-17T04:48:35","modified_gmt":"2025-08-17T04:48:35","slug":"un-autre-champion-du-monde-vers-le-losc-cette-folle-rumeur-fait-rever-les-supporters-mais","status":"publish","type":"post","link":"https:\/\/www.europesays.com\/fr\/324184\/","title":{"rendered":"un autre champion du monde vers le LOSC ? Cette folle rumeur fait r\u00eaver les supporters, mais\u2026"},"content":{"rendered":"<p class=\"article__intro\">Alors que le LOSC a enregistr\u00e9 le d\u00e9part de Bafod\u00e9 Diakit\u00e9, la rumeur Benjamin Pavard est apparue afin de renforcer la d\u00e9fense du club nordiste. Quelle cr\u00e9dibilit\u00e9 lui donner ?<\/p>\n<p>\n      L\u2019actu des r\u00e9gions\n    <\/p>\n<p>\n      Chaque jour, un tour d\u2019horizon des principales infos de toutes les r\u00e9gions.\n    <\/p>\n<p>    France T\u00e9l\u00e9visions utilise votre adresse e-mail afin de vous envoyer la newsletter \u00ab\u00a0L\u2019actu des r\u00e9gions\u00a0\u00bb. Vous pouvez vous d\u00e9sinscrire \u00e0 tout moment via le lien en bas de cette newsletter. <a target=\"_blank\" href=\"https:\/\/www.francetelevisions.fr\/groupe\/confidentialite\/politique-de-confidentialite\/politique-de-confidentialite-de-france-televisions-6503\" rel=\"nofollow noopener\">Notre politique de confidentialit\u00e9<\/a><\/p>\n<p>Apr\u00e8s <a href=\"https:\/\/france3-regions.franceinfo.fr\/hauts-de-france\/nord-0\/lille\/olivier-giroud-a-fait-sa-rentree-au-losc-tests-physiques-reussis-pour-ses-retrouvailles-avec-la-ligue-1-3191829.html\" target=\"_blank\" rel=\"noopener nofollow\">la signature d&rsquo;Olivier Giroud au LOSC<\/a> cet \u00e9t\u00e9, un autre champion du monde serait-il dans le viseur des Dogues durant ce mercato ?\u00a0<\/p>\n<p><a href=\"https:\/\/lepetitlillois.com\/?s=pavard\" target=\"_blank\" rel=\"noopener nofollow\">Benjamin Pavard, enfant du club, serait en effet vis\u00e9<\/a>. D\u00e9cryptage d&rsquo;une rumeur qui fait r\u00eaver bien des supporters nordistes&#8230; mais qui s&rsquo;annonce peu probable.<\/p>\n<p>\u00ab\u00a0On doit encore recruter\u00a0\u00bb : Bruno Genesio, entra\u00eeneur du <a href=\"https:\/\/france3-regions.franceinfo.fr\/sport\/football\/losc\" target=\"_blank\" rel=\"noopener nofollow\">LOSC<\/a>, affiche la couleur en conf\u00e9rence de presse. Alors que la Ligue 1 reprend ses droits ce week-end, il juge son \u00e9quipe incompl\u00e8te. En d\u00e9fense, notamment : alors que <a href=\"https:\/\/france3-regions.franceinfo.fr\/hauts-de-france\/nord-0\/lille\/mercato-titulaire-indiscutable-au-losc-ce-joueur-important-quitte-le-club-pour-bournemouth-en-angleterre-3201456.html\" target=\"_blank\" rel=\"noopener nofollow\">Bafod\u00e9 Diakit\u00e9 a \u00e9t\u00e9 transf\u00e9r\u00e9 en Premier League<\/a> contre un joli ch\u00e8que estim\u00e9 \u00e0 40 millions d&rsquo;euros, les Dogues ont besoin de renfort.\u00a0<\/p>\n<blockquote class=\"twitter-tweet\">\n<p dir=\"ltr\" lang=\"fr\">\ud83d\udde3\ufe0f Bruno Genesio avant <a href=\"https:\/\/twitter.com\/hashtag\/SB29LOSC?src=hash&amp;ref_src=twsrc%5Etfw\" rel=\"nofollow noopener\" target=\"_blank\">#SB29LOSC<\/a> : \u00ab On doit encore recruter pour avoir un effectif en quantit\u00e9, parce qu&rsquo;on a de la qualit\u00e9, beaucoup plus \u00e9toff\u00e9 pour jouer sur les trois tableaux. Les postes ? Les lat\u00e9raux, un d\u00e9fenseur central et certainement un attaquant polyvalent. \u00bb <a href=\"https:\/\/t.co\/4gtE5gu7nr\" rel=\"nofollow\">pic.twitter.com\/4gtE5gu7nr<\/a><\/p>\n<p>\u2014 Le Petit Lillois \u269c\ufe0f (@LePetitLillois) <a href=\"https:\/\/twitter.com\/LePetitLillois\/status\/1956321745226338767?ref_src=twsrc%5Etfw\" rel=\"nofollow noopener\" target=\"_blank\">August 15, 2025<\/a><\/p><\/blockquote>\n<p>C&rsquo;est alors que Benjamin Pavard, ancien de la maison et mis \u00e0 l&rsquo;\u00e9cart dans son club de l&rsquo;Inter Milan, est apparu dans la liste des pistes envisag\u00e9es par le board lillois. Comp\u00e8re d&rsquo;Olivier Giroud lors de la victoire des Bleus en coupe de Monde en 2018, il appara\u00eet alors comme la solution id\u00e9ale.\u00a0<\/p>\n<p>Quelle cr\u00e9dibilit\u00e9 donner \u00e0 cette rumeur, au juste ? En ces temps de football moderne, le salaire du joueur de 29 ans semble \u00eatre le premier obstacle. Celui qui est n\u00e9 \u00e0 Maubeuge \u00e9marge en effet\u00a0\u00e0 pr\u00e8s de 8 millions d&rsquo;euros par an, un montant qui semble inatteignable pour le club nordiste.<\/p>\n<p>Son contrat avec le club italien se termine en 2028 et sa valeur marchande est estim\u00e9e \u00e0 25 millions d&rsquo;euros. Il \u00e9tait pass\u00e9 de Lille \u00e0 Stuttgart pour 5 millions d&rsquo;euros, en 2016, pour \u00eatre finalement enr\u00f4l\u00e9 par l&rsquo;Inter, r\u00e9cent finaliste malheureux de la Ligue des Champions, pour 31 millions d&rsquo;euros.<\/p>\n<p>Entre temps, le d\u00e9fenseur central (55 s\u00e9lections en Bleus), capable d&rsquo;\u00e9voluer \u00e0 droite d&rsquo;une d\u00e9fense \u00e0 quatre a \u00e9galement jou\u00e9 au Bayern Munich.\u00a0<\/p>\n<p><a data-article-figure=\"\" href=\"https:\/\/france3-regions.franceinfo.fr\/image\/RfttHAmDIArao-5WUtt-12qRItc\/4608x3084\/regions\/2025\/08\/16\/dpaphotoseight281175-68a049d17e85d547028930.jpg\" data-pswp-width=\"4608\" data-pswp-height=\"3084\" target=\"_blank\" rel=\"nofollow noopener\"><\/p>\n<p>          <img width=\"600\" height=\"400\" class=\"article-image lazy\" data-src=\"https:\/\/www.europesays.com\/fr\/wp-content\/uploads\/2025\/08\/dpaphotoseight281175-68a049d17e85d547028930.jpg\" alt=\"Benjamin Pavard \u00e9volue actuellement sous les couleurs de l'Inter Milan, en Italie.\" fetchpriority=\"high\" as=\"image\"\/><\/p>\n<p>\n            Benjamin Pavard \u00e9volue actuellement sous les couleurs de l&rsquo;Inter Milan, en Italie.<br \/>\n                           \u2022<br \/>\n                                      \u00a9 ULRICH WAGNER \/ ULRICH WAGNER\n                      <\/p>\n<p><\/a><\/p>\n<p>Pour nos confr\u00e8res d&rsquo;Ici Nord, la messe semble d\u00e9j\u00e0 dite. \u00ab\u00a0C&rsquo;est une blague ! Il va revenir avec A.Pel\u00e9 et E.Hazard\u00a0\u00bb, leur aurait derni\u00e8rement gliss\u00e9 certains dirigeants. Avant d&rsquo;ajouter : \u00ab\u00a0Enfin, s\u2019il veut venir \u00e0 nos conditions, ce sera avec un immense plaisir\u00a0\u00bb.\u00a0<\/p>\n<blockquote class=\"twitter-tweet\">\n<p dir=\"ltr\" lang=\"fr\">Au <a href=\"https:\/\/twitter.com\/hashtag\/LOSC?src=hash&amp;ref_src=twsrc%5Etfw\" rel=\"nofollow noopener\" target=\"_blank\">#LOSC<\/a> La rumeur d&rsquo;un retour de Benjamin <a href=\"https:\/\/twitter.com\/hashtag\/Pavard?src=hash&amp;ref_src=twsrc%5Etfw\" rel=\"nofollow noopener\" target=\"_blank\">#Pavard<\/a> fait sourire certains dirigeants ! <br \/>\u00ab\u00a0C&rsquo;est une blague ! Il va revenir avec A.Pel\u00e9 et E.Hazard \ud83d\ude1c!\u00a0\u00bb <br \/>\u00ab\u00a0Enfin s\u2019il veut venir \u00e0 nos conditions, ce sera avec un immense plaisir\u00a0\u00bb<br \/>Faut-il les croire? <a href=\"https:\/\/t.co\/QCXK264L9H\" rel=\"nofollow\">pic.twitter.com\/QCXK264L9H<\/a><\/p>\n<p>\u2014 ici Nord (@ici_nord) <a href=\"https:\/\/twitter.com\/ici_nord\/status\/1956632982015336740?ref_src=twsrc%5Etfw\" rel=\"nofollow noopener\" target=\"_blank\">August 16, 2025<\/a><\/p><\/blockquote>\n<p>Une rumeur qui ferait \u00ab\u00a0sourire\u00a0\u00bb au sein du club donc, au grand dam des supporters, qui r\u00eavaient d\u00e9j\u00e0 du retour d&rsquo;un de leurs chouchous. <\/p>\n<p>Alors, retournement de situation \u00e0 venir ou simple partie remise ?\u00a0Le mercato ferme, en France, le 1\u1d49\u02b3 septembre \u00e0 minuit.\u00a0<\/p>\n<p>  <script async src=\"https:\/\/platform.twitter.com\/widgets.js\" charset=\"utf-8\"><\/script><\/p>\n","protected":false},"excerpt":{"rendered":"Alors que le LOSC a enregistr\u00e9 le d\u00e9part de Bafod\u00e9 Diakit\u00e9, la rumeur Benjamin Pavard est apparue afin&hellip;\n","protected":false},"author":2,"featured_media":324185,"comment_status":"","ping_status":"","sticky":false,"template":"","format":"standard","meta":{"footnotes":""},"categories":[2815],"tags":[1111,11,1777,674,1011,27,811,1307,12,25],"class_list":{"0":"post-324184","1":"post","2":"type-post","3":"status-publish","4":"format-standard","5":"has-post-thumbnail","7":"category-lille","8":"tag-actu","9":"tag-actualites","10":"tag-eu","11":"tag-europe","12":"tag-fr","13":"tag-france","14":"tag-hauts-de-france","15":"tag-lille","16":"tag-news","17":"tag-republique-francaise"},"share_on_mastodon":{"url":"https:\/\/pubeurope.com\/@fr\/115042301044477842","error":""},"_links":{"self":[{"href":"https:\/\/www.europesays.com\/fr\/wp-json\/wp\/v2\/posts\/324184","targetHints":{"allow":["GET"]}}],"collection":[{"href":"https:\/\/www.europesays.com\/fr\/wp-json\/wp\/v2\/posts"}],"about":[{"href":"https:\/\/www.europesays.com\/fr\/wp-json\/wp\/v2\/types\/post"}],"author":[{"embeddable":true,"href":"https:\/\/www.europesays.com\/fr\/wp-json\/wp\/v2\/users\/2"}],"replies":[{"embeddable":true,"href":"https:\/\/www.europesays.com\/fr\/wp-json\/wp\/v2\/comments?post=324184"}],"version-history":[{"count":0,"href":"https:\/\/www.europesays.com\/fr\/wp-json\/wp\/v2\/posts\/324184\/revisions"}],"wp:featuredmedia":[{"embeddable":true,"href":"https:\/\/www.europesays.com\/fr\/wp-json\/wp\/v2\/media\/324185"}],"wp:attachment":[{"href":"https:\/\/www.europesays.com\/fr\/wp-json\/wp\/v2\/media?parent=324184"}],"wp:term":[{"taxonomy":"category","embeddable":true,"href":"https:\/\/www.europesays.com\/fr\/wp-json\/wp\/v2\/categories?post=324184"},{"taxonomy":"post_tag","embeddable":true,"href":"https:\/\/www.europesays.com\/fr\/wp-json\/wp\/v2\/tags?post=324184"}],"curies":[{"name":"wp","href":"https:\/\/api.w.org\/{rel}","templated":true}]}}