{"id":324186,"date":"2025-08-17T04:49:09","date_gmt":"2025-08-17T04:49:09","guid":{"rendered":"https:\/\/www.europesays.com\/fr\/324186\/"},"modified":"2025-08-17T04:49:09","modified_gmt":"2025-08-17T04:49:09","slug":"marseille-burger-king-ouvre-un-nouveau-restaurant-dans-ce-centre-commercial-tres-connu-voici-quand","status":"publish","type":"post","link":"https:\/\/www.europesays.com\/fr\/324186\/","title":{"rendered":"Marseille. Burger King ouvre un nouveau restaurant dans ce centre commercial tr\u00e8s connu, voici quand"},"content":{"rendered":"<p>            Par<br \/>\n        <strong><br \/>\n            <a href=\"https:\/\/actu.fr\/auteur\/thibault-nadal-actu-fr\" title=\"Consulter tous les articles de Thibault Nadal\" rel=\"nofollow noopener\" target=\"_blank\">Thibault Nadal<\/a><br \/>\n        <\/strong><\/p>\n<p>        Publi\u00e9 le<\/p>\n<p>            17 ao\u00fbt 2025 \u00e0 6h24        <\/p>\n<p><strong>EXCLUSIF<\/strong>. Une nouvelle adresse qui devrait faire fureur les jours de match de <a href=\"https:\/\/actu.fr\/tag\/olympique-de-marseille-om\" rel=\"nofollow noopener\" target=\"_blank\">l\u2019Olympique de Marseille<\/a> ou de concert <a href=\"https:\/\/actu.fr\/tag\/stade-velodrome\" rel=\"nofollow noopener\" target=\"_blank\">au stade V\u00e9lodrome<\/a>. Burger King s\u2019appr\u00eate \u00e0 inaugurer <strong>son dixi\u00e8me restaurant<\/strong> \u00e0 <a href=\"https:\/\/actu.fr\/marseille\/\" rel=\"nofollow noopener\" target=\"_blank\">Marseille<\/a>, annonce l\u2019enseigne am\u00e9ricaine \u00e0 actu Marseille. Mais il ne sera pas possible de d\u00e9guster des Whopper dans l\u2019imm\u00e9diat, puisque l\u2019ouverture n\u2019est pr\u00e9vue que dans plusieurs mois.<\/p>\n<p>Pas avant d\u00e9but octobre<\/p>\n<p class=\" wall-content\">Ce nouveau restaurant sera situ\u00e9 dans le centre commercial <strong>Prado Shopping<\/strong>, dans le 8e arrondissement, \u00e0 deux pas du stade V\u00e9lodrome et d\u2019Heiko, <a href=\"https:\/\/actu.fr\/provence-alpes-cote-d-azur\/les-pennes-mirabeau_13071\/pres-de-marseille-tous-ces-nouveaux-restaurants-debarquent-dans-ce-centre-commercial-tres-connu_62849151.html\" rel=\"nofollow noopener\" target=\"_blank\">un autre \u00e9tablissement qui a ouvert ses portes r\u00e9cemment<\/a>.<\/p>\n<p class=\" wall-content\">Aupr\u00e8s d\u2019actu Marseille, Burger King fait savoir que le futur restaurant Burger King ouvrira ses portes \u00ab\u2009d\u00e9but octobre\u2009\u00bb.<\/p>\n<blockquote class=\"ac-article-quote wall-content\">\n<p>En s\u2019implantant de nouveau \u00e0 Marseille, nous souhaitons prendre part \u00e0 la vie de la ville.<\/p>\n<p>    <strong>Burger King<\/strong>\n            <\/p><\/blockquote>\n<p>Encore des postes \u00e0 pourvoir<\/p>\n<p class=\" wall-content\">Pour le moment, les \u00e9quipes sur place s\u2019affairent \u00e0 transformer <strong>le local de 255\u00a0m2<\/strong> afin d\u2019accueillir le public \u00e0 temps. \u00ab\u2009Mise en place du mobilier, formation des \u00e9quipes, tout le monde se met en place pour le Jour-J.\u2009\u00bb<\/p>\n<p class=\" wall-content\">M\u00eame si les \u00e9quipes ne sont pas encore finalis\u00e9es, puisque <strong>\u00ab\u200920 postes d\u2019\u00e9quipiers et managers\u2009\u00bb<\/strong> sont encore \u00e0 pourvoir.<\/p>\n<p class=\" wall-content\">Une fois les travaux finis, le restaurant comptera <strong>50 places \u00e0 l\u2019int\u00e9rieur et 78 sur la terrasse<\/strong>.<\/p>\n<p class=\" wall-content\">Suivez toute l\u2019actualit\u00e9 de vos villes et m\u00e9dias favoris en vous inscrivant \u00e0 <a href=\"https:\/\/moncompte.actu.fr\" title=\"D\u00e9couvez Mon Actu\" rel=\"nofollow noopener\" data-trk=\"{&quot;cta&quot;:{&quot;action&quot;:&quot;https:\\\/\\\/moncompte.actu.fr&quot;,&quot;category&quot;:&quot;mon compte&quot;,&quot;from&quot;:&quot;article footer&quot;,&quot;name&quot;:&quot;Mon actu&quot;,&quot;type&quot;:&quot;cta&quot;}}\" target=\"_blank\">Mon Actu<\/a>.<\/p>\n","protected":false},"excerpt":{"rendered":"Par Thibault Nadal Publi\u00e9 le 17 ao\u00fbt 2025 \u00e0 6h24 EXCLUSIF. Une nouvelle adresse qui devrait faire fureur&hellip;\n","protected":false},"author":2,"featured_media":324187,"comment_status":"","ping_status":"","sticky":false,"template":"","format":"standard","meta":{"footnotes":""},"categories":[2814],"tags":[1111,11,1777,674,1011,27,1305,884,12,3147,882,25,1340,10479],"class_list":{"0":"post-324186","1":"post","2":"type-post","3":"status-publish","4":"format-standard","5":"has-post-thumbnail","7":"category-marseille","8":"tag-actu","9":"tag-actualites","10":"tag-eu","11":"tag-europe","12":"tag-fr","13":"tag-france","14":"tag-lifestyle","15":"tag-marseille","16":"tag-news","17":"tag-nouveaux-commerces","18":"tag-provence-alpes-cote-dazur","19":"tag-republique-francaise","20":"tag-restaurant","21":"tag-street-food"},"share_on_mastodon":{"url":"https:\/\/pubeurope.com\/@fr\/115042304886112372","error":""},"_links":{"self":[{"href":"https:\/\/www.europesays.com\/fr\/wp-json\/wp\/v2\/posts\/324186","targetHints":{"allow":["GET"]}}],"collection":[{"href":"https:\/\/www.europesays.com\/fr\/wp-json\/wp\/v2\/posts"}],"about":[{"href":"https:\/\/www.europesays.com\/fr\/wp-json\/wp\/v2\/types\/post"}],"author":[{"embeddable":true,"href":"https:\/\/www.europesays.com\/fr\/wp-json\/wp\/v2\/users\/2"}],"replies":[{"embeddable":true,"href":"https:\/\/www.europesays.com\/fr\/wp-json\/wp\/v2\/comments?post=324186"}],"version-history":[{"count":0,"href":"https:\/\/www.europesays.com\/fr\/wp-json\/wp\/v2\/posts\/324186\/revisions"}],"wp:featuredmedia":[{"embeddable":true,"href":"https:\/\/www.europesays.com\/fr\/wp-json\/wp\/v2\/media\/324187"}],"wp:attachment":[{"href":"https:\/\/www.europesays.com\/fr\/wp-json\/wp\/v2\/media?parent=324186"}],"wp:term":[{"taxonomy":"category","embeddable":true,"href":"https:\/\/www.europesays.com\/fr\/wp-json\/wp\/v2\/categories?post=324186"},{"taxonomy":"post_tag","embeddable":true,"href":"https:\/\/www.europesays.com\/fr\/wp-json\/wp\/v2\/tags?post=324186"}],"curies":[{"name":"wp","href":"https:\/\/api.w.org\/{rel}","templated":true}]}}