{"id":324188,"date":"2025-08-17T04:50:23","date_gmt":"2025-08-17T04:50:23","guid":{"rendered":"https:\/\/www.europesays.com\/fr\/324188\/"},"modified":"2025-08-17T04:50:23","modified_gmt":"2025-08-17T04:50:23","slug":"si-lom-croit-que-les-buts-tombent-du-ciel-la-colere-de-roberto-de-zerbi","status":"publish","type":"post","link":"https:\/\/www.europesays.com\/fr\/324188\/","title":{"rendered":"si l&rsquo;OM \u00abcroit que les buts tombent du ciel&#8230;\u00bb, la col\u00e8re de Roberto de Zerbi"},"content":{"rendered":"<p>L\u2019entra\u00eeneur marseillais est revenu, avec amertume, sur la d\u00e9faite de ses joueurs ce vendredi soir face \u00e0 Rennes (1-0).<\/p>\n<p class=\"fig-paragraph\">Dominateur et en sup\u00e9riorit\u00e9 num\u00e9rique pendant une heure,\u00a0<a href=\"http:\/\/www.lefigaro.fr\/sports\/football\/ligue-1\/rennes-marseille-merlin-epatant-gouiri-inexistant-les-tops-et-les-flops-20250815\" data-fig-type=\"NewsFlash\" data-gtm-custom-categorie=\"navigation\" data-gtm-custom-action=\"crossclick\" data-gtm-custom-label=\"Contextuel\" data-gtm-event=\"customEventSPE\" data-fig-domain=\"LEFIGARO\" target=\"_blank\" rel=\"noopener\">Marseille<\/a>\u00a0a c\u00e9d\u00e9 en fin de match \u00e0\u00a0<a href=\"http:\/\/www.lefigaro.fr\/sports\/football\/ligue-1\/ligue-1-a-10-contre-11-rennes-surprend-marseille-dans-le-temps-additionnel-20250815\" data-fig-type=\"NewsFlash\" data-gtm-custom-categorie=\"navigation\" data-gtm-custom-action=\"crossclick\" data-gtm-custom-label=\"Contextuel\" data-gtm-event=\"customEventSPE\" data-fig-domain=\"LEFIGARO\" target=\"_blank\" rel=\"noopener\">Rennes<\/a>\u00a0(0-1), vendredi, par manque de r\u00e9alisme, a jug\u00e9 l&rsquo;entra\u00eeneur Roberto de Zerbi qui a rappel\u00e9 \u00e0 ses joueurs que les buts ne \u00abtombent pas du ciel\u00bb.<\/p>\n<p class=\"fig-paragraph\">\u00abOn a eu beaucoup d&rsquo;occasions mais on n&rsquo;a pas marqu\u00e9 et on a encaiss\u00e9 ce but b\u00eate (&#8230;) Si on pense qu&rsquo;on est plus fort qu&rsquo;on ne l&rsquo;est et que les buts vont tomber du ciel, alors on n&rsquo;a rien compris\u00bb, a d\u00e9plor\u00e9 le coach italien en conf\u00e9rence de presse. \u00abIl faut r\u00e9ussir \u00e0 se les cr\u00e9er, ces buts, avec de l&rsquo;envie, avec du cynisme, avec plus de m\u00e9chancet\u00e9\u00bb, a-t-il ajout\u00e9.<\/p>\n<p>                                    <a class=\"fig-a11y-skip a11y-hidden\" href=\"#fig-a11y-skip-main-inarticle\"><br \/>\n        Passer la publicit\u00e9<br \/>\n    <\/a><\/p>\n<p>Rebond attendu<\/p>\n<p class=\"fig-paragraph\">La frustration est d&rsquo;autant plus grande que son \u00e9quipe a \u00e9volu\u00e9 \u00e0 onze contre dix d\u00e8s la demi-heure de jeu, m\u00eame si, \u00abquand eux ont \u00e9t\u00e9 r\u00e9duits \u00e0 dix, on a eu encore moins d&rsquo;espace\u00bb, a-t-il soulign\u00e9. Pire, \u00e0 l&rsquo;entame du temps additionnel, Marseille s&rsquo;est fait surprendre par un but de\u00a0<a href=\"http:\/\/www.lefigaro.fr\/sports\/football\/ligue-1\/rennes-marseille-en-video-le-but-de-ludovic-blas-qui-a-mis-l-om-a-terre-20250815\" data-fig-type=\"NewsFlash\" data-gtm-custom-categorie=\"navigation\" data-gtm-custom-action=\"crossclick\" data-gtm-custom-label=\"Contextuel\" data-gtm-event=\"customEventSPE\" data-fig-domain=\"LEFIGARO\" target=\"_blank\" rel=\"noopener\">Ludovic Blas<\/a>\u00a0qui lui a m\u00eame co\u00fbt\u00e9 le point du match nul.<\/p>\n<p class=\"fig-paragraph\">\u00abCe qui m&rsquo;a \u00e9nerv\u00e9 le plus, c&rsquo;est d&rsquo;encaisser ce but\u00bb, a m\u00eame jug\u00e9 de Zerbi. \u00abOn a tout fait pour essayer de marquer et parfois le ballon ne rentre pas, mais, l\u00e0, c&rsquo;est vraiment un but qu&rsquo;on ne doit pas prendre. On ne doit m\u00eame pas risquer de le prendre ce genre de but\u00bb, a-t-il pest\u00e9. Il esp\u00e8re cependant que son \u00e9quipe saura rebondir d\u00e8s la semaine prochaine, \u00e0 domicile, contre le promu, le Paris FC.<\/p>\n<blockquote class=\"fig-quote&#10;    \">\n<p class=\"fig-quote__text\">S\u2019il y a trop de hauts ou trop de bas, que dans les moments positifs on pense qu\u2019on est trop forts et dans les moments faibles on pense qu\u2019on n\u2019a pas sa place, on n\u2019a pas sa place \u00e0 l\u2019OM<\/p>\n<p>            Roberto de Zerbi\n    <\/p><\/blockquote>\n<p class=\"fig-paragraph\">\u00abIl faut qu&rsquo;on comprenne un truc tr\u00e8s simple dans le football: ce qu&rsquo;on a fait hier, aujourd&rsquo;hui, \u00e7a compte pour z\u00e9ro\u00bb, a-t-il expliqu\u00e9. \u00abTout le monde n&rsquo;a pas encore compris qu&rsquo;il y a une qualit\u00e9 qui est la plus importante: c&rsquo;est l&rsquo;\u00e9quilibre, d&rsquo;\u00eatre toujours au m\u00eame niveau, de motivation, d&rsquo;envie, d&rsquo;humilit\u00e9, de sacrifice et de travail. S&rsquo;il y a trop de hauts ou trop de bas, que dans les moments positifs on pense qu&rsquo;on est trop forts et dans les moments faibles on pense qu&rsquo;on n&rsquo;a pas sa place, on n&rsquo;a pas sa place \u00e0 l&rsquo;OM\u00bb, a-t-il conclu.<\/p>\n","protected":false},"excerpt":{"rendered":"L\u2019entra\u00eeneur marseillais est revenu, avec amertume, sur la d\u00e9faite de ses joueurs ce vendredi soir face \u00e0 Rennes&hellip;\n","protected":false},"author":2,"featured_media":324189,"comment_status":"","ping_status":"","sticky":false,"template":"","format":"standard","meta":{"footnotes":""},"categories":[2814],"tags":[1111,11,1777,674,1011,27,884,12,1176,882,25,3087],"class_list":{"0":"post-324188","1":"post","2":"type-post","3":"status-publish","4":"format-standard","5":"has-post-thumbnail","7":"category-marseille","8":"tag-actu","9":"tag-actualites","10":"tag-eu","11":"tag-europe","12":"tag-fr","13":"tag-france","14":"tag-marseille","15":"tag-news","16":"tag-olympique-de-marseille","17":"tag-provence-alpes-cote-dazur","18":"tag-republique-francaise","19":"tag-stade-rennais"},"share_on_mastodon":{"url":"https:\/\/pubeurope.com\/@fr\/115042309307173139","error":""},"_links":{"self":[{"href":"https:\/\/www.europesays.com\/fr\/wp-json\/wp\/v2\/posts\/324188","targetHints":{"allow":["GET"]}}],"collection":[{"href":"https:\/\/www.europesays.com\/fr\/wp-json\/wp\/v2\/posts"}],"about":[{"href":"https:\/\/www.europesays.com\/fr\/wp-json\/wp\/v2\/types\/post"}],"author":[{"embeddable":true,"href":"https:\/\/www.europesays.com\/fr\/wp-json\/wp\/v2\/users\/2"}],"replies":[{"embeddable":true,"href":"https:\/\/www.europesays.com\/fr\/wp-json\/wp\/v2\/comments?post=324188"}],"version-history":[{"count":0,"href":"https:\/\/www.europesays.com\/fr\/wp-json\/wp\/v2\/posts\/324188\/revisions"}],"wp:featuredmedia":[{"embeddable":true,"href":"https:\/\/www.europesays.com\/fr\/wp-json\/wp\/v2\/media\/324189"}],"wp:attachment":[{"href":"https:\/\/www.europesays.com\/fr\/wp-json\/wp\/v2\/media?parent=324188"}],"wp:term":[{"taxonomy":"category","embeddable":true,"href":"https:\/\/www.europesays.com\/fr\/wp-json\/wp\/v2\/categories?post=324188"},{"taxonomy":"post_tag","embeddable":true,"href":"https:\/\/www.europesays.com\/fr\/wp-json\/wp\/v2\/tags?post=324188"}],"curies":[{"name":"wp","href":"https:\/\/api.w.org\/{rel}","templated":true}]}}