{"id":324190,"date":"2025-08-17T04:51:17","date_gmt":"2025-08-17T04:51:17","guid":{"rendered":"https:\/\/www.europesays.com\/fr\/324190\/"},"modified":"2025-08-17T04:51:17","modified_gmt":"2025-08-17T04:51:17","slug":"lyon-retraite-agresse-en-pleine-rue-des-centaines-de-rats-dans-une-residence-et-quid-de-la-ztl-les-actus-quil-ne-fallait-pas-manquer-cette-semaine","status":"publish","type":"post","link":"https:\/\/www.europesays.com\/fr\/324190\/","title":{"rendered":"Lyon Retrait\u00e9 agress\u00e9 en pleine rue, des centaines de rats dans une r\u00e9sidence et quid de la ZTL &#8230; Les actus qu\u2019il ne fallait pas manquer cette semaine"},"content":{"rendered":"<p>&#13;<br \/>\n  \u00a0\u00abIl a ruin\u00e9 les derni\u00e8res ann\u00e9es de vie de notre papa\u00bb : Angelo, 86 ans, battu pour sa cha\u00eene en or<\/p>\n<p>Angelo, r\u00e9sident depuis 60 ans du quartier de Gerland (Lyon 7e), a \u00e9t\u00e9 victime d\u2019un violent arrachage de collier lors de sa promenade dominicale, ce 10\u00a0ao\u00fbt. \u00ab\u00a0Mon papa aurait pu perdre la vie\u00a0\u00bb, s\u2019indigne sa fille Ghyslaine, qui ne compte pas en rester l\u00e0.\u00a0<\/p>\n<p>La cha\u00eenette en or, qu\u2019Angelo portait autour du cou, lui est arrach\u00e9e de force. \u00ab\u00a0C\u2019\u00e9tait un cadeau de sa petite s\u0153ur\u00a0\u00bb, pr\u00e9cise Ghyslaine. L\u2019homme est emmen\u00e9 \u00e0 l\u2019h\u00f4pital \u00c9douard-Herriot : \u00ab\u00a0Il pr\u00e9sentait plusieurs blessures, \u00e7a lui a co\u00fbt\u00e9 une hanche et un f\u00e9mur. Il a aussi 15 points (de suture) \u00e0 chaque bras. \u00bb Angelo a \u00e9t\u00e9 op\u00e9r\u00e9 par un chirurgien, il est sur la voie de la gu\u00e9rison&#8230;<\/p>\n<p><strong>&gt;&gt; <a href=\"https:\/\/www.leprogres.fr\/faits-divers-justice\/2025\/08\/14\/il-l-a-fini-a-coups-de-pied-angelo-86-ans-passe-a-tabac-a-lyon-pour-un-bijou\" target=\"_blank\" rel=\"noopener\">Notre article est \u00e0 lire ici\u00a0<\/a><\/strong><\/p>\n<p>        &#13;<br \/>\n          <a href=\"https:\/\/cdn-s-www.leprogres.fr\/images\/8a149f1d-7eb0-4a8a-be51-8c12d5c4b647\/NW_raw\/la-piscine-jean-mermoz-(lyon-8e)-fermera-ses-portes-deux-mercredis-en-aout-photo-d-archives-cyril-lestage-1723483615.jpg\" title=\"La piscine Jean-Mermoz (Lyon 8e) fermera ses portes deux mercredis en ao\u00fbt.\u00a0 Photo d\u2019archives Cyril Lestage\" class=\"chocolat-image GA-tracking\" data-ga_type=\"click\" data-ga_category=\"D\u00e9tail\" data-ga_action=\"zoomer\" data-ga_label=\"agrandir image\" target=\"_blank\" rel=\"noopener\">&#13;<br \/>\n            <img loading=\"lazy\" decoding=\"async\" src=\"https:\/\/www.europesays.com\/fr\/wp-content\/uploads\/2025\/08\/la-piscine-jean-mermoz-(lyon-8e)-fermera-ses-portes-deux-mercredis-en-aout-photo-d-archives-cyril-le.jpeg\" alt=\"La piscine Jean-Mermoz (Lyon 8e) fermera ses portes deux mercredis en ao\u00fbt.\u00a0 Photo d\u2019archives Cyril Lestage\"\/>&#13;<br \/>\n          <\/a>&#13;<br \/>\n          &#13;<\/p>\n<p class=\"insetTitle\">Deux piscines municipales contraintes \u00e0 des fermetures en ao\u00fbt, faute de ma\u00eetres-nageurs<\/p>\n<p>En raison d\u2019une \u00ab\u00a0p\u00e9nurie nationale de ma\u00eetres-nageurs sauveteurs\u00a0\u00bb, les piscines municipales Jean-Mermoz (8e) et La Duch\u00e8re (9e) ne pourront pas accueillir les baigneurs lyonnais\u00a0certains jours du mois d\u2019ao\u00fbt.\u00a0<\/p>\n<p>Ce d\u00e9ficit de vocations nuit \u00e0 l\u2019enseignement de la natation, mais aussi au fonctionnement des \u00e9quipements.\u00a0Une suite de d\u00e9convenues qui tombe plut\u00f4t mal, alors que <a href=\"https:\/\/www.leprogres.fr\/d\/la-canicule-dans-le-rhone-fd40321f-3b22-4a6c-a9d1-6d422d7391dd\" target=\"_blank\" rel=\"noopener\">la canicule frappe le d\u00e9partement depuis le jeudi 7 ao\u00fbt<\/a>.<\/p>\n<p><strong>&gt;&gt; <a href=\"https:\/\/www.leprogres.fr\/sport\/2025\/08\/11\/deux-piscines-municipales-contraintes-a-des-fermetures-en-aout-faute-de-maitres-nageurs\" target=\"_blank\" rel=\"noopener\">Notre article est \u00e0 lire ici\u00a0<\/a><\/strong><\/p>\n<p>&#13;<br \/>\n  402 rats captur\u00e9s en cinq jours : les riverains de la Cit\u00e9 Tony-Garnier racontent leur \u00ab\u00a0cauchemar\u00a0\u00bb<\/p>\n<p>Les riverains d\u2019une r\u00e9sidence g\u00e9r\u00e9e par GrandLyon Habitat doivent cohabiter avec des cadavres de rats pi\u00e9g\u00e9s par des bo\u00eetes \u00e0 app\u00e2t. Pr\u00e8s de 500 rongeurs ont d\u00e9j\u00e0 \u00e9t\u00e9 captur\u00e9s mais les habitants se sentent impuissants face au risque sanitaire : \u00ab Les pi\u00e8ges sont pos\u00e9s \u00e0 m\u00eame le sol dans des espaces accessibles \u00e0 tous, y compris aux jeunes enfants, aux animaux domestiques, aux chats des rues et aux oiseaux, ce qui est totalement inacceptable \u00bb<\/p>\n<p>Un habitant dresse un tableau quasi apocalyptique de la situation \u00a0: \u00ab Les cons\u00e9quences sont d\u00e9sastreuses, des dizaines de cadavres de rats jonchent les jardins int\u00e9rieurs et personne ne les a ramass\u00e9s depuis le 24 juillet. Ils attirent les mouches et les vers sont omnipr\u00e9sents, cr\u00e9ant une odeur de putr\u00e9faction insoutenable sous les fen\u00eatres des locataires et aux alentours. \u00bb<\/p>\n<p><strong>&gt;&gt; <a href=\"https:\/\/www.leprogres.fr\/sante\/2025\/08\/11\/cite-tony-garnier-dans-le-8e-les-riverains-perdent-patience-face-a-la-proliferation-des-rats\" target=\"_blank\" rel=\"noopener\">Notre article \u00e0 lire ici\u00a0<\/a><\/strong><\/p>\n<p>        &#13;<br \/>\n          <a href=\"https:\/\/cdn-s-www.leprogres.fr\/images\/705448ab-bebc-41ce-901f-7d5e32f455a5\/NW_raw\/les-automobilistes-depourvus-d-autorisation-ne-franchissent-pas-la-borne-de-la-rue-gentil-l-une-des-portes-d-entree-de-la-ztl-en-presqu-ile-de-lyon-photo-remi-liogier-1755276554.jpg\" title=\"Les automobilistes d\u00e9pourvus d&#039;autorisation ne franchissent pas la borne de la rue Gentil, l&#039;une des portes d&#039;entr\u00e9e de la ZTL en Presqu&#039;\u00eele de Lyon. Photo R\u00e9mi Liogier\" class=\"chocolat-image GA-tracking\" data-ga_type=\"click\" data-ga_category=\"D\u00e9tail\" data-ga_action=\"zoomer\" data-ga_label=\"agrandir image\" target=\"_blank\" rel=\"noopener\">&#13;<br \/>\n            <img loading=\"lazy\" decoding=\"async\" src=\"https:\/\/www.europesays.com\/fr\/wp-content\/uploads\/2025\/08\/les-automobilistes-depourvus-d-autorisation-ne-franchissent-pas-la-borne-de-la-rue-gentil-l-une-des-.jpeg\" alt=\"Les automobilistes d\u00e9pourvus d'autorisation ne franchissent pas la borne de la rue Gentil, l'une des portes d'entr\u00e9e de la ZTL en Presqu'\u00eele de Lyon. Photo R\u00e9mi Liogier\"\/>&#13;<br \/>\n          <\/a>&#13;<br \/>\n          &#13;<\/p>\n<p class=\"insetTitle\">\u00ab Je dois r\u00e9cup\u00e9rer un client, c\u2019est possible de passer ? \u00bb Comment fonctionne cette ZTL qui ferme la Presqu\u2019\u00eele<\/p>\n<p>En Presqu\u2019\u00eele, les plots r\u00e9tractables des rues Port-du-Temple, c\u00f4t\u00e9 Sa\u00f4ne, et Gentil, c\u00f4t\u00e9 Rh\u00f4ne, sont en service depuis le 28\u00a0juillet. Chaque jour, ils se l\u00e8vent \u00e0 13 heures, \u00e0\u00a0terme, la ZTL en comptera\u00a0cinq.\u00a0<\/p>\n<p>Pour int\u00e9grer le p\u00e9rim\u00e8tre, les automobilistes qui sont enregistr\u00e9s dans la base de donn\u00e9es n\u2019ont qu\u2019\u00e0 avancer jusqu\u2019\u00e0 la but\u00e9e et la borne les laisse entrer une fois leur plaque d\u2019immatriculation est reconnue, mais d&rsquo;autres\u00a0se glissent dans le sillage du v\u00e9hicule reconnu&#8230;<\/p>\n<p><strong>&gt;&gt; <a href=\"https:\/\/www.leprogres.fr\/transport\/2025\/08\/15\/je-dois-recuperer-un-client-c-est-possible-de-passer-comment-fonctionne-cette-ztl-qui-ferme-la-presqu-ile\" target=\"_blank\" rel=\"noopener\">Notre article \u00e0 lire ici<\/a><\/strong><\/p>\n<p>&#13;<br \/>\n  De Lyon \u00e0 l\u2019Andalousie\u00a0: elle a tout plaqu\u00e9 pour produire de l\u2019huile d\u2019olive<\/p>\n<p>La Lyonnaise Philippine Mignot est partie pour une ann\u00e9e Erasmus \u00e0 Belfast, alors qu\u2019elle \u00e9tudiait le droit europ\u00e9en \u00e0 Lyon, il y a une dizaine d\u2019ann\u00e9es. \u00ab\u00a0Cela a \u00e9t\u00e9 l\u2019une des plus belles ann\u00e9es de ma vie, puisque j\u2019y ai rencontr\u00e9 mon conjoint Manuel. \u00bb<\/p>\n<p>Et puis, il suffit presque d\u2019une seule visite sur les terres natales de Manuel, \u00e0 Torredonjimeno, dans la province Ja\u00e9n en Andalousie, pour que la Lyonnaise, d\u00e9j\u00e0 sensibilis\u00e9e \u00e0 la vie rurale par son p\u00e8re, se passionne pour les oliveraies et la production de l\u2019huile d\u2019olive. Le couple, qui s\u2019appr\u00eate \u00e0 accueillir \u00d3liver, son petit gar\u00e7on, se lance un d\u00e9fi\u00a0! Reprendre une partie des parcelles et les reconvertir en bio.<\/p>\n<p><strong>&gt;&gt; <a href=\"https:\/\/www.leprogres.fr\/economie\/2025\/08\/11\/de-lyon-a-l-andalousie-elle-a-tout-plaque-pour-produire-de-l-huile-d-olive\" target=\"_blank\" rel=\"noopener\">Notre article \u00e0 lire ici\u00a0<\/a><\/strong><\/p>\n<p>        &#13;<br \/>\n          <a href=\"https:\/\/cdn-s-www.leprogres.fr\/images\/6989ee25-97d2-4f3f-82b4-1ff069fa9afb\/NW_raw\/le-chamois-du-parc-de-la-tete-d-or-a-ete-apercu-ce-lundi-matin-aux-alentours-de-la-rue-garibaldi-dans-le-6e-arrondissement-photo-fournie-par-ingrid-jendrzejak-1754932508.jpg\" title=\"Le chamois du Parc de la T\u00eate d&#039;Or a \u00e9t\u00e9 aper\u00e7u ce lundi matin aux alentours de la rue Garibaldi, dans le 6e arrondissement. Photo\u00a0fournie par Ingrid Jendrzejak\" class=\"chocolat-image GA-tracking\" data-ga_type=\"click\" data-ga_category=\"D\u00e9tail\" data-ga_action=\"zoomer\" data-ga_label=\"agrandir image\" target=\"_blank\" rel=\"noopener\">&#13;<br \/>\n            <img loading=\"lazy\" decoding=\"async\" src=\"https:\/\/www.europesays.com\/fr\/wp-content\/uploads\/2025\/08\/le-chamois-du-parc-de-la-tete-d-or-a-ete-apercu-ce-lundi-matin-aux-alentours-de-la-rue-garibaldi-dan.jpeg\" alt=\"Le chamois du Parc de la T\u00eate d'Or a \u00e9t\u00e9 aper\u00e7u ce lundi matin aux alentours de la rue Garibaldi, dans le 6e arrondissement. Photo\u00a0fournie par Ingrid Jendrzejak\"\/>&#13;<br \/>\n          <\/a>&#13;<br \/>\n          &#13;<\/p>\n<p class=\"insetTitle\"> Le chamois de la T\u00eate d\u2019Or se prom\u00e8ne en ville: \u00abC\u2019\u00e9tait assez impressionnant de voir cet animal\u00bb<\/p>\n<p>Le chamois qui se terrait dans les fourr\u00e9s du parc de la T\u00eate d\u2019Or a d\u00e9cid\u00e9, ce lundi matin, de sortir de sa cachette pour se d\u00e9gourdir les pattes dans les rues de Lyon.<\/p>\n<p>\u00ab\u00a0J\u2019ai vu ce chamois d\u00e9bouler dans la rue, par hasard, alors que je regardais par ma fen\u00eatre, raconte Ingrid Jendrzejak.\u00a0C\u2019\u00e9tait assez impressionnant de voir cet animal au milieu de la rue, au milieu des voitures\u00a0; il contrastait vraiment avec le d\u00e9cor\u00a0! Heureusement qu\u2019il n\u2019y avait pas de v\u00e9hicule en circulation dans la rue \u00e0 ce moment-l\u00e0, il fon\u00e7ait tout droit\u00a0\u00bb. Pour le moment, l&rsquo;animal se balade toujours en ville&#8230;<\/p>\n<p><strong>&gt;&gt; <a href=\"https:\/\/www.leprogres.fr\/societe\/2025\/08\/11\/chamois-echappe-de-la-tete-d-or-c-etait-assez-impressionnant-de-voir-cet-animal\" target=\"_blank\" rel=\"noopener\">Notre article \u00e0 lire ici<\/a><\/strong><\/p>\n","protected":false},"excerpt":{"rendered":"&#13; \u00a0\u00abIl a ruin\u00e9 les derni\u00e8res ann\u00e9es de vie de notre papa\u00bb : Angelo, 86 ans, battu pour&hellip;\n","protected":false},"author":2,"featured_media":324191,"comment_status":"","ping_status":"","sticky":false,"template":"","format":"standard","meta":{"footnotes":""},"categories":[1889],"tags":[1111,11,1867,2430,3542,1687,33,2757,3154,1777,674,1011,27,2428,12,25,2429,104,2803],"class_list":{"0":"post-324190","1":"post","2":"type-post","3":"status-publish","4":"format-standard","5":"has-post-thumbnail","7":"category-lyon","8":"tag-actu","9":"tag-actualites","10":"tag-animaux","11":"tag-auvergne-rhone-alpes","12":"tag-circulation","13":"tag-culture-loisirs","14":"tag-economie","15":"tag-edition-lyon-villeurbanne","16":"tag-edition-sud-lyonnais","17":"tag-eu","18":"tag-europe","19":"tag-fr","20":"tag-france","21":"tag-lyon","22":"tag-news","23":"tag-republique-francaise","24":"tag-rhone","25":"tag-societe","26":"tag-transport"},"share_on_mastodon":{"url":"https:\/\/pubeurope.com\/@fr\/115042312970784273","error":""},"_links":{"self":[{"href":"https:\/\/www.europesays.com\/fr\/wp-json\/wp\/v2\/posts\/324190","targetHints":{"allow":["GET"]}}],"collection":[{"href":"https:\/\/www.europesays.com\/fr\/wp-json\/wp\/v2\/posts"}],"about":[{"href":"https:\/\/www.europesays.com\/fr\/wp-json\/wp\/v2\/types\/post"}],"author":[{"embeddable":true,"href":"https:\/\/www.europesays.com\/fr\/wp-json\/wp\/v2\/users\/2"}],"replies":[{"embeddable":true,"href":"https:\/\/www.europesays.com\/fr\/wp-json\/wp\/v2\/comments?post=324190"}],"version-history":[{"count":0,"href":"https:\/\/www.europesays.com\/fr\/wp-json\/wp\/v2\/posts\/324190\/revisions"}],"wp:featuredmedia":[{"embeddable":true,"href":"https:\/\/www.europesays.com\/fr\/wp-json\/wp\/v2\/media\/324191"}],"wp:attachment":[{"href":"https:\/\/www.europesays.com\/fr\/wp-json\/wp\/v2\/media?parent=324190"}],"wp:term":[{"taxonomy":"category","embeddable":true,"href":"https:\/\/www.europesays.com\/fr\/wp-json\/wp\/v2\/categories?post=324190"},{"taxonomy":"post_tag","embeddable":true,"href":"https:\/\/www.europesays.com\/fr\/wp-json\/wp\/v2\/tags?post=324190"}],"curies":[{"name":"wp","href":"https:\/\/api.w.org\/{rel}","templated":true}]}}