{"id":324198,"date":"2025-08-17T04:57:10","date_gmt":"2025-08-17T04:57:10","guid":{"rendered":"https:\/\/www.europesays.com\/fr\/324198\/"},"modified":"2025-08-17T04:57:10","modified_gmt":"2025-08-17T04:57:10","slug":"le-1er-juin-1961-un-quartier-de-la-ville-seffondrait-en-quelques-secondes-dans-les-profondeurs","status":"publish","type":"post","link":"https:\/\/www.europesays.com\/fr\/324198\/","title":{"rendered":"le 1er juin 1961, un quartier de la ville s&rsquo;effondrait en quelques secondes dans les profondeurs"},"content":{"rendered":"<p>            Par<br \/>\n        <strong><br \/>\n            <a href=\"https:\/\/actu.fr\/auteur\/antoine-blanchet\" title=\"Consulter tous les articles de Antoine Blanchet\" rel=\"nofollow noopener\" target=\"_blank\">Antoine Blanchet<\/a><br \/>\n        <\/strong><\/p>\n<p>        Publi\u00e9 le<\/p>\n<p>            17 ao\u00fbt 2025 \u00e0 6h32        <\/p>\n<p>Un bruit sourd et en quelques instants, plus rien. Le 1\u1d49\u02b3 juin 1961, l\u2019impensable se d\u00e9roule \u00e0 <a href=\"https:\/\/actu.fr\/ile-de-france\/clamart_92023\" rel=\"nofollow noopener\" target=\"_blank\">Clamart<\/a> (<a href=\"https:\/\/actu.fr\/ile-de-france\/hauts-de-seine_92\" rel=\"nofollow noopener\" target=\"_blank\">Hauts-de-Seine<\/a>), mais aussi \u00e0 <a href=\"https:\/\/actu.fr\/ile-de-france\/issy-les-moulineaux_92040\" rel=\"nofollow noopener\" target=\"_blank\">Issy-les-Moulineaux<\/a> tout \u00e0 c\u00f4t\u00e9. Un<strong> effondrement de carri\u00e8res souterraines<\/strong> provoque la disparition d\u2019un quartier dans les profondeurs. Maisons, rues et m\u00eame stade : le lieu r\u00e9sidentiel passe de la vie au n\u00e9ant en quelques instants. Au total : 21 personnes d\u00e9c\u00e8dent dans la catastrophe.<\/p>\n<p>Le fontis : un risque r\u00e9el en r\u00e9gion parisienne\u00a0<\/p>\n<p class=\" wall-content\">Pour comprendre ce drame qui a frapp\u00e9 les deux communes, il faut parler des carri\u00e8res souterraines. \u00ab\u00a0Depuis l\u2019Antiquit\u00e9, on a creus\u00e9 en sous-sol dans cette zone afin d\u2019extraire le gypse ou encore la craie. Le gypse servait \u00e0 fabriquer le pl\u00e2tre\u00a0\u00bb, d\u00e9taille<strong> Dominique Boussuge<\/strong>, experte technique et scientifique en ouvrage b\u00e2ti. Le calcaire \u00e9tait aussi pris\u00e9 pour fa\u00e7onner les b\u00e2timents.\u00a0<\/p>\n<p class=\" wall-content\">Ces si\u00e8cles d\u2019exploitation des carri\u00e8res ont eu pour cons\u00e9quence de faire d\u2019une partie de Paris et des d\u00e9partements limitrophes des gruy\u00e8res souterrains. Dans la capitale, <a href=\"https:\/\/actu.fr\/ile-de-france\/paris_75056\/en-images-dans-les-catacombes-de-paris-une-promenade-historique-macabre-et-poetique_52501883.html\" rel=\"nofollow noopener\" target=\"_blank\">les catacombes<\/a>, officielles et officieuses, sont des traces de ce travail souterrain. \u00ab\u00a0Apr\u00e8s la guerre, on a commenc\u00e9 \u00e0 construire des logements sur ces galeries \u00e0 Clamart\u00a0\u00bb.<\/p>\n<p class=\" wall-content\">D\u2019ann\u00e9es en ann\u00e9es, certaines de ces structures en profondeur se fragilisent. L\u2019une des causes : la pluie. \u00ab\u00a0C\u2019est surtout le cas avec <strong>la craie et le gypse qui vont se dissoudre<\/strong> au contact de l\u2019eau\u00a0\u00bb, d\u00e9taille Dominique Boussuge. Ces d\u00e9gradations progressives peuvent endommager le toit des carri\u00e8res et cr\u00e9er un <strong>fontis<\/strong>. Il s\u2019agit d\u2019un effondrement progressif jusqu\u2019\u00e0 la surface. Voirie, habitations\u2026 Le ph\u00e9nom\u00e8ne peut aboutir \u00e0 l\u2019effondrement pur et simple de ce qui se trouve au-dessus.\u00a0<\/p>\n<p>Un quartier dispara\u00eet en quelques secondes<\/p>\n<p class=\" wall-content\">C\u2019est sur des carri\u00e8res de craie que se trouvait le quartier <a href=\"https:\/\/actu.fr\/ile-de-france\/clamart_92023\/hauts-de-seine-clamart-fait-don-de-100-000-euros-a-l-hopital-des-armees-de-percy_45040828.html\" rel=\"nofollow noopener\" target=\"_blank\">de l\u2019h\u00f4pital Percy<\/a>. Est-ce li\u00e9 \u00e0 de fortes pluies les jours pr\u00e9c\u00e9dents que le 1\u1d49\u02b3 juin 1961, vers 10h30, une secousse vint troubler la qui\u00e9tude du quartier r\u00e9sidentiel ? Le tremblement de terre secoue les maisons. Au niveau de l\u2019all\u00e9e de Bellevue et au stade d\u2019Issy-les-Moulineaux, un premier affaissement se produit. Quelques habitations sont \u00e9ventr\u00e9es. <strong>Une personne d\u00e9c\u00e8de<\/strong> dans ce premier \u00e9branlement.\u00a0<\/p>\n<p class=\" wall-content\">\u00c0 ce moment-l\u00e0, beaucoup d\u2019habitants de Clamart sont au march\u00e9. Trente minutes apr\u00e8s, de nouveaux tremblements se produisent <strong>au niveau de la rue du G\u00e9n\u00e9ral-N\u00e9grier<\/strong>. L\u2019effondrement est d\u2019ampleur. Un entonnoir de six hectares se forme. En quelques secondes, les pavillons tombent enti\u00e8rement dans les carri\u00e8res souterraines. Beaucoup d\u2019habitants qui \u00e9taient chez eux trouvent la mort. Un jeune p\u00e8re de famille, qui avait pu \u00e9vacuer sa femme et son fils apr\u00e8s la premi\u00e8re secousse, \u00e9tait revenu dans sa maison accompagn\u00e9 de deux adolescentes pour r\u00e9cup\u00e9rer des affaires. Les <strong>trois trouveront la mort dans l\u2019effondrement.\u00a0<\/strong><\/p>\n<p>De nombreux sinistr\u00e9s\u00a0<\/p>\n<p class=\" wall-content\">Au total, ce sont <strong>25 maisons, un immeuble et une usine<\/strong> qui chutent dans les profondeurs. \u00ab\u00a0Tout le quartier est descendu brusquement, juste devant moi. Je vois encore l\u2019usine de mosa\u00efque s\u2019\u00e9crouler\u00a0\u00bb, se rem\u00e9more un survivant aupr\u00e8s de nos confr\u00e8res du Parisien. Tr\u00e8s vite, les secours se mettent en place pour retirer les corps et les \u00e9ventuels survivants engloutis. Dans cette catastrophe d\u2019ampleur, 21 personnes trouvent la mort. Parmi les d\u00e9funts, des enfants, dont le plus jeune est \u00e2g\u00e9 de trois ans. On compte aussi une quarantaine de bless\u00e9s.\u00a0<\/p>\n<p class=\" wall-content\">La circulation est compl\u00e8tement coup\u00e9e dans le quartier. Des habitants sont \u00e9vacu\u00e9s de leurs logements, car on craint de nouveaux effondrements. De nombreux sinistr\u00e9s doivent \u00eatre pris en charge. Un centre d\u2019h\u00e9bergement est cr\u00e9\u00e9 pour les accueillir. Des aides sont octroy\u00e9es par l\u2019\u00c9tat et pr\u00e9sident de la R\u00e9publique <strong>Charles de Gaulle<\/strong>. Le secours vient m\u00eame de l\u2019\u00e9tranger, telle la ville de Weiden en <a href=\"https:\/\/actu.fr\/tag\/allemagne\" rel=\"nofollow noopener\" target=\"_blank\">Allemagne<\/a>, jumel\u00e9e avec Clamart. La localit\u00e9 envoie des secours aux indigents de la commune.\u00a0<\/p>\n<p class=\" wall-content\">Une enqu\u00eate est ouverte pour d\u00e9terminer les causes de cet effondrement qui a pris tout le monde de court. <strong>L\u2019Inspection g\u00e9n\u00e9rale des carri\u00e8res<\/strong>, charg\u00e9e de surveiller le gruy\u00e8re souterrain en \u00cele-de-France, rend tr\u00e8s vite ses conclusions. C\u2019est une carri\u00e8re de craie qui s\u2019est effondr\u00e9e. Les causes seraient li\u00e9es \u00e0 plusieurs facteurs, mais les fortes pluies ayant touch\u00e9 la commune peu de temps auparavant auraient caus\u00e9 le fontis. Des <strong>confortations des carri\u00e8res<\/strong> sont mises en place et du b\u00e9ton est inject\u00e9 dans plusieurs d\u2019entre elles pour \u00e9viter un nouvel effondrement.\u00a0<\/p>\n<p>\u00a0<\/p>\n<p class=\" wall-content\">Suivez toute l\u2019actualit\u00e9 de vos villes et m\u00e9dias favoris en vous inscrivant \u00e0 <a href=\"https:\/\/moncompte.actu.fr\" title=\"D\u00e9couvez Mon Actu\" rel=\"nofollow noopener\" data-trk=\"{&quot;cta&quot;:{&quot;action&quot;:&quot;https:\\\/\\\/moncompte.actu.fr&quot;,&quot;category&quot;:&quot;mon compte&quot;,&quot;from&quot;:&quot;article footer&quot;,&quot;name&quot;:&quot;Mon actu&quot;,&quot;type&quot;:&quot;cta&quot;}}\" target=\"_blank\">Mon Actu<\/a>.<\/p>\n","protected":false},"excerpt":{"rendered":"Par Antoine Blanchet Publi\u00e9 le 17 ao\u00fbt 2025 \u00e0 6h32 Un bruit sourd et en quelques instants, plus&hellip;\n","protected":false},"author":2,"featured_media":324199,"comment_status":"","ping_status":"","sticky":false,"template":"","format":"standard","meta":{"footnotes":""},"categories":[1888],"tags":[119,11,1777,674,118,1011,27,12,626,25],"class_list":{"0":"post-324198","1":"post","2":"type-post","3":"status-publish","4":"format-standard","5":"has-post-thumbnail","7":"category-paris","8":"tag-accident","9":"tag-actualites","10":"tag-eu","11":"tag-europe","12":"tag-faits-divers","13":"tag-fr","14":"tag-france","15":"tag-news","16":"tag-paris","17":"tag-republique-francaise"},"share_on_mastodon":{"url":"https:\/\/pubeurope.com\/@fr\/115042336407582543","error":""},"_links":{"self":[{"href":"https:\/\/www.europesays.com\/fr\/wp-json\/wp\/v2\/posts\/324198","targetHints":{"allow":["GET"]}}],"collection":[{"href":"https:\/\/www.europesays.com\/fr\/wp-json\/wp\/v2\/posts"}],"about":[{"href":"https:\/\/www.europesays.com\/fr\/wp-json\/wp\/v2\/types\/post"}],"author":[{"embeddable":true,"href":"https:\/\/www.europesays.com\/fr\/wp-json\/wp\/v2\/users\/2"}],"replies":[{"embeddable":true,"href":"https:\/\/www.europesays.com\/fr\/wp-json\/wp\/v2\/comments?post=324198"}],"version-history":[{"count":0,"href":"https:\/\/www.europesays.com\/fr\/wp-json\/wp\/v2\/posts\/324198\/revisions"}],"wp:featuredmedia":[{"embeddable":true,"href":"https:\/\/www.europesays.com\/fr\/wp-json\/wp\/v2\/media\/324199"}],"wp:attachment":[{"href":"https:\/\/www.europesays.com\/fr\/wp-json\/wp\/v2\/media?parent=324198"}],"wp:term":[{"taxonomy":"category","embeddable":true,"href":"https:\/\/www.europesays.com\/fr\/wp-json\/wp\/v2\/categories?post=324198"},{"taxonomy":"post_tag","embeddable":true,"href":"https:\/\/www.europesays.com\/fr\/wp-json\/wp\/v2\/tags?post=324198"}],"curies":[{"name":"wp","href":"https:\/\/api.w.org\/{rel}","templated":true}]}}