{"id":324202,"date":"2025-08-17T04:59:12","date_gmt":"2025-08-17T04:59:12","guid":{"rendered":"https:\/\/www.europesays.com\/fr\/324202\/"},"modified":"2025-08-17T04:59:12","modified_gmt":"2025-08-17T04:59:12","slug":"merz-salue-labsence-de-concessions-territoriales-de-trump-a-la-russie","status":"publish","type":"post","link":"https:\/\/www.europesays.com\/fr\/324202\/","title":{"rendered":"Merz salue l\u2019absence de concessions territoriales de Trump \u00e0 la Russie"},"content":{"rendered":"<p>AA\/Berlin\/Ayhan \u015eim\u015fek<\/p>\n<p>Le chancelier allemand Friedrich Merz a salu\u00e9 l\u2019issue du sommet de vendredi entre le pr\u00e9sident am\u00e9ricain, Donald Trump, et le pr\u00e9sident russe, Vladimir Poutine, exprimant son soulagement qu\u2019aucune concession territoriale concernant l\u2019Ukraine n\u2019ait \u00e9t\u00e9 faite lors de leurs entretiens en Alaska.<\/p>\n<p>Dans un entretien accord\u00e9 samedi \u00e0 la cha\u00eene publique allemande ARD, Merz a qualifi\u00e9 cette rencontre de haut niveau de r\u00e9sultats \u00ab mitig\u00e9s \u00bb, avec \u00e0 la fois \u00ab des lumi\u00e8res et des ombres \u00bb, tout en soulignant que Trump avait respect\u00e9 les positions pr\u00e9alablement convenues avec les dirigeants europ\u00e9ens.<\/p>\n<p>\u00ab Pas un seul des cinq points que nous avons discut\u00e9s n\u2019a \u00e9t\u00e9 remis en cause par le pr\u00e9sident Trump. C\u2019est un bon r\u00e9sultat. Je retiens le plus important : il n\u2019y a pas eu de n\u00e9gociations territoriales entre Poutine et Trump par-dessus la t\u00eate des Ukrainiens et des Europ\u00e9ens. C\u2019est une bonne nouvelle \u00bb, a-t-il d\u00e9clar\u00e9.<\/p>\n<p>Le chancelier allemand s\u2019est dit particuli\u00e8rement satisfait de l\u2019engagement de l\u2019administration am\u00e9ricaine \u00e0 fournir des garanties de s\u00e9curit\u00e9 \u00e0 l\u2019Ukraine.<\/p>\n<p>\u00ab Il y a une volont\u00e9 du c\u00f4t\u00e9 am\u00e9ricain de fournir des garanties de s\u00e9curit\u00e9, avec nous Europ\u00e9ens bien s\u00fbr. Mais c\u2019est en r\u00e9alit\u00e9 la surprise positive de ce matin \u00bb, a d\u00e9clar\u00e9 Merz. \u00ab Cela n\u2019a pas \u00e9t\u00e9 exprim\u00e9 lors du point de presse, mais cela a \u00e9t\u00e9 dit tr\u00e8s clairement et distinctement ce matin lors de la conf\u00e9rence t\u00e9l\u00e9phonique que nous avons eue avec le pr\u00e9sident Trump. Je pense que c\u2019est extr\u00eamement positif que l\u2019Am\u00e9rique reste engag\u00e9e \u00bb, a-t-il insist\u00e9.<\/p>\n<p>Merz a \u00e9galement soulign\u00e9 que les dirigeants europ\u00e9ens allaient maintenir une coordination \u00e9troite, la \u00ab Coalition des volontaires \u00bb devant tenir une visioconf\u00e9rence dimanche apr\u00e8s-midi pour discuter des r\u00e9sultats du sommet d\u2019Alaska et des prochaines \u00e9tapes dans les jours et semaines \u00e0 venir.<\/p>\n<p>\u00ab Ce qui est tr\u00e8s important pour moi, c\u2019est que nous, Europ\u00e9ens, parlions toujours d\u2019une seule voix. Nous y parvenons. Nous devons pr\u00e9parer les choses ensemble avec les Am\u00e9ricains, et nous avons \u00e9galement r\u00e9ussi dans ce domaine jusqu\u2019\u00e0 pr\u00e9sent \u00bb, a affirm\u00e9 le chancelier.<\/p>\n<p>\u00ab Et surtout, il ne peut y avoir aucune concession territoriale tant qu\u2019un trait\u00e9 de paix n\u2019existe pas. Ce trait\u00e9 de paix doit aussi marquer le moment o\u00f9 les garanties de s\u00e9curit\u00e9 entreront en vigueur au plus tard. \u00bb<\/p>\n<p>*Traduit de l&rsquo;anglais par Sanaa Amir<\/p>\n<p>                            &#13;<br \/>\n                                <a href=\"https:\/\/www.aa.com.tr\/fr\/p\/abonnement\/1001\" target=\"_blank\" style=\"font-size:12px; color:#444; text-decoration:none;\" rel=\"noopener\">&#13;<br \/>\n                                    Seulement une partie des d\u00e9p\u00eaches, que l&rsquo;Agence Anadolu diffuse \u00e0 ses abonn\u00e9s via le Syst\u00e8me de Diffusion interne (HAS), est diffus\u00e9e sur le site de l&rsquo;AA, de mani\u00e8re r\u00e9sum\u00e9e. <b style=\"color:#1897F7\">Contactez-nous s&rsquo;il vous pla\u00eet pour vous abonner.<\/b>&#13;<br \/>\n                                <\/a>&#13;<\/p>\n","protected":false},"excerpt":{"rendered":"AA\/Berlin\/Ayhan \u015eim\u015fek Le chancelier allemand Friedrich Merz a salu\u00e9 l\u2019issue du sommet de vendredi entre le pr\u00e9sident am\u00e9ricain,&hellip;\n","protected":false},"author":2,"featured_media":324203,"comment_status":"","ping_status":"","sticky":false,"template":"","format":"standard","meta":{"footnotes":""},"categories":[1591],"tags":[11,36796,1785,75,1887,4710,12,1885,1886,132],"class_list":{"0":"post-324202","1":"post","2":"type-post","3":"status-publish","4":"format-standard","5":"has-post-thumbnail","7":"category-russie","8":"tag-actualites","9":"tag-alaska","10":"tag-anadolu-ajansi","11":"tag-donald-trump","12":"tag-federation-de-russie","13":"tag-friedrich-merz","14":"tag-news","15":"tag-russia","16":"tag-russian-federation","17":"tag-russie"},"share_on_mastodon":{"url":"https:\/\/pubeurope.com\/@fr\/115042344234013520","error":""},"_links":{"self":[{"href":"https:\/\/www.europesays.com\/fr\/wp-json\/wp\/v2\/posts\/324202","targetHints":{"allow":["GET"]}}],"collection":[{"href":"https:\/\/www.europesays.com\/fr\/wp-json\/wp\/v2\/posts"}],"about":[{"href":"https:\/\/www.europesays.com\/fr\/wp-json\/wp\/v2\/types\/post"}],"author":[{"embeddable":true,"href":"https:\/\/www.europesays.com\/fr\/wp-json\/wp\/v2\/users\/2"}],"replies":[{"embeddable":true,"href":"https:\/\/www.europesays.com\/fr\/wp-json\/wp\/v2\/comments?post=324202"}],"version-history":[{"count":0,"href":"https:\/\/www.europesays.com\/fr\/wp-json\/wp\/v2\/posts\/324202\/revisions"}],"wp:featuredmedia":[{"embeddable":true,"href":"https:\/\/www.europesays.com\/fr\/wp-json\/wp\/v2\/media\/324203"}],"wp:attachment":[{"href":"https:\/\/www.europesays.com\/fr\/wp-json\/wp\/v2\/media?parent=324202"}],"wp:term":[{"taxonomy":"category","embeddable":true,"href":"https:\/\/www.europesays.com\/fr\/wp-json\/wp\/v2\/categories?post=324202"},{"taxonomy":"post_tag","embeddable":true,"href":"https:\/\/www.europesays.com\/fr\/wp-json\/wp\/v2\/tags?post=324202"}],"curies":[{"name":"wp","href":"https:\/\/api.w.org\/{rel}","templated":true}]}}