{"id":324204,"date":"2025-08-17T05:00:12","date_gmt":"2025-08-17T05:00:12","guid":{"rendered":"https:\/\/www.europesays.com\/fr\/324204\/"},"modified":"2025-08-17T05:00:12","modified_gmt":"2025-08-17T05:00:12","slug":"vers-une-paix-sous-conditions-pour-lukraine","status":"publish","type":"post","link":"https:\/\/www.europesays.com\/fr\/324204\/","title":{"rendered":"vers une paix sous conditions pour l\u2019Ukraine"},"content":{"rendered":"<p class=\"article-p mdl\">Vers une paix impos\u00e9e \u00e0 Kiev ? Lors d\u2019un sommet tr\u00e8s attendu \u00e0 Anchorage, Donald Trump et Vladimir Poutine ont esquiss\u00e9 les contours d\u2019un accord de paix en Ukraine. Mais \u00e0 premi\u00e8re vue, cet accord ne dit pas son nom : il ne pr\u00e9voit ni cessez-le-feu imm\u00e9diat, ni nouvelles sanctions contre Moscou. Il propose en revanche des concessions territoriales pour Kiev et des garanties de s\u00e9curit\u00e9 hors OTAN. Une approche radicalement diff\u00e9rente de celle d\u00e9fendue jusqu\u2019ici par l\u2019Ukraine et ses alli\u00e9s occidentaux.<\/p>\n<p class=\"article-p mdl\">C\u2019est une des <strong>d\u00e9clarations les plus comment\u00e9es<\/strong> du sommet : \u00ab\u00a0Il a \u00e9t\u00e9 jug\u00e9 par tous que la meilleure fa\u00e7on de mettre fin \u00e0 la guerre est d\u2019aller directement \u00e0 un accord de paix, et non \u00e0 un simple cessez-le-feu, qui souvent ne tient pas\u00a0\u00bb, a affirm\u00e9 Donald Trump sur son r\u00e9seau Truth Social.<\/p>\n<p class=\"article-p mdl\">Un positionnement clair, et surtout une rupture totale avec la ligne d\u00e9fendue par Volodymyr Zelensky, qui continue de r\u00e9clamer\u00a0<a class=\"link\" href=\"https:\/\/www.rtl.fr\/actu\/international\/sommet-sur-l-ukraine-ce-qu-il-faut-retenir-de-la-rencontre-entre-donald-trump-et-vladimir-poutine-7900531190\" target=\"_blank\" rel=\"noopener\">un cessez-le-feu imm\u00e9diat\u00a0<\/a>comme base de toute discussion. Pour Vladimir Poutine, c\u2019est un tournant favorable : le pr\u00e9sident russe insiste depuis le d\u00e9but du conflit pour un accord \u00ab\u00a0global\u00a0\u00bb, ax\u00e9 selon lui sur les \u00ab\u00a0causes profondes\u00a0\u00bb de la guerre, notamment le rapprochement de l\u2019Ukraine avec l\u2019OTAN.<\/p>\n<p>            Concessions territoriales : la crainte ukrainienne se confirme<\/p>\n<p class=\"article-p mdl\"><strong>La question des territoires<\/strong> est rest\u00e9e taboue en conf\u00e9rence de presse, mais les coulisses en disent long. Selon un responsable ayant eu acc\u00e8s \u00e0\u00a0<a class=\"link\" href=\"https:\/\/www.rtl.fr\/actu\/international\/guerre-en-ukraine-donald-trump-et-vladimir-poutine-se-rencontrent-ce-soir-lors-d-un-sommet-historique-en-alaska-7900531003\" target=\"_blank\" rel=\"noopener\">des \u00e9changes entre Trump<\/a>\u00a0et des dirigeants europ\u00e9ens, l\u2019ancien pr\u00e9sident am\u00e9ricain soutiendrait une proposition russe permettant \u00e0 Moscou de conserver le contr\u00f4le total sur les r\u00e9gions de Donetsk et Lougansk, tout en gelant la situation militaire dans les r\u00e9gions de Kherson et Zaporijjia.<\/p>\n<p class=\"article-p mdl\">La Russie, rappelons-le, revendique depuis 2022 l\u2019annexion de ces quatre r\u00e9gions, bien qu\u2019elle ne les occupe pas enti\u00e8rement. Aujourd\u2019hui, elle contr\u00f4le presque toute la r\u00e9gion de Lougansk, une grande partie de Donetsk, mais reste en recul \u00e0 Kherson et Zaporijjia, o\u00f9 les principales villes sont toujours sous contr\u00f4le ukrainien. Pour Kiev, <strong>c\u00e9der formellement ces territoires est inacceptable<\/strong> \u2013 la Constitution ukrainienne interdit toute concession. Volodymyr Zelensky l\u2019a r\u00e9p\u00e9t\u00e9 : la souverainet\u00e9 nationale ne se n\u00e9gocie pas.<\/p>\n<p>            Garanties de s\u00e9curit\u00e9<\/p>\n<p class=\"article-p mdl\">Autre point cl\u00e9 des discussions : comment garantir la\u00a0<a class=\"link\" href=\"https:\/\/www.rtl.fr\/actu\/international\/guerre-en-ukraine-crimee-demilitarisation-otan-les-conditions-de-poutine-pour-negocier-la-paix-7900498919\" target=\"_blank\" rel=\"noopener\">s\u00e9curit\u00e9 de l\u2019Ukraine<\/a>\u00a0sans enr\u00f4ler le pays dans l\u2019OTAN, ligne rouge pour la Russie. Selon plusieurs sources proches du dossier, Donald Trump aurait propos\u00e9 \u00e0 Zelensky une <strong>forme de garantie collective<\/strong>, comparable \u00e0 l\u2019article 5 de l\u2019Alliance atlantique\u2026 mais hors du cadre officiel de l\u2019OTAN.<\/p>\n<p class=\"article-p mdl\">Une id\u00e9e qui semble faire son chemin : la Premi\u00e8re ministre italienne, Giorgia Meloni, a parl\u00e9 d\u2019une clause de s\u00e9curit\u00e9 collective, permettant aux alli\u00e9s de Kiev \u2013 y compris les \u00c9tats-Unis \u2013 d\u2019intervenir en cas de nouvelle attaque. La France et le Royaume-Uni auraient d\u00e9j\u00e0 fait savoir qu\u2019ils pourraient contribuer \u00e0 une force de \u00ab\u00a0r\u00e9assurance\u00a0\u00bb, pr\u00e9sente en Ukraine, mais pas directement sur la ligne de front.<\/p>\n<p>            Une rencontre tripartite \u00e0 venir ?<\/p>\n<p class=\"article-p mdl\">Le sommet d\u2019Anchorage pourrait n\u2019\u00eatre que le d\u00e9but. Donald Trump a annonc\u00e9 qu\u2019il recevrait <strong>Volodymyr<\/strong> <strong>Zelensky lundi 18 ao\u00fbt \u00e0 la Maison Blanche<\/strong>, et qu\u2019une rencontre \u00e0 trois avec Vladimir Poutine pourrait suivre, si les discussions \u00e9voluent favorablement. \u00ab\u00a0Si tout marche bien, nous programmerons alors\u00a0<a class=\"link\" href=\"https:\/\/www.rtl.fr\/actu\/international\/guerre-en-ukraine-et-maintenant-que-va-t-il-se-passer-7900531257\" target=\"_blank\" rel=\"noopener\">une rencontre avec le pr\u00e9sident Poutine<\/a>\u00ab\u00a0, a-t-il d\u00e9clar\u00e9.<\/p>\n<p>Zelensky, de son c\u00f4t\u00e9, reste sceptique : sans cessez-le-feu clair, il doute de la volont\u00e9 de Moscou d\u2019aboutir \u00e0 une paix durable. Vendredi marquait aussi la fin de l\u2019ultimatum fix\u00e9 par Trump \u00e0 la Russie : soit un retrait rapide, soit des sanctions secondaires visant notamment les pays commer\u00e7ant avec Moscou.<\/p>\n<p>Mais apr\u00e8s la rencontre, le ton s\u2019est adouci : \u00ab\u00a0Vu comme cela s\u2019est pass\u00e9 aujourd\u2019hui, je ne pense pas que je doive penser \u00e0 cela maintenant\u00a0\u00bb, a-t-il confi\u00e9 \u00e0 Fox News. Une d\u00e9claration qui contraste avec celle des dirigeants europ\u00e9ens, bien d\u00e9cid\u00e9s \u00e0 maintenir la pression : \u00ab\u00a0<strong>Nous continuerons \u00e0 renforcer les sanctions <\/strong>et les mesures \u00e9conomiques cibl\u00e9es pour peser sur l\u2019\u00e9conomie de guerre de la Russie, jusqu\u2019\u00e0 l\u2019\u00e9tablissement d\u2019une paix juste et durable\u00a0\u00bb, ont-ils affirm\u00e9 dans un communiqu\u00e9 commun.<\/p>\n<p>    La r\u00e9daction vous recommande<\/p>\n<p class=\"s-newsletter__title\">\n                L\u2019actualit\u00e9 par la r\u00e9daction de RTL dans votre bo\u00eete mail.\n            <\/p>\n<p class=\"s-newsletter__subtitle\">\n                Gr\u00e2ce \u00e0 votre compte RTL abonnez-vous \u00e0 la newsletter RTL info pour suivre toute l&rsquo;actualit\u00e9 au quotidien\n            <\/p>\n<p>\n                                    Lire la suite\n                                <\/p>\n","protected":false},"excerpt":{"rendered":"Vers une paix impos\u00e9e \u00e0 Kiev ? Lors d\u2019un sommet tr\u00e8s attendu \u00e0 Anchorage, Donald Trump et Vladimir&hellip;\n","protected":false},"author":2,"featured_media":322078,"comment_status":"","ping_status":"","sticky":false,"template":"","format":"standard","meta":{"footnotes":""},"categories":[1590],"tags":[11,75,1777,674,107,14,12,220,135,134],"class_list":{"0":"post-324204","1":"post","2":"type-post","3":"status-publish","4":"format-standard","5":"has-post-thumbnail","7":"category-ukraine","8":"tag-actualites","9":"tag-donald-trump","10":"tag-eu","11":"tag-europe","12":"tag-fil-info","13":"tag-international","14":"tag-news","15":"tag-ukraine","16":"tag-vladimir-poutine","17":"tag-volodymyr-zelensky"},"share_on_mastodon":{"url":"https:\/\/pubeurope.com\/@fr\/115042348145580889","error":""},"_links":{"self":[{"href":"https:\/\/www.europesays.com\/fr\/wp-json\/wp\/v2\/posts\/324204","targetHints":{"allow":["GET"]}}],"collection":[{"href":"https:\/\/www.europesays.com\/fr\/wp-json\/wp\/v2\/posts"}],"about":[{"href":"https:\/\/www.europesays.com\/fr\/wp-json\/wp\/v2\/types\/post"}],"author":[{"embeddable":true,"href":"https:\/\/www.europesays.com\/fr\/wp-json\/wp\/v2\/users\/2"}],"replies":[{"embeddable":true,"href":"https:\/\/www.europesays.com\/fr\/wp-json\/wp\/v2\/comments?post=324204"}],"version-history":[{"count":0,"href":"https:\/\/www.europesays.com\/fr\/wp-json\/wp\/v2\/posts\/324204\/revisions"}],"wp:featuredmedia":[{"embeddable":true,"href":"https:\/\/www.europesays.com\/fr\/wp-json\/wp\/v2\/media\/322078"}],"wp:attachment":[{"href":"https:\/\/www.europesays.com\/fr\/wp-json\/wp\/v2\/media?parent=324204"}],"wp:term":[{"taxonomy":"category","embeddable":true,"href":"https:\/\/www.europesays.com\/fr\/wp-json\/wp\/v2\/categories?post=324204"},{"taxonomy":"post_tag","embeddable":true,"href":"https:\/\/www.europesays.com\/fr\/wp-json\/wp\/v2\/tags?post=324204"}],"curies":[{"name":"wp","href":"https:\/\/api.w.org\/{rel}","templated":true}]}}