{"id":324212,"date":"2025-08-17T05:05:16","date_gmt":"2025-08-17T05:05:16","guid":{"rendered":"https:\/\/www.europesays.com\/fr\/324212\/"},"modified":"2025-08-17T05:05:16","modified_gmt":"2025-08-17T05:05:16","slug":"montauban-a-t-il-eu-raison-de-recruter-tres-peu-pour-affronter-le-top-14","status":"publish","type":"post","link":"https:\/\/www.europesays.com\/fr\/324212\/","title":{"rendered":"Montauban a-t-il eu raison de recruter tr\u00e8s peu pour affronter le Top 14 ?"},"content":{"rendered":"<p>Promu en Top 14 apr\u00e8s son sacre en Pro D2, Montauban se pr\u00e9pare \u00e0 relever le d\u00e9fi de l\u2019\u00e9lite avec un groupe quasi inchang\u00e9 et des infrastructures flambant neuves.<\/p>\n<p>Depuis le 14 juillet, les joueurs de l\u2019USM ont int\u00e9gr\u00e9 le tout nouveau centre d\u2019excellence sportive du Ramierou.<\/p>\n<p><strong>Une r\u00e9volution dans le quotidien, comme le souligne Yvan Reilhac, via Midi Olympique :<\/strong><\/p>\n<p>\u00ab Pour nous, \u00e7a change tout. C\u2019est vrai qu\u2019\u00e0 Sapiac, c\u2019\u00e9tait un peu vieux et plus tr\u00e8s \u00e0 la mode. On est bien content d\u2019\u00eatre arriv\u00e9s au Ramierou, ici, on a tout ce qu\u2019il faut pour bien travailler. Et puis, reprendre en Top 14 dans un nouveau centre d\u2019entra\u00eenement, c\u2019est toujours plus facile. \u00bb<\/p>\n<p><strong>Un d\u00e9fi immense \u00e0 relever<\/strong><\/p>\n<p>L\u2019entra\u00eeneur principal, S\u00e9bastien Tillous-Borde, ne se voile pas la face. \u00ab C\u2019est un \u00e9norme d\u00e9fi qui se pr\u00e9sente. Le but sera de se mettre \u00e0 la hauteur de ce d\u00e9fi-l\u00e0 et de cr\u00e9er l\u2019exploit de se maintenir. Se maintenir et bien figurer dans ce championnat qui est tr\u00e8s difficile \u00e0 affirmer. \u00bb<\/p>\n<p>Pour cela, le collectif devra hausser son niveau dans tous les secteurs. \u00ab On entend que chaque joueur doit \u00e9lever son niveau collectif ! Physiquement et mentalement, on doit s\u2019\u00e9lever dans un Top 14 qui est le meilleur niveau de rugby fran\u00e7ais. \u00bb<\/p>\n<p><strong>Miser sur la continuit\u00e9<\/strong><\/p>\n<p>Montauban a fait le choix de conserver l\u2019essentiel de son effectif, misant sur la coh\u00e9sion et l\u2019exp\u00e9rience accumul\u00e9e. Un atout pour encaisser les chocs d\u2019une saison \u00e9prouvante.<\/p>\n<p>\u00ab On se conna\u00eet assez et \u00e7a nous aide d\u00e9j\u00e0 \u00e0 nous bosser fort. On a un groupe assez large qui peut tourner sur les rotations. Il y en aura besoin car la saison est longue et tr\u00e8s dure. \u00bb<\/p>\n<p><strong>Yvan Reilhac, conscient de l\u2019exigence du Top 14, pr\u00e9vient :<\/strong><\/p>\n<p>\u00ab Avant, \u00e7a ne se voyait pas trop, mais en Top 14, \u00e7a va se voir tout de suite. Il va falloir qu\u2019on soit tous au niveau auquel on \u00e9tait pendant la phase finale. Mais, ce niveau-l\u00e0, il faudra le maintenir sur toute une saison. \u00bb<\/p>\n<p><strong>Un pari assum\u00e9<\/strong><\/p>\n<p><strong>Avec peu de recrues, l\u2019USM fait confiance \u00e0 son noyau dur. Un choix assum\u00e9 par Tillous-Borde :<\/strong><\/p>\n<p>\u00ab En ayant fait confiance \u00e0 nos joueurs et en recrutant peu, on esp\u00e8re tirer le meilleur de ce groupe. \u00bb<\/p>\n","protected":false},"excerpt":{"rendered":"Promu en Top 14 apr\u00e8s son sacre en Pro D2, Montauban se pr\u00e9pare \u00e0 relever le d\u00e9fi de&hellip;\n","protected":false},"author":2,"featured_media":279119,"comment_status":"","ping_status":"","sticky":false,"template":"","format":"standard","meta":{"footnotes":""},"categories":[1586],"tags":[11,1777,674,1779,1011,27,12,25,1778,364],"class_list":{"0":"post-324212","1":"post","2":"type-post","3":"status-publish","4":"format-standard","5":"has-post-thumbnail","7":"category-europe","8":"tag-actualites","9":"tag-eu","10":"tag-europe","11":"tag-european-union","12":"tag-fr","13":"tag-france","14":"tag-news","15":"tag-republique-francaise","16":"tag-ue","17":"tag-union-europeenne"},"share_on_mastodon":{"url":"https:\/\/pubeurope.com\/@fr\/115042367943537257","error":""},"_links":{"self":[{"href":"https:\/\/www.europesays.com\/fr\/wp-json\/wp\/v2\/posts\/324212","targetHints":{"allow":["GET"]}}],"collection":[{"href":"https:\/\/www.europesays.com\/fr\/wp-json\/wp\/v2\/posts"}],"about":[{"href":"https:\/\/www.europesays.com\/fr\/wp-json\/wp\/v2\/types\/post"}],"author":[{"embeddable":true,"href":"https:\/\/www.europesays.com\/fr\/wp-json\/wp\/v2\/users\/2"}],"replies":[{"embeddable":true,"href":"https:\/\/www.europesays.com\/fr\/wp-json\/wp\/v2\/comments?post=324212"}],"version-history":[{"count":0,"href":"https:\/\/www.europesays.com\/fr\/wp-json\/wp\/v2\/posts\/324212\/revisions"}],"wp:featuredmedia":[{"embeddable":true,"href":"https:\/\/www.europesays.com\/fr\/wp-json\/wp\/v2\/media\/279119"}],"wp:attachment":[{"href":"https:\/\/www.europesays.com\/fr\/wp-json\/wp\/v2\/media?parent=324212"}],"wp:term":[{"taxonomy":"category","embeddable":true,"href":"https:\/\/www.europesays.com\/fr\/wp-json\/wp\/v2\/categories?post=324212"},{"taxonomy":"post_tag","embeddable":true,"href":"https:\/\/www.europesays.com\/fr\/wp-json\/wp\/v2\/tags?post=324212"}],"curies":[{"name":"wp","href":"https:\/\/api.w.org\/{rel}","templated":true}]}}