{"id":324217,"date":"2025-08-17T05:08:14","date_gmt":"2025-08-17T05:08:14","guid":{"rendered":"https:\/\/www.europesays.com\/fr\/324217\/"},"modified":"2025-08-17T05:08:14","modified_gmt":"2025-08-17T05:08:14","slug":"espagne-comment-les-bleus-ont-renverse-la-roja-apres-une-premiere-mi-temps-desastreuse","status":"publish","type":"post","link":"https:\/\/www.europesays.com\/fr\/324217\/","title":{"rendered":"Espagne\u00a0: Comment les Bleus ont renvers\u00e9 la Roja apr\u00e8s une premi\u00e8re mi-temps d\u00e9sastreuse"},"content":{"rendered":"<p>Dans cette soir\u00e9e renversante \u00e0 Bercy, l\u2019histoire retiendra que l\u2019\u00e9quipe de France de basket a attendu l\u2019hommage rendu aux huit joueurs \u00e0 plus de 200 s\u00e9lections, entre les troisi\u00e8me et quatri\u00e8me quart-temps, <a href=\"https:\/\/www.20minutes.fr\/sport\/basketball\/4168179-20250816-direct-france-espagne-bleus-retour-bercy-an-apres-jo-suivez-match-preparation-eurobasket\" class=\"c-link c-link--is-underlined\" target=\"_blank\" rel=\"noopener\">pour se r\u00e9veiller et renverser l\u2019Espagne (78-73)<\/a>. \u00ab\u00a0C\u2019est un tr\u00e8s bel hommage qui a \u00e9t\u00e9 rendu \u00e0 Nico et Nando et aux joueurs qui ont eu plus de 200 s\u00e9lections, saluait le s\u00e9lectionneur Fr\u00e9d\u00e9ric Fauthoux en conf\u00e9rence d\u2019apr\u00e8s-match. Je ne m\u2019en suis pas servi \u00e0 la mi-temps, mais je m\u2019en servirai un jour.\u00a0\u00bb<\/p>\n<p>Toujours invaincu, Fauthoux a quand m\u00eame d\u00fb lever la voix \u00e0 la pause pour sortir ses joueurs de leur torpeur apr\u00e8s une premi\u00e8re mi-temps assez catastrophique, symbolis\u00e9 par un nombre incalculable de fautes conc\u00e9d\u00e9es et un score peu flatteur (28-44 \u00e0 la pause). \u00ab\u00a0<a href=\"https:\/\/www.20minutes.fr\/sport\/basketball\/4168107-20250815-france-espagne-bleus-battent-roja-premiere-fois-depuis-2014\" class=\"c-link c-link--is-underlined\" target=\"_blank\" rel=\"noopener\">On a vu une excellente intensit\u00e9 jeudi (contre l\u2019Espagne \u00e0 Badalone)<\/a>, et on a vu ce soir (samedi) que si on ne met pas cette \u00e9nergie on devient une \u00e9quipe vuln\u00e9rable\u00a0\u00bb, analyse quant \u00e0 lui Mam Jaiteh.<\/p>\n<p>Bercy en feu, Francisco, Strazel et Hoard aussi<\/p>\n<p>Il fallait donc r\u00e9agir. Si les Bleus ont pos\u00e9 les premi\u00e8res pierres de leur remont\u00e9e lors du troisi\u00e8me quart-temps (30-20), ce n\u2019est que dans les dix derni\u00e8res minutes que la partie s\u2019est r\u00e9ellement enflamm\u00e9e, avec un s\u00e9v\u00e8re 20-9 \u00e0 la cl\u00e9. L\u2019ambiance enflamm\u00e9e de Bercy, que l\u2019\u00e9quipe de France retrouvait <a href=\"https:\/\/www.20minutes.fr\/sport\/basketball\/4105280-20240810-direct-jo-2024-basket-france-defie-avengers-team-usa-premier-sacre-olympique-suivez-match-20h30\" class=\"c-link c-link--is-underlined\" target=\"_blank\" rel=\"noopener\">un an apr\u00e8s sa m\u00e9daille d\u2019argent aux JO 2024<\/a>, a bien aid\u00e9.<\/p>\n<blockquote class=\"mx-m@xs mx-xxl@md color-ultramarine c-citation\">\n<p class=\"font-weight-regular@xs text-italic font-source-serif-pro text-l@xs c-citation__content\">\u00ab\u00a0\u00ab\u00a0On est \u00e0 Paris, et \u00e0 Paris on sait comment c\u2019est, sourit Sylvain Francisco, enflammeur en chef de la double-confrontation contre la Roja. On ne peut pas perdre \u00e0 Paris en fait. L\u2019ambiance \u00e9tait l\u00e0 au d\u00e9but et on se devait de finir avec.\u00a0\u00bb\u00a0\u00bb<\/p>\n<\/blockquote>\n<p>Une fois le cercle vertueux enclench\u00e9, impossible de l\u2019arr\u00eater\u00a0: Jaiteh au dunk, Strazel \u00e0 trois points, Francisco par sa folle activit\u00e9 et Hoard avec un contre monumental, tous ont contribu\u00e9 \u00e0 leur fa\u00e7on \u00e0 faire d\u00e9goupiller une Roja pourtant en ma\u00eetrise pendant la premi\u00e8re moiti\u00e9 du match. \u00ab\u00a0J\u2019aime bien le groupe, le caract\u00e8re qu\u2019on a, encha\u00eene Francisco. On a un fort caract\u00e8re, et \u00e7a se voit directement dans la coh\u00e9sion de l\u2019\u00e9quipe, qui est \u00e9norme. Et c\u2019est le plus important, en fait.\u00a0\u00bb<\/p>\n<p>Fauthoux annoncera sa liste des 12 dimanche, Poirier forfait<\/p>\n<p>Gr\u00e2ce \u00e0 ce sc\u00e9nario improbable, Fr\u00e9d\u00e9ric Fauthoux r\u00e9colte le beurre et l\u2019argent du beurre. <a href=\"https:\/\/www.20minutes.fr\/sport\/vincent_collet\/\" class=\"c-link c-link--is-underlined\" target=\"_blank\" rel=\"noopener\">Le successeur de Vincent Collet<\/a>, qui a \u00e9galement re\u00e7u un hommage pendant la soir\u00e9e, demeure invaincu sur le banc des Bleus, et a pu voir ce que valait sa jeune \u00e9quipe dans l\u2019adversit\u00e9. \u00ab\u00a0Je pense que notre seconde mi-temps est la plus r\u00e9ussie de la pr\u00e9paration, c\u2019\u00e9tait int\u00e9ressant de nous voir dans le dur et de voir comment on allait r\u00e9agir. Plus on va jouer de matchs plus on va progresser, c\u2019est l\u2019histoire des \u00e9quipes jeunes.\u00a0\u00bb<\/p>\n<p>Jeune, cette \u00e9quipe le sera encore plus avec le forfait officiel de Vincent Poirier pour l\u2019EuroBasket qui d\u00e9bute dans dix jours. \u00ab\u00a0C\u2019est forc\u00e9ment un gros coup dur.\u00a0\u00bb Pas de quoi retarder l\u2019annonce des 12 joueurs qui seront retenus pour disputer le tournoi. \u00ab\u00a0On ne peut pas jouer avec les nerfs des joueurs ind\u00e9finiment, explique Fauthoux. On prendra une d\u00e9cision dimanche parce qu\u2019il faut respecter les joueurs.\u00a0\u00bb Sylvain Francisco a fait ce qu\u2019il pouvait pour que son nom soit retenu et refuse de se laisser ronger par le stress d\u2019ici l\u00e0. \u00ab\u00a0C\u2019est quelque chose que tu ne peux pas contr\u00f4ler, philosophe-t-il. Quoi qu\u2019il arrive, tu dois passer \u00e0 autre chose. Je n\u2019aimerais pas \u00eatre \u00e0 la place du coach, parce que c\u2019est vraiment chiant.\u00a0\u00bb<\/p>\n","protected":false},"excerpt":{"rendered":"Dans cette soir\u00e9e renversante \u00e0 Bercy, l\u2019histoire retiendra que l\u2019\u00e9quipe de France de basket a attendu l\u2019hommage rendu&hellip;\n","protected":false},"author":2,"featured_media":324218,"comment_status":"","ping_status":"","sticky":false,"template":"","format":"standard","meta":{"footnotes":""},"categories":[4],"tags":[11,1464,34728,123,34720,1011,27,12,25,517],"class_list":{"0":"post-324217","1":"post","2":"type-post","3":"status-publish","4":"format-standard","5":"has-post-thumbnail","7":"category-france","8":"tag-actualites","9":"tag-basketball","10":"tag-equipe-de-france-de-basketball","11":"tag-espagne","12":"tag-eurobasket","13":"tag-fr","14":"tag-france","15":"tag-news","16":"tag-republique-francaise","17":"tag-sport"},"share_on_mastodon":{"url":"https:\/\/pubeurope.com\/@fr\/115042379538043549","error":""},"_links":{"self":[{"href":"https:\/\/www.europesays.com\/fr\/wp-json\/wp\/v2\/posts\/324217","targetHints":{"allow":["GET"]}}],"collection":[{"href":"https:\/\/www.europesays.com\/fr\/wp-json\/wp\/v2\/posts"}],"about":[{"href":"https:\/\/www.europesays.com\/fr\/wp-json\/wp\/v2\/types\/post"}],"author":[{"embeddable":true,"href":"https:\/\/www.europesays.com\/fr\/wp-json\/wp\/v2\/users\/2"}],"replies":[{"embeddable":true,"href":"https:\/\/www.europesays.com\/fr\/wp-json\/wp\/v2\/comments?post=324217"}],"version-history":[{"count":0,"href":"https:\/\/www.europesays.com\/fr\/wp-json\/wp\/v2\/posts\/324217\/revisions"}],"wp:featuredmedia":[{"embeddable":true,"href":"https:\/\/www.europesays.com\/fr\/wp-json\/wp\/v2\/media\/324218"}],"wp:attachment":[{"href":"https:\/\/www.europesays.com\/fr\/wp-json\/wp\/v2\/media?parent=324217"}],"wp:term":[{"taxonomy":"category","embeddable":true,"href":"https:\/\/www.europesays.com\/fr\/wp-json\/wp\/v2\/categories?post=324217"},{"taxonomy":"post_tag","embeddable":true,"href":"https:\/\/www.europesays.com\/fr\/wp-json\/wp\/v2\/tags?post=324217"}],"curies":[{"name":"wp","href":"https:\/\/api.w.org\/{rel}","templated":true}]}}