{"id":324219,"date":"2025-08-17T05:11:15","date_gmt":"2025-08-17T05:11:15","guid":{"rendered":"https:\/\/www.europesays.com\/fr\/324219\/"},"modified":"2025-08-17T05:11:15","modified_gmt":"2025-08-17T05:11:15","slug":"les-enseignements-de-la-defaite-contre-colomiers","status":"publish","type":"post","link":"https:\/\/www.europesays.com\/fr\/324219\/","title":{"rendered":"les enseignements de la d\u00e9faite contre Colomiers"},"content":{"rendered":"<p>Des intentions et de l\u2019abn\u00e9gation d\u2019un c\u00f4t\u00e9. Des t\u00e2tonnements et des loup\u00e9s de l\u2019autre. C\u2019est le bilan, tr\u00e8s logique pour une remise en jambes, de la rencontre amicale disput\u00e9e par le Stade Montois, ce jeudi, \u00e0 Hagetmau, face \u00e0 Colomiers, et conclue par un revers conc\u00e9d\u00e9 dans les arr\u00eats de jeu. Un score de 34-36, avec quatre essais landais contre cinq colum\u00e9rins, qui fleure bon ces rencontres o\u00f9 l\u2019on n\u2019est encore clairement pas au point mais o\u00f9 l\u2019envie d\u2019en d\u00e9coudre, apr\u00e8s de longues semaines de travail dans l\u2019intimit\u00e9 des clubs, appara\u00eet bien r\u00e9elle.<\/p>\n<p>Rien de sensationnel \u00e0 en tirer, donc, pourrait-on en penser, alors que les deux \u00e9quipes avaient opt\u00e9 pour de larges revues d\u2019effectifs, autant dict\u00e9es par la volont\u00e9 de tester des joueurs que de les pr\u00e9server en raison de la chaleur. Et pourtant\u00a0: \u00e0 la sortie, le contenu propos\u00e9 et le caract\u00e8re montr\u00e9 par les hommes du duo Romain Mareuil &#8211; Cl\u00e9ment Briscadieu posent les bases pour aborder au mieux la saison 2025-2026 apr\u00e8s un exercice douloureux, aussi bien sur le terrain qu\u2019en coulisses.<\/p>\n<p>\u00ab\u00a0Rester lucides\u00a0\u00bb<\/p>\n<p>\u00ab\u00a0C\u2019est s\u00fbr qu\u2019on aurait pr\u00e9f\u00e9r\u00e9 rester sur une issue positive, mais on a commis trop de petites erreurs tout le long du match\u00a0\u00bb, admet le premier, entra\u00eeneur en chef en charge de la touche, la conqu\u00eate et la d\u00e9fense, l\u2019un des b\u00e9mols de la soir\u00e9e m\u00eame si tout n\u2019est pas \u00e0 jeter, loin de l\u00e0\u00a0: il s\u2019agit plut\u00f4t d\u2019y insister. Align\u00e9 au poste de demi de m\u00eal\u00e9e lors de la deuxi\u00e8me mi-temps, et auteur de deux essais en deux minutes juste apr\u00e8s la pause, Baptiste Canut confirme. \u00ab\u00a0Notre point fort ce soir (jeudi, NDLR), ce sont les turnovers qu\u2019on a su exploiter \u00e0 merveille et ils viennent d\u2019une grosse d\u00e9fense. Mais il faut encore qu\u2019on travaille dessus, sur ce r\u00f4le p\u00e9nible\u00a0: ne jamais se rel\u00e2cher, tout le temps faire les efforts, et surtout rester lucides.\u00a0\u00bb<\/p>\n<p>L\u2019arri\u00e8re Simao Bento, qui a lui jou\u00e9 en premi\u00e8re p\u00e9riode, abonde dans son sens. \u00ab\u00a0Ils ont marqu\u00e9 des essais trop faciles.\u00a0\u00bb Les deux hommes et leurs partenaires disposent tout de m\u00eame de circonstances att\u00e9nuantes, entre manque de rythme l\u00e9gitime face \u00e0 une \u00e9quipe qui avait d\u00e9j\u00e0 trois fois 30\u00a0minutes dans les jambes \u00ab\u00a0et qui \u00e9tait d\u00e9j\u00e0 en monde championnat\u00a0\u00bb, juge Romain Mareuil, et rep\u00e8res balbutiants alors que 31\u00a0joueurs, dont \u00e9norm\u00e9ment de jeunes, ont \u00e9marg\u00e9 jeudi. \u00ab\u00a0Il faut qu\u2019on trouve des automatismes, qu\u2019on apprenne encore \u00e0 jouer ensemble\u00a0\u00bb, r\u00e9sume Baptiste Canut.<\/p>\n<p>        <img decoding=\"async\" id=\"25563606\" src=\"https:\/\/www.europesays.com\/fr\/wp-content\/uploads\/2025\/08\/bento.jpg\" alt=\"\u00ab\u00a0On avait envie de retrouver le terrain et \u00e7a fait plaisir de s\u2019y remettre m\u00eame s\u2019il faisait un peu chaud et que c\u2019\u00e9tait un peu dur. \u00c7a commence enfin\u00a0\u00bb, avoue Simao Bento.\" itemprop=\"contentURL\"\/><\/p>\n<p>    \u00ab\u00a0On avait envie de retrouver le terrain et \u00e7a fait plaisir de s\u2019y remettre m\u00eame s\u2019il faisait un peu chaud et que c\u2019\u00e9tait un peu dur. \u00c7a commence enfin\u00a0\u00bb, avoue Simao Bento.<\/p>\n<p>paul baudon<\/p>\n<p>    R\u00e9silience<\/p>\n<p>\u00ab\u00a0On savait qu\u2019il y aurait beaucoup de d\u00e9chet, prolonge son coach, on a montr\u00e9 deux visages.\u00a0\u00bb Ce qui le chagrine\u00a0? \u00ab\u00a0On n\u2019a pas fait circuler assez le ballon, on n\u2019a pas r\u00e9ussi \u00e0 encha\u00eener. Sur les s\u00e9quences longues, et il y en a eu pas mal, il nous a manqu\u00e9 du rythme\u00a0\u00bb. Ce qui le satisfait pleinement\u00a0? \u00ab\u00a0On a montr\u00e9 un bon esprit et de la r\u00e9silience.\u00a0\u00bb Et c\u2019\u00e9tait clairement ce qu\u2019esp\u00e9rait le plus voir le staff.<\/p>\n<p>Car il ne faut pas oublier que le Stade Montois aura pass\u00e9 en tout et pour tout trois minutes devant au score, et il lui aura manqu\u00e9 une poign\u00e9e de secondes pour conserver son gain. Une p\u00e9nalit\u00e9, la seule tap\u00e9e par Colomiers, a d\u00e9finitivement scell\u00e9 le score. Il a donc fallu cravacher pour rester au contact, et concurrencer jusqu\u2019au bout le troisi\u00e8me de la saison derni\u00e8re, stopp\u00e9 dans sa qu\u00eate de remont\u00e9e en Top\u00a014 par Montauban. Une qu\u00eate qu\u2019il ne cache pas esp\u00e9rer concr\u00e9tiser dans quelques mois.<\/p>\n<p>Un derby \u00e0 venir<\/p>\n<p>Simao Bento insiste lui aussi sur le caract\u00e8re exprim\u00e9 par le groupe, lui qui \u00e9volue \u00e0 Mont-de-Marsan depuis 2021 et a v\u00e9cu les derniers mois, chaotiques. \u00ab\u00a0Il fallait montrer un nouveau visage. \u00c0 la mi-temps (men\u00e9s 6-21), on s\u2019est dit que quoi qu\u2019il se passe, on doit rester toujours ensemble. Tout le monde a fait le boulot m\u00eame s\u2019il faut encore travailler.\u00a0\u00bb Et progresser, alors que se profile un deuxi\u00e8me match de pr\u00e9paration, d\u00e8s jeudi prochain, \u00e0 19\u00a0heures, face \u00e0 Dax, \u00e0 Boniface.<\/p>\n<p>Un derby qui fait d\u00e9j\u00e0 saliver Romain Mareuil et ses joueurs. \u00ab\u00a0C\u2019est un derby, \u00e0 la maison\u00a0: \u00e7a va monter d\u2019un ton.\u00a0\u00bb Au programme des jours \u00e0 venir, alors que les premiers choix vont s\u2019op\u00e9rer et le groupe, commencer \u00e0 se resserrer\u00a0: \u00ab\u00a0On va accentuer sur les d\u00e9tails techniques et tactiques\u00a0\u00bb. Pour que les intentions et l\u2019abn\u00e9gation \u00e9clipsent cette fois les t\u00e2tonnements.<\/p>\n","protected":false},"excerpt":{"rendered":"Des intentions et de l\u2019abn\u00e9gation d\u2019un c\u00f4t\u00e9. Des t\u00e2tonnements et des loup\u00e9s de l\u2019autre. C\u2019est le bilan, tr\u00e8s&hellip;\n","protected":false},"author":2,"featured_media":324220,"comment_status":"","ping_status":"","sticky":false,"template":"","format":"standard","meta":{"footnotes":""},"categories":[1416],"tags":[1011,27,479,1468,60],"class_list":{"0":"post-324219","1":"post","2":"type-post","3":"status-publish","4":"format-standard","5":"has-post-thumbnail","7":"category-rugby","8":"tag-fr","9":"tag-france","10":"tag-rugby","11":"tag-rugby-football","12":"tag-sports"},"share_on_mastodon":{"url":"https:\/\/pubeurope.com\/@fr\/115042391578238679","error":""},"_links":{"self":[{"href":"https:\/\/www.europesays.com\/fr\/wp-json\/wp\/v2\/posts\/324219","targetHints":{"allow":["GET"]}}],"collection":[{"href":"https:\/\/www.europesays.com\/fr\/wp-json\/wp\/v2\/posts"}],"about":[{"href":"https:\/\/www.europesays.com\/fr\/wp-json\/wp\/v2\/types\/post"}],"author":[{"embeddable":true,"href":"https:\/\/www.europesays.com\/fr\/wp-json\/wp\/v2\/users\/2"}],"replies":[{"embeddable":true,"href":"https:\/\/www.europesays.com\/fr\/wp-json\/wp\/v2\/comments?post=324219"}],"version-history":[{"count":0,"href":"https:\/\/www.europesays.com\/fr\/wp-json\/wp\/v2\/posts\/324219\/revisions"}],"wp:featuredmedia":[{"embeddable":true,"href":"https:\/\/www.europesays.com\/fr\/wp-json\/wp\/v2\/media\/324220"}],"wp:attachment":[{"href":"https:\/\/www.europesays.com\/fr\/wp-json\/wp\/v2\/media?parent=324219"}],"wp:term":[{"taxonomy":"category","embeddable":true,"href":"https:\/\/www.europesays.com\/fr\/wp-json\/wp\/v2\/categories?post=324219"},{"taxonomy":"post_tag","embeddable":true,"href":"https:\/\/www.europesays.com\/fr\/wp-json\/wp\/v2\/tags?post=324219"}],"curies":[{"name":"wp","href":"https:\/\/api.w.org\/{rel}","templated":true}]}}