{"id":324223,"date":"2025-08-17T05:14:10","date_gmt":"2025-08-17T05:14:10","guid":{"rendered":"https:\/\/www.europesays.com\/fr\/324223\/"},"modified":"2025-08-17T05:14:10","modified_gmt":"2025-08-17T05:14:10","slug":"motogp-grille-de-depart-du-g-p-dautriche-1-pilote-forfait-un-autre-penalise","status":"publish","type":"post","link":"https:\/\/www.europesays.com\/fr\/324223\/","title":{"rendered":"MotoGP Grille de d\u00e9part du G.P d&rsquo;Autriche + 1 pilote forfait, un autre p\u00e9nalis\u00e9 !"},"content":{"rendered":"<p>C\u2019est jour de course, sur le Red Bull Ring, pour la cat\u00e9gorie reine des comp\u00e9titions sur deux roues. Aussi, la grille de d\u00e9part du G.P d\u2019Autriche de MotoGP 2025 est en tout point identique aux r\u00e9sultats des qualifications. Puisqu\u2019aucune p\u00e9nalit\u00e9 directe n\u2019a \u00e9t\u00e9 attribu\u00e9e par les commissaires, \u00e0 ce stade du week-end.<\/p>\n<p>MotoGP : p\u00e9nalit\u00e9 de long-lap \u00e0 ex\u00e9cuter pour Alex Marquez<\/p>\n<p>N\u00e9anmoins un pilote est d\u00e9clar\u00e9 forfait, chose qui \u00e9tait d\u00e9j\u00e0 le cas samedi apr\u00e8s-midi, pour le sprint de Spielberg. Effectivement, <a href=\"https:\/\/lemagsportauto.ouest-france.fr\/tag\/maverick-vinales\/\" target=\"_blank\" rel=\"noopener\">Maverick Vinal\u00e8s<\/a> a finalement jet\u00e9 l\u2019\u00e9ponge, apr\u00e8s avoir tent\u00e9, contre les conseils m\u00e9dicaux, de participer au Grand-Prix au guidon de la KTM. Mais le pilote Tech3 s\u2019est rapidement rendu \u00e0 l\u2019\u00e9vidence, avant de d\u00e9clarer forfait, juste apr\u00e8s les qualifications. On imagine qu\u2019en Hongrie, le week-end prochain, il sera remplac\u00e9. A priori par Pol Espargaro, qui aurait du r\u00e9aliser la pige sur le Red Bull Ring.<\/p>\n<p>Autre fait \u00e0 ne pas n\u00e9gliger aujourd\u2019hui, le long lap que devra observer Alex Marquez, apr\u00e8s le d\u00e9part. L\u2019Espagnol s\u2019est d\u2019ailleurs entra\u00een\u00e9 \u00e0 plusieurs reprises ce week-end, pendant les essais. Troisi\u00e8me sur la grille de d\u00e9part, il pourrait perdre assez gros, une fois la sanction observ\u00e9e. Une aubaine pour Francesco Bagnaia, Marc Marquez ou encore, Marco Bezzecchi et Pedro Acosta, qui y verront une belle opportunit\u00e9 de gagner une place, potentiellement.<\/p>\n<p>Place \u00e0 la grille compl\u00e8te et officielle.<\/p>\n<blockquote class=\"twitter-tweet\">\n<p dir=\"ltr\" lang=\"en\">Make sure you are all ready for a spectacular <a href=\"https:\/\/twitter.com\/hashtag\/TissotSprint?src=hash&amp;ref_src=twsrc%5Etfw\" target=\"_blank\" rel=\"noopener\">#TissotSprint<\/a> coming up later \ud83d\udc40<a href=\"https:\/\/twitter.com\/hashtag\/AustrianGP?src=hash&amp;ref_src=twsrc%5Etfw\" target=\"_blank\" rel=\"noopener\">#AustrianGP<\/a> \ud83c\udde6\ud83c\uddf9 <a href=\"https:\/\/t.co\/tkwJHnYz3Q\">pic.twitter.com\/tkwJHnYz3Q<\/a><\/p>\n<p>\u2014 MotoGP\u2122\ud83c\udfc1 (@MotoGP) <a href=\"https:\/\/twitter.com\/MotoGP\/status\/1956667734646833351?ref_src=twsrc%5Etfw\" target=\"_blank\" rel=\"noopener\">August 16, 2025<\/a><\/p>\n<\/blockquote>\n<p>Article publi\u00e9 le 17\/08\/2025 \u00e0 6h17<\/p>\n<p>                                                            <script async src=\"https:\/\/platform.twitter.com\/widgets.js\" charset=\"utf-8\"><\/script><\/p>\n","protected":false},"excerpt":{"rendered":"C\u2019est jour de course, sur le Red Bull Ring, pour la cat\u00e9gorie reine des comp\u00e9titions sur deux roues.&hellip;\n","protected":false},"author":2,"featured_media":324224,"comment_status":"","ping_status":"","sticky":false,"template":"","format":"standard","meta":{"footnotes":""},"categories":[1413],"tags":[1011,27,2128,1457,1456,1458,34490,60],"class_list":{"0":"post-324223","1":"post","2":"type-post","3":"status-publish","4":"format-standard","5":"has-post-thumbnail","7":"category-moto","8":"tag-fr","9":"tag-france","10":"tag-grille-de-depart","11":"tag-moto","12":"tag-motocycle","13":"tag-motogp","14":"tag-red-bull-ring","15":"tag-sports"},"share_on_mastodon":{"url":"https:\/\/pubeurope.com\/@fr\/115042403280561317","error":""},"_links":{"self":[{"href":"https:\/\/www.europesays.com\/fr\/wp-json\/wp\/v2\/posts\/324223","targetHints":{"allow":["GET"]}}],"collection":[{"href":"https:\/\/www.europesays.com\/fr\/wp-json\/wp\/v2\/posts"}],"about":[{"href":"https:\/\/www.europesays.com\/fr\/wp-json\/wp\/v2\/types\/post"}],"author":[{"embeddable":true,"href":"https:\/\/www.europesays.com\/fr\/wp-json\/wp\/v2\/users\/2"}],"replies":[{"embeddable":true,"href":"https:\/\/www.europesays.com\/fr\/wp-json\/wp\/v2\/comments?post=324223"}],"version-history":[{"count":0,"href":"https:\/\/www.europesays.com\/fr\/wp-json\/wp\/v2\/posts\/324223\/revisions"}],"wp:featuredmedia":[{"embeddable":true,"href":"https:\/\/www.europesays.com\/fr\/wp-json\/wp\/v2\/media\/324224"}],"wp:attachment":[{"href":"https:\/\/www.europesays.com\/fr\/wp-json\/wp\/v2\/media?parent=324223"}],"wp:term":[{"taxonomy":"category","embeddable":true,"href":"https:\/\/www.europesays.com\/fr\/wp-json\/wp\/v2\/categories?post=324223"},{"taxonomy":"post_tag","embeddable":true,"href":"https:\/\/www.europesays.com\/fr\/wp-json\/wp\/v2\/tags?post=324223"}],"curies":[{"name":"wp","href":"https:\/\/api.w.org\/{rel}","templated":true}]}}