{"id":324225,"date":"2025-08-17T05:15:11","date_gmt":"2025-08-17T05:15:11","guid":{"rendered":"https:\/\/www.europesays.com\/fr\/324225\/"},"modified":"2025-08-17T05:15:11","modified_gmt":"2025-08-17T05:15:11","slug":"f1-humiliation-pour-grosjean-son-ex-patron-haas-le-classe-3e-meilleur-derriere-hulk-et-k-mag","status":"publish","type":"post","link":"https:\/\/www.europesays.com\/fr\/324225\/","title":{"rendered":"F1 Humiliation pour Grosjean, son ex-patron Haas le classe 3e \u00ab\u00a0meilleur\u00a0\u00bb, derri\u00e8re Hulk et K-Mag !"},"content":{"rendered":"<p>On imagine que Romain Grosjean n\u2019appr\u00e9ciera pas ce \u201cclassement\u201d, \u00e9tabli par l\u2019ancien patron d\u2019Haas F1. En effet, Guenther Steiner, qui sera prochainement impliqu\u00e9 en MotoGP en tant que patron, a r\u00e9cemment r\u00e9alis\u00e9 une hi\u00e9rarchie des pilotes qui avaient couru pour lui, par le pass\u00e9.<\/p>\n<p>Haas F1 : Nico Hulkenberg meilleur pilote de l\u2019histoire du Team<\/p>\n<p>Et le pilote tricolore n\u2019est arriv\u00e9e que troisi\u00e8me, \u00e0 ses yeux ! Ainsi, l\u2019Italien a \u00e9lu <a href=\"https:\/\/lemagsportauto.ouest-france.fr\/tag\/nico-hulkenberg\/\" target=\"_blank\" rel=\"noopener\">Nico Hulkenberg<\/a> en tant que meilleur pilote Haas de l\u2019histoire, devant Kevin Magnussen et donc, Romain Grosjean. Derri\u00e8re, autre estocade, envers Mick Schumacher, positionn\u00e9 quatri\u00e8me et suivi de Nikita Mazepin, qui conclut la hi\u00e9rarchie. Les pilotes comme Esteban Guttierrez et Pietro Fittipaldi n\u2019ayant m\u00eame pas \u00e9t\u00e9 class\u00e9s\u2026<\/p>\n<p>C\u2019est via le profil Instagram de la division Formule 1 de RTL que l\u2019ancien patron de l\u2019\u00e9quipe am\u00e9ricaine \u00e0 publi\u00e9 son classement.<\/p>\n<blockquote class=\"twitter-tweet\">\n<p dir=\"ltr\" lang=\"en\">So many amazing fans already this season \ud83d\ude0d We\u2019re excited to see even more after the summer break \ud83d\udc4a<a href=\"https:\/\/twitter.com\/hashtag\/HaasF1?src=hash&amp;ref_src=twsrc%5Etfw\" target=\"_blank\" rel=\"noopener\">#HaasF1<\/a> <a href=\"https:\/\/twitter.com\/hashtag\/F1?src=hash&amp;ref_src=twsrc%5Etfw\" target=\"_blank\" rel=\"noopener\">#F1<\/a> <a href=\"https:\/\/t.co\/FgucOqNW8O\">pic.twitter.com\/FgucOqNW8O<\/a><\/p>\n<p>\u2014 MoneyGram Haas F1 Team (@HaasF1Team) <a href=\"https:\/\/twitter.com\/HaasF1Team\/status\/1956420684793405575?ref_src=twsrc%5Etfw\" target=\"_blank\" rel=\"noopener\">August 15, 2025<\/a><\/p>\n<\/blockquote>\n<p>Article publi\u00e9 le 17\/08\/2025 \u00e0 6h43<\/p>\n<p>                                                            <script async src=\"https:\/\/platform.twitter.com\/widgets.js\" charset=\"utf-8\"><\/script><\/p>\n","protected":false},"excerpt":{"rendered":"On imagine que Romain Grosjean n\u2019appr\u00e9ciera pas ce \u201cclassement\u201d, \u00e9tabli par l\u2019ancien patron d\u2019Haas F1. En effet, Guenther&hellip;\n","protected":false},"author":2,"featured_media":324226,"comment_status":"","ping_status":"","sticky":false,"template":"","format":"standard","meta":{"footnotes":""},"categories":[1412],"tags":[1451,1452,1453,1454,1455,1011,27,4443,32234,60],"class_list":{"0":"post-324225","1":"post","2":"type-post","3":"status-publish","4":"format-standard","5":"has-post-thumbnail","7":"category-f1","8":"tag-f1","9":"tag-formula-1","10":"tag-formula1","11":"tag-formule-1","12":"tag-formule1","13":"tag-fr","14":"tag-france","15":"tag-haas","16":"tag-romain-grosjean","17":"tag-sports"},"share_on_mastodon":{"url":"https:\/\/pubeurope.com\/@fr\/115042407119554615","error":""},"_links":{"self":[{"href":"https:\/\/www.europesays.com\/fr\/wp-json\/wp\/v2\/posts\/324225","targetHints":{"allow":["GET"]}}],"collection":[{"href":"https:\/\/www.europesays.com\/fr\/wp-json\/wp\/v2\/posts"}],"about":[{"href":"https:\/\/www.europesays.com\/fr\/wp-json\/wp\/v2\/types\/post"}],"author":[{"embeddable":true,"href":"https:\/\/www.europesays.com\/fr\/wp-json\/wp\/v2\/users\/2"}],"replies":[{"embeddable":true,"href":"https:\/\/www.europesays.com\/fr\/wp-json\/wp\/v2\/comments?post=324225"}],"version-history":[{"count":0,"href":"https:\/\/www.europesays.com\/fr\/wp-json\/wp\/v2\/posts\/324225\/revisions"}],"wp:featuredmedia":[{"embeddable":true,"href":"https:\/\/www.europesays.com\/fr\/wp-json\/wp\/v2\/media\/324226"}],"wp:attachment":[{"href":"https:\/\/www.europesays.com\/fr\/wp-json\/wp\/v2\/media?parent=324225"}],"wp:term":[{"taxonomy":"category","embeddable":true,"href":"https:\/\/www.europesays.com\/fr\/wp-json\/wp\/v2\/categories?post=324225"},{"taxonomy":"post_tag","embeddable":true,"href":"https:\/\/www.europesays.com\/fr\/wp-json\/wp\/v2\/tags?post=324225"}],"curies":[{"name":"wp","href":"https:\/\/api.w.org\/{rel}","templated":true}]}}