{"id":324227,"date":"2025-08-17T05:16:19","date_gmt":"2025-08-17T05:16:19","guid":{"rendered":"https:\/\/www.europesays.com\/fr\/324227\/"},"modified":"2025-08-17T05:16:19","modified_gmt":"2025-08-17T05:16:19","slug":"cyclisme-tour-de-romandie-feminin","status":"publish","type":"post","link":"https:\/\/www.europesays.com\/fr\/324227\/","title":{"rendered":"Cyclisme. Tour de Romandie F\u00e9minin"},"content":{"rendered":"<p>Il en a manqu\u00e9 un peu \u00e0\u00a0<strong>Urska Zigart<\/strong> (AG Insurance-Soudal Team) pour s&rsquo;imposer sur cette 2e \u00e9tape du <strong><a href=\"https:\/\/www.cyclismactu.net\/..\/news-cyclisme-route-tour-de-romandie-feminin-elise-chabbey-2e-etape-urska-zigart-en-jaune-89623.html\" target=\"_blank\" rel=\"nofollow noopener\">Tour de Romandie F\u00e9minin<\/a><\/strong>. Battue par la vainqueure du jour, la derni\u00e8re meilleure grimpeuse du <strong>Tour de France Femmes avec Zwift<\/strong>, la Suissesse <strong>Elise Chabbey<\/strong> (FDJ-SUEZ), la Slov\u00e8ne de 28 ans r\u00e9cup\u00e8re n\u00e9anmoins le maillot de leader de cette 4e \u00e9dition. <strong>Zigart<\/strong> a eu en plus le soutien de son compagnon, le r\u00e9cent vainqueur du <strong>Tour de France<\/strong>, <strong>Tadej Pogacar<\/strong>, pr\u00e9sent en Suisse pour l&rsquo;accompagner et sur le bord de la route lors de cette 2e \u00e9tape. La nouvelle leader du classement g\u00e9n\u00e9ral \u00e0 la veille de l&rsquo;arriv\u00e9e finale \u00e0 Aigle s&rsquo;est exprim\u00e9e au micro de l&rsquo;organisation.<\/p>\n<p>Vid\u00e9o &#8211; La r\u00e9action d&rsquo;Urska Zigart \u00e0 l&rsquo;arriv\u00e9e de cette 2e \u00e9tape Lire la suite de l&rsquo;article&#13;<\/p>\n<p>\u00a0<\/p>\n<p>&#13;<br \/>\n\u00ab\u00a0Demain, Elise Chabbey sera clairement mon adversaire principale&#8230;\u00a0\u00bb&#13;<\/p>\n<p>\u00ab\u00a0C\u2019\u00e9tait une tr\u00e8s belle \u00e9tape avec une longue mont\u00e9e \u00e0 la fin, et en tant qu\u2019\u00e9quipe, nous avons pris l\u2019initiative de mener le rythme\u00a0\u00bb, d\u00e9bute la Slov\u00e8ne. \u00ab\u00a0Je suis un peu triste de ne pas avoir eu les jambes pour gagner, mais chapeau \u00e0 Elise [Chabbey], elle a su jouer de ses points forts. Je suis contente de repartir avec le maillot jaune aujourd\u2019hui, et demain, on donnera tout\u00a0\u00bb, affirme-t-elle. \u00ab\u00a0Notre objectif est de garder le maillot et de viser la victoire ; c\u2019est une \u00e9tape int\u00e9ressante avec quelques mont\u00e9es autour d&rsquo;Aigle, donc on va essayer de contr\u00f4ler la course et voir ce qu\u2019il se passe. Elise sera clairement mon adversaire principale, elle a d\u00e9j\u00e0 montr\u00e9 sa force aujourd\u2019hui dans les mont\u00e9es, donc je vais devoir faire attention et penser un peu au classement g\u00e9n\u00e9ral. On doit rester attentives, jouer sur nos forces, et si une opportunit\u00e9 se pr\u00e9sente pour qu\u2019une de nos coureuses gagne l\u2019\u00e9tape, on la saisira\u00a0\u00bb, conclut <strong>Urska Zigart<\/strong>, au micro de l&rsquo;organisation.<\/p>\n<p>Tour de Romandie Feminin &#8211; Classement de la 2\u00e8 \u00e9tape Tour de Romandie Feminin &#8211; Classement g\u00e9n\u00e9ral provisoire apr\u00e8s la 2\u00e8 \u00e9tape<\/p>\n","protected":false},"excerpt":{"rendered":"Il en a manqu\u00e9 un peu \u00e0\u00a0Urska Zigart (AG Insurance-Soudal Team) pour s&rsquo;imposer sur cette 2e \u00e9tape du&hellip;\n","protected":false},"author":2,"featured_media":324228,"comment_status":"","ping_status":"","sticky":false,"template":"","format":"standard","meta":{"footnotes":""},"categories":[1411],"tags":[1154,207,211,1011,27,209,60,210,46128,212,208,213],"class_list":{"0":"post-324227","1":"post","2":"type-post","3":"status-publish","4":"format-standard","5":"has-post-thumbnail","7":"category-cyclisme","8":"tag-cycling","9":"tag-cyclisme","10":"tag-ffc","11":"tag-fr","12":"tag-france","13":"tag-route","14":"tag-sports","15":"tag-tour-de-france","16":"tag-tour-de-romandie-feminin","17":"tag-uci","18":"tag-velo","19":"tag-world-tour"},"share_on_mastodon":{"url":"https:\/\/pubeurope.com\/@fr\/115042411129710786","error":""},"_links":{"self":[{"href":"https:\/\/www.europesays.com\/fr\/wp-json\/wp\/v2\/posts\/324227","targetHints":{"allow":["GET"]}}],"collection":[{"href":"https:\/\/www.europesays.com\/fr\/wp-json\/wp\/v2\/posts"}],"about":[{"href":"https:\/\/www.europesays.com\/fr\/wp-json\/wp\/v2\/types\/post"}],"author":[{"embeddable":true,"href":"https:\/\/www.europesays.com\/fr\/wp-json\/wp\/v2\/users\/2"}],"replies":[{"embeddable":true,"href":"https:\/\/www.europesays.com\/fr\/wp-json\/wp\/v2\/comments?post=324227"}],"version-history":[{"count":0,"href":"https:\/\/www.europesays.com\/fr\/wp-json\/wp\/v2\/posts\/324227\/revisions"}],"wp:featuredmedia":[{"embeddable":true,"href":"https:\/\/www.europesays.com\/fr\/wp-json\/wp\/v2\/media\/324228"}],"wp:attachment":[{"href":"https:\/\/www.europesays.com\/fr\/wp-json\/wp\/v2\/media?parent=324227"}],"wp:term":[{"taxonomy":"category","embeddable":true,"href":"https:\/\/www.europesays.com\/fr\/wp-json\/wp\/v2\/categories?post=324227"},{"taxonomy":"post_tag","embeddable":true,"href":"https:\/\/www.europesays.com\/fr\/wp-json\/wp\/v2\/tags?post=324227"}],"curies":[{"name":"wp","href":"https:\/\/api.w.org\/{rel}","templated":true}]}}