{"id":324235,"date":"2025-08-17T05:20:14","date_gmt":"2025-08-17T05:20:14","guid":{"rendered":"https:\/\/www.europesays.com\/fr\/324235\/"},"modified":"2025-08-17T05:20:14","modified_gmt":"2025-08-17T05:20:14","slug":"apres-le-deces-brutal-de-son-fils-de-30-ans-ce-maire-de-gironde-publie-un-livre-je-continue-ses-combats","status":"publish","type":"post","link":"https:\/\/www.europesays.com\/fr\/324235\/","title":{"rendered":"Apr\u00e8s le d\u00e9c\u00e8s brutal de son fils de 30 ans, ce maire de Gironde publie un livre : \u00ab\u00a0Je continue ses combats\u00a0\u00bb"},"content":{"rendered":"<p>            Par<br \/>\n        <strong><br \/>\n            <a href=\"https:\/\/actu.fr\/auteur\/charlotte-lesprit\" title=\"Consulter tous les articles de Charlotte Lesprit\" rel=\"nofollow noopener\" target=\"_blank\">Charlotte Lesprit<\/a><br \/>\n        <\/strong><\/p>\n<p>        Publi\u00e9 le<\/p>\n<p>            17 ao\u00fbt 2025 \u00e0 6h32        <\/p>\n<p>Ce livre est une lettre. Celle d\u2019un p\u00e8re \u00e0 son fils, disparu brutalement en avril 2024 \u00e0 30 ans, victime d\u2019une dissection de l\u2019aorte. Mais aussi <strong>le manifeste d\u2019un homme de gauche<\/strong>, \u00e0 la fois hommage et tentative\u2009: celle d\u2019un \u00e9lan qui clame qu\u2019un \u00ab\u2009autre monde est non seulement souhaitable, mais n\u00e9cessaire\u2009\u00bb. La disparition de Simon suivie de la naissance de sa petite-fille ont \u00e9t\u00e9 pour <strong>St\u00e9phane Delpeyrat-Vincent<\/strong> un choc, un appel int\u00e9rieur. \u00ab\u2009J\u2019ai compris qu\u2019il ne suffisait plus d\u2019attendre. Qu\u2019il fallait y aller, maintenant\u2009\u00bb, confie-t-il, assis au milieu des ouvrages de la librairie Nouveau Chapitre, \u00e0<strong> Saint-M\u00e9dard-en-Jalles <\/strong>(Gironde), commune dont il est maire depuis 2020. Car pour l\u2019\u00e9lu, oui, \u00ab\u2009m\u00eame au c\u0153ur de la douleur, quelque chose peut encore se construire.\u2009\u00bb<\/p>\n<p class=\" wall-content\">Militant de longue date, d\u2019abord maire de Saint-Aubin dans les Landes durant trois mandats, mais aussi <strong>porte-parole du Parti socialiste<\/strong> et vice-pr\u00e9sident de <a href=\"https:\/\/actu.fr\/tag\/bordeaux-metropole\" rel=\"nofollow noopener\" target=\"_blank\">Bordeaux M\u00e9tropole<\/a> en charge de l\u2019\u00e9conomie, l\u2019\u00e9dile a \u00e9crit Manifeste pour un monde vivable et vivant. \u00c0 un fils r\u00e9volt\u00e9\u00a0 afin de<strong> \u00ab\u2009continuer ses combats\u2009\u00bb<\/strong> \u2013 mais pas seulement.<\/p>\n<p>\u00ab\u2009Une vie d\u2019engagement\u2009\u00bb<\/p>\n<p class=\" wall-content\">\u00ab\u2009Je souhaitais lui rendre hommage dans la vie qu\u2019il avait choisi de mener, qui \u00e9tait une vie d\u2019engagement\u2009\u00bb, mentionne St\u00e9phane Delpeyrat-Vincent. En effet, Simon Delpeyrat-Vincent avait trouv\u00e9 sa place au sein de <a href=\"https:\/\/actu.fr\/nouvelle-aquitaine\/rion-des-landes_40243\/rion-des-landes-une-journee-magique-la-fete-des-enfants-revient-a-l-ecolieu-jeanot_62601350.html\" rel=\"nofollow noopener\" target=\"_blank\">l\u2019\u00e9colieu Jeanot \u00e0 Rion<\/a>, dans la for\u00eat landaise, o\u00f9 le jeune graphiste \u00ab\u2009a essay\u00e9 de b\u00e2tir <strong>une petite soci\u00e9t\u00e9 autrement<\/strong>\u2009\u00bb loin de tout parti politique. Il \u00e9tait par ailleurs engag\u00e9 tant sur les questions f\u00e9ministes, d\u2019antiracisme et environnementales.<\/p>\n<p class=\" wall-content\">Ce livre \u00ab\u2009vient de la douleur, mais ne s\u2019y enferme pas\u2009\u00bb, d\u00e9crit l\u2019\u00e9dile dans son prologue. \u00ab\u2009Il vient de l\u2019amour, mais ne s\u2019en contente pas. Il vient de la politique aussi, mais pour la d\u00e9passer, pour aller plus loin. <strong>Il vient de toi, Simon, et il va vers ceux qui te ressemblent<\/strong>. Vers une jeunesse en col\u00e8re.\u2009\u00bb<\/p>\n<p>\u00ab\u2009Un h\u00e9ritage \u00e0 l\u2019envers\u2009\u00bb<\/p>\n<p class=\" wall-content\">St\u00e9phane Delpeyrat-Vincent reprend les mots de son amie, la philosophe Cynthia Fleur qui l\u2019a aid\u00e9 d\u00e8s les premiers jours \u00e0 \u00ab\u2009ne pas baisser les bras\u2009\u00bb\u2009: \u00ab\u2009\u00c0 un moment, il faut accepter que l\u2019h\u00e9ritage se fasse \u00e0 l\u2019envers\u2009\u00bb. \u00ab\u2009Il faut se mettre dans cette perspective un peu bizarre qu\u2019on va <strong>continuer les combats de son fils<\/strong>, ajoute-t-il. Mais \u00e7a marche, en fait.\u2009\u00bb<\/p>\n<p class=\" wall-content\">Et puis, il y a eu la naissance d\u2019Ys\u00e9\u2009: \u00ab\u2009Quand vous perdez un enfant, vous avez l\u2019impression que la vie continue, mais que vous, <strong>vous \u00eates rest\u00e9 dans un autre temps<\/strong>. Quand ma petite fille est n\u00e9e, \u00e7a s\u2019est remis vers l\u2019avant. Comme s\u2019il y avait une temporalit\u00e9 normale.\u2009\u00bb<\/p>\n<blockquote class=\"ac-article-quote wall-content\">\n<p>\u00ab\u2009Un jour, quelqu\u2019un qui connaissait tr\u00e8s bien Simon m\u2019a dit que le meilleur moyen de lui rendre hommage, c\u2019\u00e9tait de continuer. Parce qu\u2019au fond, on se ressemblait \u00e9norm\u00e9ment.\u2009\u00bb<\/p>\n<p>    <strong>St\u00e9phane Delpeyrat-Vincent<\/strong><br \/>\n        maire de Saint-M\u00e9dard-en-Jalles    <\/p><\/blockquote>\n<p class=\" wall-content\">\u00ab\u2009Simon \u00e9tait en r\u00e9volte \u2014 comme beaucoup, et comme moi d\u2019ailleurs. Il ne supportait pas l\u2019extr\u00eame passivit\u00e9 de nos soci\u00e9t\u00e9s, de nos d\u00e9mocraties en particulier, face aux dangers qui nous font face\u2009: la <a href=\"https:\/\/actu.fr\/tag\/rechauffement-climatique\" rel=\"nofollow noopener\" target=\"_blank\">crise climatique<\/a>, notamment, mais aussi des <strong>in\u00e9galit\u00e9s qui n\u2019ont jamais \u00e9t\u00e9 aussi \u00e9normes<\/strong>. \u00bb<\/p>\n<p class=\" wall-content\">\u00c9cologie, soin, d\u00e9mocratie, solidarit\u00e9, \u00e9conomie du bien commun, immigration, extr\u00eame droite\u2026 En dix-huit chapitres, St\u00e9phane Delpeyrat-Vincent explore plusieurs enjeux contemporains. Il s\u2019appuie sur les travaux des \u00e9conomistes Thomas Piketty et Julia Cag\u00e9, tout en<strong> puisant dans sa propre exp\u00e9rience<\/strong>, men\u00e9e \u00e0 <a href=\"https:\/\/actu.fr\/nouvelle-aquitaine\/saint-medard-en-jalles_33449\/un-nouveau-parc-public-de-7-hectares-a-ouvert-dans-la-metropole-de-bordeaux_61122242.html\" rel=\"nofollow noopener\" target=\"_blank\">Saint-M\u00e9dard-en-Jalles<\/a>. Ainsi, au fil des 75 pages, l\u2019\u00e9lu cite <a href=\"https:\/\/actu.fr\/politique\/henri-emmanuelli-ex-ministre-president-lassemblee-est-mort_260122.html\" rel=\"nofollow noopener\" target=\"_blank\">Henri Emmanuelli<\/a>, dont il fut l\u2019assistant parlementaire, partage des dessins de son fils, accompagn\u00e9s de ses textes affectifs, et livre les t\u00e9moignages d\u2019anciens \u00ab\u2009fervents militants de gauche\u2009\u00bb. Un condens\u00e9 qu\u2019il conclue par un po\u00e8me\u2009: \u00ab\u2009La vie frappe \u00e0 la porte. Il faut ouvrir et, toujours, prendre le risque d\u2019aimer. Tout ce qui est l\u00e0 et tout ce qui n\u2019est plus. Simon.\u2009\u00bb<\/p>\n<p>Une association au nom de son fils<\/p>\n<p class=\" wall-content\">Les b\u00e9n\u00e9fices du livre seront revers\u00e9s \u00e0 l\u2019association <a href=\"https:\/\/www.helloasso.com\/associations\/simon-delpeyrat-pour-la-jeunesse\" rel=\"nofollow noopener\" target=\"_blank\">Simon Delpeyrat pour la jeunesse<\/a>. \u00ab\u2009Je me suis rendu compte avec son d\u00e9c\u00e8s que les jeunes de mani\u00e8re g\u00e9n\u00e9rale n\u2019\u00e9taient pas pris au s\u00e9rieux et qu\u2019il y avait une forme de brutalit\u00e9 implicite de la soci\u00e9t\u00e9 \u00e0 leur \u00e9gard. Simon, la veille de son d\u00e9c\u00e8s, avait vu quelqu\u2019un et je pense que<strong> s\u2019il avait eu 65\u00a0ans on l\u2019aurait hospitalis\u00e9<\/strong>\u2009\u00bb, livre son p\u00e8re.<\/p>\n<p class=\" wall-content\">Parmi les premiers projets, St\u00e9phane Delpeyrat-Vincent imagine la cr\u00e9ation d\u2019une <a href=\"https:\/\/www.maisonperchee.org\/\" rel=\"nofollow noopener\" target=\"_blank\">Maison perch\u00e9e<\/a> dans la m\u00e9tropole bordelaise. Inspir\u00e9e de celle n\u00e9e \u00e0 Paris, cette <strong>structure non m\u00e9dicalis\u00e9e<\/strong> repose sur le principe de la pair-aidance. Elle a \u00e9t\u00e9 pens\u00e9e pour accompagner de jeunes adultes vivant avec des troubles psychiques.<\/p>\n<p>Manifeste pour un monde vivable et vivant. \u00c0 un fils r\u00e9volt\u00e9 vendu 9 euros, aux \u00e9ditions <a href=\"https:\/\/www.editions-atelierdesbrisants.com\/\" rel=\"nofollow noopener\" target=\"_blank\">L\u2019Atelier des Brisants.<\/a><\/p>\n<p class=\" wall-content\">Suivez toute l\u2019actualit\u00e9 de vos villes et m\u00e9dias favoris en vous inscrivant \u00e0 <a href=\"https:\/\/moncompte.actu.fr\" title=\"D\u00e9couvez Mon Actu\" rel=\"nofollow noopener\" data-trk=\"{&quot;cta&quot;:{&quot;action&quot;:&quot;https:\\\/\\\/moncompte.actu.fr&quot;,&quot;category&quot;:&quot;mon compte&quot;,&quot;from&quot;:&quot;article footer&quot;,&quot;name&quot;:&quot;Mon actu&quot;,&quot;type&quot;:&quot;cta&quot;}}\" target=\"_blank\">Mon Actu<\/a>.<\/p>\n","protected":false},"excerpt":{"rendered":"Par Charlotte Lesprit Publi\u00e9 le 17 ao\u00fbt 2025 \u00e0 6h32 Ce livre est une lettre. Celle d\u2019un p\u00e8re&hellip;\n","protected":false},"author":2,"featured_media":324236,"comment_status":"","ping_status":"","sticky":false,"template":"","format":"standard","meta":{"footnotes":""},"categories":[1357],"tags":[1379,58,59,1011,27,1380,104],"class_list":{"0":"post-324235","1":"post","2":"type-post","3":"status-publish","4":"format-standard","5":"has-post-thumbnail","7":"category-livres","8":"tag-books","9":"tag-divertissement","10":"tag-entertainment","11":"tag-fr","12":"tag-france","13":"tag-livres","14":"tag-societe"},"share_on_mastodon":{"url":"https:\/\/pubeurope.com\/@fr\/115042426900932714","error":""},"_links":{"self":[{"href":"https:\/\/www.europesays.com\/fr\/wp-json\/wp\/v2\/posts\/324235","targetHints":{"allow":["GET"]}}],"collection":[{"href":"https:\/\/www.europesays.com\/fr\/wp-json\/wp\/v2\/posts"}],"about":[{"href":"https:\/\/www.europesays.com\/fr\/wp-json\/wp\/v2\/types\/post"}],"author":[{"embeddable":true,"href":"https:\/\/www.europesays.com\/fr\/wp-json\/wp\/v2\/users\/2"}],"replies":[{"embeddable":true,"href":"https:\/\/www.europesays.com\/fr\/wp-json\/wp\/v2\/comments?post=324235"}],"version-history":[{"count":0,"href":"https:\/\/www.europesays.com\/fr\/wp-json\/wp\/v2\/posts\/324235\/revisions"}],"wp:featuredmedia":[{"embeddable":true,"href":"https:\/\/www.europesays.com\/fr\/wp-json\/wp\/v2\/media\/324236"}],"wp:attachment":[{"href":"https:\/\/www.europesays.com\/fr\/wp-json\/wp\/v2\/media?parent=324235"}],"wp:term":[{"taxonomy":"category","embeddable":true,"href":"https:\/\/www.europesays.com\/fr\/wp-json\/wp\/v2\/categories?post=324235"},{"taxonomy":"post_tag","embeddable":true,"href":"https:\/\/www.europesays.com\/fr\/wp-json\/wp\/v2\/tags?post=324235"}],"curies":[{"name":"wp","href":"https:\/\/api.w.org\/{rel}","templated":true}]}}