{"id":324240,"date":"2025-08-17T05:23:13","date_gmt":"2025-08-17T05:23:13","guid":{"rendered":"https:\/\/www.europesays.com\/fr\/324240\/"},"modified":"2025-08-17T05:23:13","modified_gmt":"2025-08-17T05:23:13","slug":"les-premieres-images-du-film-dastier","status":"publish","type":"post","link":"https:\/\/www.europesays.com\/fr\/324240\/","title":{"rendered":"Les premi\u00e8res images du film d&rsquo;Astier"},"content":{"rendered":"<p>Le 14 ao\u00fbt 2025, Alexandre Astier a enfin r\u00e9v\u00e9l\u00e9 la premi\u00e8re bande-annonce de <strong>Kaamelott : Deuxi\u00e8me Volet Partie 1<\/strong>, ravivant la ferveur des fans et des amoureux de pop culture fran\u00e7aise. Apr\u00e8s le succ\u00e8s cin\u00e9matographique du premier film en 2021 malgr\u00e9 la pand\u00e9mie, Astier et son \u00e9quipe r\u00e9installent la Table Ronde sur grand \u00e9cran, promettant une nouvelle \u00e9pop\u00e9e dantesque, port\u00e9e par un casting impressionnant et un univers technique encore enrichi.<\/p>\n<p>L\u2019enjeu ? Redonner vie \u00e0 la l\u00e9gende, explorer de nouveaux territoires narratifs et placer Kaamelott une fois de plus au centre de la sc\u00e8ne m\u00e9diatique hexagonale. \u00c0 quelques semaines de la sortie fran\u00e7aise, ce teaser soul\u00e8ve interrogations et sp\u00e9culations parmi les nombreux fid\u00e8les du royaume de Logres.<\/p>\n<p>Les infos cl\u00e9s sur Kaamelott Deuxi\u00e8me Volet Partie 1<\/p>\n<ul>\n<li><strong>Date de sortie :<\/strong> 22 octobre 2025<\/li>\n<li>Long-m\u00e9trage cin\u00e9ma, premi\u00e8re partie d\u2019un diptyque dont la suite sortira le 11 novembre 2026<\/li>\n<li><strong>R\u00e9alisation, sc\u00e9nario, musique :<\/strong> Alexandre Astier<\/li>\n<li><strong>Production :<\/strong> Regular Production<\/li>\n<li><strong>Budget :<\/strong> Pr\u00e8s de 19,7 millions d\u2019euros<\/li>\n<li><strong>Dur\u00e9e :<\/strong> Environ 1h37<\/li>\n<li><strong>Distribution principale :<\/strong> Alexandre Astier (Arthur), Anne Girouard (Gueni\u00e8vre), Thomas Cousseau (Lancelot), Audrey Fleurot (Dame du Lac), Alain Chabat, Christian Clavier, Guillaume Gallienne, Lionnel Astier, Jo\u00eblle Sevilla<\/li>\n<li><strong>Nouveaut\u00e9s casting :<\/strong> Virginie Ledoyen (remplace Anouk Grinberg dans le r\u00f4le d\u2019Anna de Tintagel), Franck Dubosc, Redouane Bougheraba, Haroun, Thomas VDB<\/li>\n<\/ul>\n<p>Synopsis<\/p>\n<p>Le film reprend <strong>quelques temps apr\u00e8s la chute du roi tyran Lancelot<\/strong>. Arthur, de retour sur le tr\u00f4ne, doit faire face aux dieux celtes et \u00e0 de nouvelles menaces, apr\u00e8s avoir \u00e9pargn\u00e9 son ennemi. Au c\u0153ur de cette \u00ab\u00a0premi\u00e8re partie\u00a0\u00bb, chaque chevalier est envoy\u00e9 en qu\u00eate dans des contr\u00e9es in\u00e9dites afin de gagner sa place dans la <strong>nouvelle Table Ronde<\/strong>.<\/p>\n<p><img loading=\"lazy\" decoding=\"async\" class=\"wp-image-3863 size-large\" src=\"data:image\/svg+xml,%3Csvg%20xmlns=\" http:=\"\" alt=\"\" width=\"1200\" height=\"522\" data-lazy- data-lazy- data-lazy-src=\"https:\/\/www.europesays.com\/fr\/wp-content\/uploads\/2025\/08\/screenshot-1-kaamelott-deuxieme-volet-partie-1-1200x522.jpg\"\/><a href=\"https:\/\/worldofgeek.fr\/kaamelott-2-partie-1-affiche-infos\/\" rel=\"nofollow noopener\" target=\"_blank\">KAAMELOTT Deuxi\u00e8me Volet Partie 1<\/a> \u00a9 Alexandre Astier<\/p>\n<p>L\u2019aventure s\u2019annonce plus \u00e9pique, riche en rebondissements, traversant des <strong>d\u00e9cors sahariens et glaciaires<\/strong> pour illustrer l\u2019ampleur de l\u2019exp\u00e9dition. Les relations entre anciens et nouveaux chevaliers, ainsi que les dynamiques de groupe, sont promises comme plus pr\u00e9sentes que jamais, initiant une narration dense et \u00e9clat\u00e9e.<\/p>\n<p>La bande-annonce se termine sur un <strong>Arthur las<\/strong>, replongeant Excalibur dans son rocher, relan\u00e7ant l\u2019espoir et l\u2019incertitude sur la suite de son r\u00e8gne et du destin de Bretagne.<\/p>\n<p>Univers, ambitions et \u00e9volution technique<\/p>\n<p>Kaamelott Deuxi\u00e8me Volet Partie 1 promet une <strong>mont\u00e9e en gamme technique<\/strong> : d\u00e9cors vari\u00e9s, costumes repens\u00e9s, effets sp\u00e9ciaux spectaculaires. Astier capitalise sur l\u2019esprit original de la s\u00e9rie tout en enrichissant l\u2019\u00e9pop\u00e9e par une approche cin\u00e9matographique plus ambitieuse et des enjeux visuels accrus.<\/p>\n<p><img loading=\"lazy\" decoding=\"async\" class=\"wp-image-3862 size-large\" src=\"data:image\/svg+xml,%3Csvg%20xmlns=\" http:=\"\" alt=\"Screenshot 5 KAAMELOTT Deuxi\u00e8me Volet Partie 1\" width=\"1200\" height=\"516\" data-lazy- data-lazy- data-lazy-src=\"https:\/\/www.europesays.com\/fr\/wp-content\/uploads\/2025\/08\/screenshot-5-kaamelott-deuxieme-volet-partie-1-1200x516.jpg\"\/>KAAMELOTT Deuxi\u00e8me Volet Partie 1 \u00a9 Alexandre Astier<\/p>\n<p>La dur\u00e9e du tournage (huit mois) et le budget \u00e9lev\u00e9 t\u00e9moignent de la volont\u00e9 de proposer une immersion totale, au service de l\u2019humour et de la gravit\u00e9 propres \u00e0 la saga. La bande-annonce livre d\u00e9j\u00e0 des extraits de paysages disparates, du d\u00e9sert au Grand Nord, accentuant la promesse d\u2019une fresque qui s\u2019affranchit des codes du premier opus.<\/p>\n<p>La musique de <strong>Kaamelott<\/strong>, sign\u00e9e Astier lui-m\u00eame, conserve sa fonction mythologique et d\u2019accompagnement dramatique, ajoutant \u00e0 la dimension \u00e9motionnelle et \u00e9pique de l\u2019intrigue.<\/p>\n<p>Les premiers avis des fans sur la bande annonce<\/p>\n<p>Pour \u00eatre honn\u00eate, cette premi\u00e8re bande annonce nous a compl\u00e9tement s\u00e9duit \u00e0 la r\u00e9dac de worldofgeek.fr. Nous avons errer sur les forums de fans pour vous faire conna\u00eetre les premiers retours et avis qui ont \u00e9t\u00e9 partager sur le web par la communaut\u00e9 de Kaamelott :<\/p>\n<ul>\n<li>Le teaser fait la part belle \u00e0 la diversit\u00e9 des d\u00e9cors et \u00e0 une a<strong>mbiance plus \u00ab\u00a0aventureuse\u00a0\u00bb<\/strong> que le premier opus.<\/li>\n<li>L\u2019<strong>humour intemporel et la repartie<\/strong> des personnages principaux, piliers de Kaamelott, restent au rendez-vous.<\/li>\n<li>Le montage et le rythme augurent d\u2019une <strong>intrigue collective<\/strong> : chaque personnage (ou groupe) part \u00e0 sa propre qu\u00eate, renouvelant la dynamique de bande.<\/li>\n<li><strong>Effets sp\u00e9ciaux<\/strong> et esth\u00e9tique visuelle semblent avoir franchi un cap, promettant des s\u00e9quences m\u00e9morables.<\/li>\n<li>Le <strong>casting complet<\/strong>, avec la pr\u00e9sence de <strong>nombreux personnages issues de la s\u00e9rie<\/strong> mais aussi avec <strong>de nouvelles t\u00eates connues du public<\/strong>, est une excellente nouvelle<\/li>\n<li>En revanche on note l\u2019<strong>absence remarqu\u00e9e de Perceval<\/strong> (Franck Pitiot), figure embl\u00e9matique de la saga, a d\u00e9j\u00e0 suscit\u00e9 incompr\u00e9hension et d\u00e9ception de la part d\u2019une large communaut\u00e9 de fans.<\/li>\n<\/ul>\n<p><img loading=\"lazy\" decoding=\"async\" class=\"size-large wp-image-3866\" src=\"data:image\/svg+xml,%3Csvg%20xmlns=\" http:=\"\" alt=\"Screenshot KAAMELOTT Deuxi\u00e8me Volet Partie 1\" width=\"1200\" height=\"505\" data-lazy- data-lazy- data-lazy-src=\"https:\/\/www.europesays.com\/fr\/wp-content\/uploads\/2025\/08\/screenshot-kaamelott-deuxieme-volet-partie-1-1200x505.jpg\"\/>KAAMELOTT Deuxi\u00e8me Volet Partie 1 \u00a9 Alexandre Astier<\/p>\n<p>D\u00e8s la mise en ligne, le teaser a g\u00e9n\u00e9r\u00e9 des centaines de r\u00e9actions sur les r\u00e9seaux et les plateformes sp\u00e9cialis\u00e9es. La communaut\u00e9 Kaamelott, tr\u00e8s active sur Reddit, Allocin\u00e9 et les forums de fans, s\u2019est tout de suite montr\u00e9e r\u00e9active, partageant ses attentes, ses analyses et ses craintes. Les retours mettent en avant :<\/p>\n<ul>\n<li>L\u2019enthousiasme provoqu\u00e9 par le retour du style Astier, les dialogues et la dynamique de groupe.<\/li>\n<li>La surprise li\u00e9e aux nouveaux membres du casting, per\u00e7ue comme une promesse de renouvellement, mais aussi le regret du d\u00e9part de Perceval, souvent cit\u00e9 comme personnage pr\u00e9f\u00e9r\u00e9.<\/li>\n<li>La curiosit\u00e9 pour l\u2019approche \u00ab\u00a0en \u00e9quipes\u00a0\u00bb et les sources d\u2019inspiration mythologiques et historiques visibles dans le teaser.<\/li>\n<li>Des critiques constructives sur les faiblesses du premier volet (sc\u00e8nes d\u2019action, costumes), qui nourrissent l\u2019espoir d\u2019une progression dans ce nouveau diptyque.<\/li>\n<\/ul>\n<p>Impact attendu et perspectives pour la cat\u00e9gorie<\/p>\n<p><strong>Kaamelott Deuxi\u00e8me Volet Partie 1<\/strong> s\u2019impose comme l\u2019un des \u00e9v\u00e9nements fran\u00e7ais de la rentr\u00e9e cin\u00e9ma 2025, r\u00e9unissant une fanbase massive, un h\u00e9ritage pop et un casting \u00e9largi. La strat\u00e9gie d\u2019Alexandre Astier, consistant \u00e0 \u00e9crire, r\u00e9aliser, composer et diriger la saga, continue de fasciner, illustrant un savoir-faire rare dans le paysage audiovisuel fran\u00e7ais.<\/p>\n<p>L\u2019attente est immense pour voir si ce nouveau diptyque tiendra sa promesse d\u2019intensit\u00e9, d\u2019humour et d\u2019aventure, redisant l\u2019attachement du public \u00e0 la franchise Kaamelott, tant sur le grand \u00e9cran que dans la culture populaire.<\/p>\n<p>Les critiques du premier film semblent avoir \u00e9t\u00e9 entendues, et la division en deux parties devrait permettre un d\u00e9veloppement narratif plus riche et coh\u00e9rent. Le film est attendu par les fans de la s\u00e9rie, les cin\u00e9philes friands de com\u00e9dies fran\u00e7aises d\u2019envergure, et tous ceux qui suivent les \u00e9volutions du cin\u00e9ma hexagonal.<\/p>\n<p>\u00c0 moins de deux mois de la sortie en salles, la bande-annonce de <strong>Kaamelott : Deuxi\u00e8me Volet Partie 1<\/strong> se pose comme un coup d\u2019envoi prometteur pour le cin\u00e9ma fran\u00e7ais de 2025 : dr\u00f4le, ambitieux, f\u00e9d\u00e9rateur, il s\u2019adresse autant aux fid\u00e8les qu\u2019aux curieux pr\u00eats \u00e0 (re)d\u00e9couvrir l\u2019univers d\u2019Astier.<\/p>\n<p>La promesse d\u2019un blockbuster national, capable de marier pop culture, humour subtil et prouesses techniques, place le film dans la lign\u00e9e des \u0153uvres \u00e0 suivre de tr\u00e8s pr\u00e8s cette ann\u00e9e. Reste \u00e0 savoir si le r\u00e9sultat final, \u00e9tal\u00e9 sur deux volets, saura transformer l\u2019essai\u2026 Rendez-vous le 22 octobre pour le verdict !<\/p>\n","protected":false},"excerpt":{"rendered":"Le 14 ao\u00fbt 2025, Alexandre Astier a enfin r\u00e9v\u00e9l\u00e9 la premi\u00e8re bande-annonce de Kaamelott : Deuxi\u00e8me Volet Partie&hellip;\n","protected":false},"author":2,"featured_media":324241,"comment_status":"","ping_status":"","sticky":false,"template":"","format":"standard","meta":{"footnotes":""},"categories":[1354],"tags":[58,59,1346,1011,27,1360],"class_list":{"0":"post-324240","1":"post","2":"type-post","3":"status-publish","4":"format-standard","5":"has-post-thumbnail","7":"category-films","8":"tag-divertissement","9":"tag-entertainment","10":"tag-films","11":"tag-fr","12":"tag-france","13":"tag-movies"},"share_on_mastodon":{"url":"https:\/\/pubeurope.com\/@fr\/115042438516675868","error":""},"_links":{"self":[{"href":"https:\/\/www.europesays.com\/fr\/wp-json\/wp\/v2\/posts\/324240","targetHints":{"allow":["GET"]}}],"collection":[{"href":"https:\/\/www.europesays.com\/fr\/wp-json\/wp\/v2\/posts"}],"about":[{"href":"https:\/\/www.europesays.com\/fr\/wp-json\/wp\/v2\/types\/post"}],"author":[{"embeddable":true,"href":"https:\/\/www.europesays.com\/fr\/wp-json\/wp\/v2\/users\/2"}],"replies":[{"embeddable":true,"href":"https:\/\/www.europesays.com\/fr\/wp-json\/wp\/v2\/comments?post=324240"}],"version-history":[{"count":0,"href":"https:\/\/www.europesays.com\/fr\/wp-json\/wp\/v2\/posts\/324240\/revisions"}],"wp:featuredmedia":[{"embeddable":true,"href":"https:\/\/www.europesays.com\/fr\/wp-json\/wp\/v2\/media\/324241"}],"wp:attachment":[{"href":"https:\/\/www.europesays.com\/fr\/wp-json\/wp\/v2\/media?parent=324240"}],"wp:term":[{"taxonomy":"category","embeddable":true,"href":"https:\/\/www.europesays.com\/fr\/wp-json\/wp\/v2\/categories?post=324240"},{"taxonomy":"post_tag","embeddable":true,"href":"https:\/\/www.europesays.com\/fr\/wp-json\/wp\/v2\/tags?post=324240"}],"curies":[{"name":"wp","href":"https:\/\/api.w.org\/{rel}","templated":true}]}}