{"id":324242,"date":"2025-08-17T05:25:11","date_gmt":"2025-08-17T05:25:11","guid":{"rendered":"https:\/\/www.europesays.com\/fr\/324242\/"},"modified":"2025-08-17T05:25:11","modified_gmt":"2025-08-17T05:25:11","slug":"football-ligue-2-asse-duffus-omnipresent-jaber-decisif-les-notes-de-la-victoire-face-a-rodez-le-dauphine-libere","status":"publish","type":"post","link":"https:\/\/www.europesays.com\/fr\/324242\/","title":{"rendered":"Football &#8211; Ligue 2. ASSE : Duffus omnipr\u00e9sent, Jaber d\u00e9cisif\u2026 Les notes de la victoire face \u00e0 Rodez &#8211; Le Dauphin\u00e9 Lib\u00e9r\u00e9"},"content":{"rendered":"<ol>\n<li><a href=\"https:\/\/news.google.com\/rss\/articles\/CBMiuwFBVV95cUxORDNIU0dYVkN5bW9BS3hpMy1lNWJBWE1JMUVrSkl2blJtV09FeVlURUMwWm4tMHBHNV8ySFZxdzc5emJBYnZuYTZFQTg4UVlleDZsdTNWc3M3VC1UWDBROGQ1U1BCZE1xU1FhNWkxd2czbDQ3Nl9pWVdLaEg3bFVWclRCZEgyUWwzOExjOFdUckh6Z0tyMnEtam10RXhNWk9xYV9BVUJUQTFmQzZoeWVaX3hHaHc2UHBTXzlB?oc=5\" target=\"_blank\" rel=\"noopener\">Football &#8211; Ligue 2. ASSE : Duffus omnipr\u00e9sent, Jaber d\u00e9cisif\u2026 Les notes de la victoire face \u00e0 Rodez<\/a>&nbsp;&nbsp;Le Dauphin\u00e9 Lib\u00e9r\u00e9<\/li>\n<li><a href=\"https:\/\/news.google.com\/rss\/articles\/CBMi6gFBVV95cUxNal9iNmhSazg4ZXh6YmtmblpiTVJ0TDJOWlZVNXhHNzVEb21DRVRmd2xHcjc1X0lxVGNCbllLOTQ2RWdBekNQdlNDWk9WeEkxR2g4ZXlHSUlDb0hIc3FpVHNTX1pQOWptS3lOaVFNWWkyRVhZZnYzdldCcjlnNktzY2FYRE5LT0hQR1I0Zi1CSU1adVIyNW5EcU93NnZFR0lyclFaeElYX2RRZTR6amlfeDlTSjZ2akwtcGgtWk84SEd1VUc0NlpBc2x6WThVZnlONFFhWjFLVEZfUEhBWjY2aEtIWElTLS1jU1E?oc=5\" target=\"_blank\" rel=\"noopener\">Saint-\u00c9tienne s&rsquo;impose facilement contre Rodez et d\u00e9croche sa premi\u00e8re victoire de la saison en Ligue 2<\/a>&nbsp;&nbsp;L&rsquo;\u00c9quipe<\/li>\n<li><a href=\"https:\/\/news.google.com\/rss\/articles\/CBMi3gFBVV95cUxOZnF3UHJXRTJGZG5BbnpUNUliRGt2cEU5NWhta0ZnQ3lKTGxhTTZXY1YwY1ljb3VtQUktblJIZVYyNVpBQk1RVlF1a19ETzB6X0tiQTU0N202aVN3dER5QldZbXQ5WGt6TVdzNWVJdDVwWWphMmhvQTh2WTRneXU2aHBJWEQ1SE84dW9fU0RGenNDODZEdFlMX1N2bU1VeXBBODEtTjBiTkdhUHpDVGVHNlRvX2MxNm5NOHZEbURPYTN0UER3djBrRVd0T3p4cXhLd2RhYUdyOV9oOXhmSlE?oc=5\" target=\"_blank\" rel=\"noopener\">Football. Les tops et flops apr\u00e8s ASSE-Rodez : des d\u00e9buts de r\u00eaves pour Duffus et Jaber, des progr\u00e8s encore attendus<\/a>&nbsp;&nbsp;Le Progr\u00e8s<\/li>\n<li><a href=\"https:\/\/news.google.com\/rss\/articles\/CBMi1wFBVV95cUxNb2JHa1YyVllOSklDUXZ0M0R3cUZqUks3T1dWck9uRGU2YjRNN3VaUVpOSG5KWEhNaVJkQzk3WDlqSjZyTHFGMUhORUZGemZFZmctd3I0aWVuR2hBRGRKcnd4bW5TQlNQQ25NeVF5dGtfUlh4WE51UHNiaWNaVUYtYVUyQzFIaWtPblJRMDZvODhtRVludXV2TUQ2ZVVlZ3k3S2ZSbUllbzlwMzZSZzBmNWpnZTNtU2VodThFRDhlaW9scFhrQjZxM28yMUhDdHdURXJPZkVVc9IB1gFBVV95cUxOMGhwYXNOOVVIY2dzWlZPcDRaS2c5X284UUlEZkxPV2JubVFUMVppRUpkOEJWd3ZjMDl0YmNTdFR5eW4zMXh3dXUyM2pQQ3pkOTRmUmpKd2ZIMTdEYkN1ZlBiNG1vQ2cyaGFucjJnS1pRVzY4VkxFYVdoRko1bEptbG5seC0yaEc1UG1nc202amlYMEt5SzZDaTR4Rko5bzdZUFhRVk5KZ0VHNDd0TWJJclBWUEVlbEpDaF81NVVwZzFKblJkTUcyNGpYV1NpOGJMUmxUVm1B?oc=5\" target=\"_blank\" rel=\"noopener\">L2 (J2) : Saint-\u00c9tienne \u00e9crase Rodez et prend les commandes du championnat<\/a>&nbsp;&nbsp;Orange Actualit\u00e9s | Sports<\/li>\n<li><a href=\"https:\/\/news.google.com\/rss\/articles\/CBMi6wFBVV95cUxPMzJDMkdqb2ZJdlh3X3o4MHFwcFN2S2o0VkxDeFlWYXJtWXg5S2Yyd3VRMzN2aUd5Rk01cHIzMklDZjd5X0JTUk5NN2phekItb2VPYWdYZWs0NzlfQ0M1RUdOQVNBTzlXYmQ2QnNmTGhTSlFNSk0zcm00Sng5dGVrTDBFb0dsbTNvYkRueTJyYS1SSUdmRXdDTTNULUdnOXJwa3BFUGpFdm1sY3lCM2lLXy1PTFQ0R3BDckUteGVjZklZZ0NqWU1LV1I4YUEwdkZwMDhBQWV1cmZnWEd2cV9sT1pMaENROXBYTG5F?oc=5\" target=\"_blank\" rel=\"noopener\">VIDEO. Football : \u00ab\u00a0On a \u00e9t\u00e9 trop gentil\u00a0\u00bb, les r\u00e9actions apr\u00e8s le lourd revers de Rodez \u00e0 Saint-Etienne<\/a>&nbsp;&nbsp;Centre Presse Aveyron<\/li>\n<\/ol>\n","protected":false},"excerpt":{"rendered":"Football &#8211; Ligue 2. ASSE : Duffus omnipr\u00e9sent, Jaber d\u00e9cisif\u2026 Les notes de la victoire face \u00e0 Rodez&nbsp;&nbsp;Le&hellip;\n","protected":false},"author":2,"featured_media":324243,"comment_status":"","ping_status":"","sticky":false,"template":"","format":"standard","meta":{"footnotes":""},"categories":[9],"tags":[9443,1701,63,1011,27,12636,3367,517,1947,60],"class_list":{"0":"post-324242","1":"post","2":"type-post","3":"status-publish","4":"format-standard","5":"has-post-thumbnail","7":"category-sports","8":"tag-asse-as-saint-etienne","9":"tag-fil-info-sport","10":"tag-football","11":"tag-fr","12":"tag-france","13":"tag-ligue-2-football","14":"tag-loire","15":"tag-sport","16":"tag-sport-national","17":"tag-sports"},"share_on_mastodon":{"url":"https:\/\/pubeurope.com\/@fr\/115042446559869722","error":""},"_links":{"self":[{"href":"https:\/\/www.europesays.com\/fr\/wp-json\/wp\/v2\/posts\/324242","targetHints":{"allow":["GET"]}}],"collection":[{"href":"https:\/\/www.europesays.com\/fr\/wp-json\/wp\/v2\/posts"}],"about":[{"href":"https:\/\/www.europesays.com\/fr\/wp-json\/wp\/v2\/types\/post"}],"author":[{"embeddable":true,"href":"https:\/\/www.europesays.com\/fr\/wp-json\/wp\/v2\/users\/2"}],"replies":[{"embeddable":true,"href":"https:\/\/www.europesays.com\/fr\/wp-json\/wp\/v2\/comments?post=324242"}],"version-history":[{"count":0,"href":"https:\/\/www.europesays.com\/fr\/wp-json\/wp\/v2\/posts\/324242\/revisions"}],"wp:featuredmedia":[{"embeddable":true,"href":"https:\/\/www.europesays.com\/fr\/wp-json\/wp\/v2\/media\/324243"}],"wp:attachment":[{"href":"https:\/\/www.europesays.com\/fr\/wp-json\/wp\/v2\/media?parent=324242"}],"wp:term":[{"taxonomy":"category","embeddable":true,"href":"https:\/\/www.europesays.com\/fr\/wp-json\/wp\/v2\/categories?post=324242"},{"taxonomy":"post_tag","embeddable":true,"href":"https:\/\/www.europesays.com\/fr\/wp-json\/wp\/v2\/tags?post=324242"}],"curies":[{"name":"wp","href":"https:\/\/api.w.org\/{rel}","templated":true}]}}