{"id":324250,"date":"2025-08-17T05:29:12","date_gmt":"2025-08-17T05:29:12","guid":{"rendered":"https:\/\/www.europesays.com\/fr\/324250\/"},"modified":"2025-08-17T05:29:12","modified_gmt":"2025-08-17T05:29:12","slug":"en-serbie-le-pouvoir-choisit-une-escalade-mortifere-mediapart","status":"publish","type":"post","link":"https:\/\/www.europesays.com\/fr\/324250\/","title":{"rendered":"En Serbie, le pouvoir choisit une escalade mortif\u00e8re &#8211; Mediapart"},"content":{"rendered":"<ol>\n<li><a href=\"https:\/\/news.google.com\/rss\/articles\/CBMiqwFBVV95cUxPaXVzVG14YTJIOUlBSnVDNVlpRWx0TS1NcExWS20xUzlULXFuTDlOTE9ibTZLQnRMTmdDVXZiTWpCT3FrWUlEU2lIWEE2VnhXU2I2cTZ6R0VSblU5ZWtYcm5jOGdBUjFQNGRfVUNNdi1zV09UT0hqY3FGcmV1TUI0MVdPbTZqSlFYR1MxNzdxZ3RSZzh5YjB6cjNpaHMyRGpTZGxyWHFGNThUTlU?oc=5\" target=\"_blank\" rel=\"nofollow noopener\">En Serbie, le pouvoir choisit une escalade mortif\u00e8re<\/a>&nbsp;&nbsp;Mediapart<\/li>\n<li><a href=\"https:\/\/news.google.com\/rss\/articles\/CBMi5AFBVV95cUxQUVFEMmk0bTl2d2dVYUpkdzFSQ1pyTGZPN1VmSF8xX0loX1JoT2F0ZzBYMzZRalR5XzR2bDlsa1E3Wkt4MWFEc0hZNHVTYW05OWIxODJFb2FkdG1qa1BXdHRGeHA1cjRVVWJ3dU0zV2VycnZzcjlaMUttWlZxYXExSTlvQ1NKZEFreEpzSnNTNXVCTi12WXZvLVBQNVJwSDNQTDg3LXRqN3ctaWJQX3VCWWphTFU4c3FuZnhGTnVFQkdJblZaeVJGU3psUENsX2ctTHdyQUlaRmYzdk1Jb1k4WVplX1I?oc=5\" target=\"_blank\" rel=\"nofollow noopener\">Serbie: des manifestations d\u00e9g\u00e9n\u00e8rent en affrontements, le pr\u00e9sident Vucic parle de \u00abterrorisme\u00bb<\/a>&nbsp;&nbsp;RFI<\/li>\n<li><a href=\"https:\/\/news.google.com\/rss\/articles\/CBMi7AFBVV95cUxNQkl2NTZQQjVBY05kclVKMURrN0ExUHN3SFBnekxBSXV0Ny1fc1hwQlVfdnpiV2V0Nlk2T3dpSEdtN3FWVVZMU2h6MUJFOGFYalQyNGZJU1Y5Z252YTNUSWFaWnhxZkNweExyZzFZUmtycmNFbllIWW9CTkVVM2l1MEY5TXRJeUVmZzBuUDRTa2xZajRzczFIZnNEdldJT2NmV2Raa1QzYjZjZXpmeUpZcmYxcXNWc2paYm04VWlxUTFQWkY3US14SkM4SFZmWUp5Mk8zd1FTOGZ6cUlSOExUR0Z5QmFhUEZtcHZaQw?oc=5\" target=\"_blank\" rel=\"nofollow noopener\">Serbie : cinqui\u00e8me soir\u00e9e de heurts entre manifestants anticorruption et police<\/a>&nbsp;&nbsp;Ouest-France<\/li>\n<li><a href=\"https:\/\/news.google.com\/rss\/articles\/CBMihwJBVV95cUxPV0lVRTRRWExVOGtGRFVxYVBpcEtEOW9vN1diYWFsZUNuMXdpajhoUEt6aC1ibjA4SE5sZ0ZZVjJVSmhyck51dEl3Y2ZtMXlHSlBIMFYyMTdaZmdFVG13NzVOeVduck9vdTBkX0R5Y09TR1cyNjh2ZDQ1UzFqS0pGdHlsanB2Q0ZBNlI4cEVGeDk2Mmt5M3B0d01FZ1l6bHBlSEtGVWNJeHZPYU9QRnhnSjVLeFh3N0xMLWIxTkVzaUVTbDF2WFFPZTJxRmx5YWxqaHVraUNSZllvdXhSdmhkQllKQmV3UlJ2UnBaR25BMTJZV3gwMnV1WVJPbWZzcllXdUZwV3QyYw?oc=5\" target=\"_blank\" rel=\"nofollow noopener\">En Serbie, la violence gagne le mouvement de contestation sous l\u2019effet des provocations du pouvoir<\/a>&nbsp;&nbsp;Le Monde.fr<\/li>\n<li><a href=\"https:\/\/news.google.com\/rss\/articles\/CBMitwFBVV95cUxPZmtsWUJRSnpDNGpYYW1VWDFQd29iZjdzQnd3OHFqQlNpaS1aWGdXU3h4ajRRNld3ZVhpd2lQNkpSMmhnT2hYOFpNZThJRnRidEV1czJpQ2tCX2pHanp1THdVa2VxTzZhSlNZYVBudDBYXzVkc09Qclk0WjlGcFFFbHZ1d2dCT2JzWXJqeENyZHpUQk9ONlFKUXh4Rk9lNHU2SWJUdG8wbldfYmJuN3VwaTRNcVN0OUU?oc=5\" target=\"_blank\" rel=\"nofollow noopener\">La Serbie en proie \u201c\u00e0 des sc\u00e8nes de guerre civile\u201d<\/a>&nbsp;&nbsp;Courrier international<\/li>\n<\/ol>\n","protected":false},"excerpt":{"rendered":"En Serbie, le pouvoir choisit une escalade mortif\u00e8re&nbsp;&nbsp;Mediapart Serbie: des manifestations d\u00e9g\u00e9n\u00e8rent en affrontements, le pr\u00e9sident Vucic parle&hellip;\n","protected":false},"author":2,"featured_media":324251,"comment_status":"","ping_status":"","sticky":false,"template":"","format":"standard","meta":{"footnotes":""},"categories":[5],"tags":[11,674,1011,27,14,12,28],"class_list":{"0":"post-324250","1":"post","2":"type-post","3":"status-publish","4":"format-standard","5":"has-post-thumbnail","7":"category-international","8":"tag-actualites","9":"tag-europe","10":"tag-fr","11":"tag-france","12":"tag-international","13":"tag-news","14":"tag-world"},"share_on_mastodon":{"url":"https:\/\/pubeurope.com\/@fr\/115042462210518304","error":""},"_links":{"self":[{"href":"https:\/\/www.europesays.com\/fr\/wp-json\/wp\/v2\/posts\/324250","targetHints":{"allow":["GET"]}}],"collection":[{"href":"https:\/\/www.europesays.com\/fr\/wp-json\/wp\/v2\/posts"}],"about":[{"href":"https:\/\/www.europesays.com\/fr\/wp-json\/wp\/v2\/types\/post"}],"author":[{"embeddable":true,"href":"https:\/\/www.europesays.com\/fr\/wp-json\/wp\/v2\/users\/2"}],"replies":[{"embeddable":true,"href":"https:\/\/www.europesays.com\/fr\/wp-json\/wp\/v2\/comments?post=324250"}],"version-history":[{"count":0,"href":"https:\/\/www.europesays.com\/fr\/wp-json\/wp\/v2\/posts\/324250\/revisions"}],"wp:featuredmedia":[{"embeddable":true,"href":"https:\/\/www.europesays.com\/fr\/wp-json\/wp\/v2\/media\/324251"}],"wp:attachment":[{"href":"https:\/\/www.europesays.com\/fr\/wp-json\/wp\/v2\/media?parent=324250"}],"wp:term":[{"taxonomy":"category","embeddable":true,"href":"https:\/\/www.europesays.com\/fr\/wp-json\/wp\/v2\/categories?post=324250"},{"taxonomy":"post_tag","embeddable":true,"href":"https:\/\/www.europesays.com\/fr\/wp-json\/wp\/v2\/tags?post=324250"}],"curies":[{"name":"wp","href":"https:\/\/api.w.org\/{rel}","templated":true}]}}