{"id":324265,"date":"2025-08-17T05:52:55","date_gmt":"2025-08-17T05:52:55","guid":{"rendered":"https:\/\/www.europesays.com\/fr\/324265\/"},"modified":"2025-08-17T05:52:55","modified_gmt":"2025-08-17T05:52:55","slug":"grenoble-foot-38-site-officiel-du-grenoble-foot-38-2","status":"publish","type":"post","link":"https:\/\/www.europesays.com\/fr\/324265\/","title":{"rendered":"Grenoble Foot 38 | Site Officiel du Grenoble Foot 38"},"content":{"rendered":"<p>\tGrenoble Foot 38 | Site Officiel du Grenoble Foot 38<\/p>\n<p>&#13;<br \/>\n&#13;<br \/>\n&#13;<br \/>\n&#13;<br \/>\n&#13;<br \/>\n&#13;<br \/>\n&#13;<br \/>\n&#13;<\/p>\n<p>&#13;<br \/>\n&#13;<\/p>\n<p>\t<a class=\"screen-reader-text skip-link\" href=\"#content\" title=\"Aller au contenu\">Aller au contenu<\/a>\t\t<\/p>\n<p>&#13;<br \/>\n\t\t&#13;<\/p>\n<p>&#13;<\/p>\n<p>&#13;<br \/>\n\t\t&#13;<br \/>\n\t\tNous utilisons des cookies pour vous garantir la meilleure exp\u00e9rience sur notre site web. Si vous continuez \u00e0 utiliser ce site, nous supposerons que vous en \u00eates satisfait.<a href=\"#\" id=\"cn-accept-cookie\" data-cookie-set=\"accept\" class=\"cn-set-cookie cn-button\" aria-label=\"Ok\" style=\"background-color: #014898\">Ok<\/a><a href=\"#\" id=\"cn-refuse-cookie\" data-cookie-set=\"refuse\" class=\"cn-set-cookie cn-button\" aria-label=\"Non\" style=\"background-color: #014898\">Non<\/a><a href=\"https:\/\/gf38.fr\/politique-de-confidentialite\/\" target=\"_blank\" id=\"cn-more-info\" class=\"cn-more-info cn-button\" aria-label=\"Politique de confidentialit\u00e9\" style=\"background-color: #014898\" rel=\"nofollow noopener\">Politique de confidentialit\u00e9<\/a><\/p>\n<p>\t\t&#13;<\/p>\n","protected":false},"excerpt":{"rendered":"Grenoble Foot 38 | Site Officiel du Grenoble Foot 38 &#13; &#13; &#13; &#13; &#13; &#13; &#13; &#13;&hellip;\n","protected":false},"author":2,"featured_media":82194,"comment_status":"","ping_status":"","sticky":false,"template":"","format":"standard","meta":{"footnotes":""},"categories":[9566],"tags":[1111,11,2430,1777,674,1011,27,2731,12,25],"class_list":{"0":"post-324265","1":"post","2":"type-post","3":"status-publish","4":"format-standard","5":"has-post-thumbnail","7":"category-grenoble","8":"tag-actu","9":"tag-actualites","10":"tag-auvergne-rhone-alpes","11":"tag-eu","12":"tag-europe","13":"tag-fr","14":"tag-france","15":"tag-grenoble","16":"tag-news","17":"tag-republique-francaise"},"share_on_mastodon":{"url":"https:\/\/pubeurope.com\/@fr\/115042556544250399","error":""},"_links":{"self":[{"href":"https:\/\/www.europesays.com\/fr\/wp-json\/wp\/v2\/posts\/324265","targetHints":{"allow":["GET"]}}],"collection":[{"href":"https:\/\/www.europesays.com\/fr\/wp-json\/wp\/v2\/posts"}],"about":[{"href":"https:\/\/www.europesays.com\/fr\/wp-json\/wp\/v2\/types\/post"}],"author":[{"embeddable":true,"href":"https:\/\/www.europesays.com\/fr\/wp-json\/wp\/v2\/users\/2"}],"replies":[{"embeddable":true,"href":"https:\/\/www.europesays.com\/fr\/wp-json\/wp\/v2\/comments?post=324265"}],"version-history":[{"count":0,"href":"https:\/\/www.europesays.com\/fr\/wp-json\/wp\/v2\/posts\/324265\/revisions"}],"wp:featuredmedia":[{"embeddable":true,"href":"https:\/\/www.europesays.com\/fr\/wp-json\/wp\/v2\/media\/82194"}],"wp:attachment":[{"href":"https:\/\/www.europesays.com\/fr\/wp-json\/wp\/v2\/media?parent=324265"}],"wp:term":[{"taxonomy":"category","embeddable":true,"href":"https:\/\/www.europesays.com\/fr\/wp-json\/wp\/v2\/categories?post=324265"},{"taxonomy":"post_tag","embeddable":true,"href":"https:\/\/www.europesays.com\/fr\/wp-json\/wp\/v2\/tags?post=324265"}],"curies":[{"name":"wp","href":"https:\/\/api.w.org\/{rel}","templated":true}]}}