{"id":324268,"date":"2025-08-17T05:54:26","date_gmt":"2025-08-17T05:54:26","guid":{"rendered":"https:\/\/www.europesays.com\/fr\/324268\/"},"modified":"2025-08-17T05:54:26","modified_gmt":"2025-08-17T05:54:26","slug":"un-jeune-homme-de-21-ans-larde-de-coups-de-couteau-en-pleine-rue","status":"publish","type":"post","link":"https:\/\/www.europesays.com\/fr\/324268\/","title":{"rendered":"un jeune homme de 21\u00a0ans lard\u00e9 de coups de couteau en pleine rue"},"content":{"rendered":"<p>Nouveau drame \u00e0 Rennes. T\u00f4t dans la matin\u00e9e, ce vendredi\u00a015\u00a0ao\u00fbt, un homme a \u00e9t\u00e9 retrouv\u00e9 \u00ab\u00a0inanim\u00e9 et ensanglant\u00e9\u00a0\u00bb en pleine rue dans la cit\u00e9 Maurepas, relatent\u00a0<a href=\"https:\/\/actu.fr\/bretagne\/rennes_35238\/tue-le-un-homme-de-21-ans-retrouve-mort-dans-le-quartier-maurepas-a-rennes_63042147.html\" target=\"_blank\" rel=\"nofollow noopener\">Actu.fr<\/a>\u00a0et\u00a0<a href=\"https:\/\/www.ouest-france.fr\/societe\/faits-divers\/meurtre-dun-homme-de-25-ans-a-rennes-oh-mon-dieu-mais-cest-quoi-tout-ce-sang-1fedded0-79af-11f0-a327-6ebe5461832d\" rel=\"nofollow noopener\" target=\"_blank\">Ouest-France<\/a>. Rapidement arriv\u00e9es\u00a0sur place apr\u00e8s avoir \u00e9t\u00e9 contact\u00e9es par les t\u00e9moins de la sc\u00e8ne, les forces de l\u2019ordre ont relev\u00e9 des \u00ab\u00a0plaies par arme blanche, notamment aux jambes et \u00e0 la poitrine\u00a0\u00bb, sur le corps de la victime.<\/p>\n<p>\u00ab\u00a0Les services de police avaient re\u00e7u un appel quelques instants avant leur intervention signalant\u00a0un homme poursuivi par une dizaine d\u2019autres personnes. Un voisin aurait entendu quelqu\u2019un crier \u00ab\u00a0tue-le, tue-le\u00a0\u00bb\u00a0\u00bb, d\u00e9veloppe le parquet aupr\u00e8s de nos confr\u00e8res. Malgr\u00e9 les secours d\u00e9p\u00each\u00e9s sur place, la victime n\u2019a finalement pas pu \u00eatre r\u00e9anim\u00e9e.<\/p>\n<p>    La suite apr\u00e8s cette publicit\u00e9<\/p>\n<p>Un r\u00e8glement de comptes\u00a0?<\/p>\n<p>L\u2019agression est survenue aux abords du centre commercial Gros-Ch\u00eane, connu pour abriter un point de vente de drogues. C\u2019est pourquoi la Division de la criminalit\u00e9 organis\u00e9e et sp\u00e9cialis\u00e9e (DCOS) de <a href=\"https:\/\/www.lejdd.fr\/Societe\/rennes-un-detenu-en-permission-surpris-en-plein-rodeo-urbain-a-moto-159912\" target=\"_blank\" rel=\"nofollow noopener\">Rennes<\/a>, en charge de l\u2019enqu\u00eate, \u00e9tudie la piste du r\u00e8glement de comptes.<\/p>\n<p>    La suite apr\u00e8s cette publicit\u00e9<\/p>\n<p>\u00ab\u00a0Les constatations sur la sc\u00e8ne de crime permettent de supposer que les faits sont en lien avec l\u2019activit\u00e9 d\u2019un point de revente de stup\u00e9fiants, proche du lieu de d\u00e9couverte du corps\u00a0\u00bb, indique le parquet. Une hypoth\u00e8se qui semble en tout cas coller au profil de la victime, r\u00e9sident de l\u2019agglom\u00e9ration rennaise, \u00ab\u00a0d\u00e9j\u00e0 mis en cause dans des affaires li\u00e9es \u00e0 des infractions sur les stup\u00e9fiants et condamn\u00e9 en 2022 \u00e0 une peine de 6 mois d\u2019emprisonnement, assorti d\u2019un sursis probatoire, pour des faits de d\u00e9tention, cession et usage de stup\u00e9fiants\u00a0\u00bb.<\/p>\n<p>Ce n\u2019est malheureusement pas la premi\u00e8re fois que le quartier de Maurepas est le th\u00e9\u00e2tre d\u2019un tel d\u00e9cha\u00eenement de violence. Depuis l\u2019\u00e9t\u00e9 2024, de multiples coups de feu retentissent dans la cit\u00e9 bretonne. Fin octobre, une fusillade entre deux bandes rivales avait d\u00e9j\u00e0 n\u00e9cessit\u00e9 une importante op\u00e9ration polici\u00e8re. Un v\u00e9hicule avait \u00e9t\u00e9 touch\u00e9 par des balles, \u00e0 Pac\u00e9, et un enfant de\u00a05\u00a0ans avait \u00e9t\u00e9 gri\u00e8vement bless\u00e9 \u00e0 la t\u00eate.<\/p>\n","protected":false},"excerpt":{"rendered":"Nouveau drame \u00e0 Rennes. T\u00f4t dans la matin\u00e9e, ce vendredi\u00a015\u00a0ao\u00fbt, un homme a \u00e9t\u00e9 retrouv\u00e9 \u00ab\u00a0inanim\u00e9 et ensanglant\u00e9\u00a0\u00bb&hellip;\n","protected":false},"author":2,"featured_media":324269,"comment_status":"","ping_status":"","sticky":false,"template":"","format":"standard","meta":{"footnotes":""},"categories":[2821],"tags":[1111,11,829,1777,674,1011,27,12,584,25],"class_list":{"0":"post-324268","1":"post","2":"type-post","3":"status-publish","4":"format-standard","5":"has-post-thumbnail","7":"category-rennes","8":"tag-actu","9":"tag-actualites","10":"tag-bretagne","11":"tag-eu","12":"tag-europe","13":"tag-fr","14":"tag-france","15":"tag-news","16":"tag-rennes","17":"tag-republique-francaise"},"share_on_mastodon":{"url":"https:\/\/pubeurope.com\/@fr\/115042560565314837","error":""},"_links":{"self":[{"href":"https:\/\/www.europesays.com\/fr\/wp-json\/wp\/v2\/posts\/324268","targetHints":{"allow":["GET"]}}],"collection":[{"href":"https:\/\/www.europesays.com\/fr\/wp-json\/wp\/v2\/posts"}],"about":[{"href":"https:\/\/www.europesays.com\/fr\/wp-json\/wp\/v2\/types\/post"}],"author":[{"embeddable":true,"href":"https:\/\/www.europesays.com\/fr\/wp-json\/wp\/v2\/users\/2"}],"replies":[{"embeddable":true,"href":"https:\/\/www.europesays.com\/fr\/wp-json\/wp\/v2\/comments?post=324268"}],"version-history":[{"count":0,"href":"https:\/\/www.europesays.com\/fr\/wp-json\/wp\/v2\/posts\/324268\/revisions"}],"wp:featuredmedia":[{"embeddable":true,"href":"https:\/\/www.europesays.com\/fr\/wp-json\/wp\/v2\/media\/324269"}],"wp:attachment":[{"href":"https:\/\/www.europesays.com\/fr\/wp-json\/wp\/v2\/media?parent=324268"}],"wp:term":[{"taxonomy":"category","embeddable":true,"href":"https:\/\/www.europesays.com\/fr\/wp-json\/wp\/v2\/categories?post=324268"},{"taxonomy":"post_tag","embeddable":true,"href":"https:\/\/www.europesays.com\/fr\/wp-json\/wp\/v2\/tags?post=324268"}],"curies":[{"name":"wp","href":"https:\/\/api.w.org\/{rel}","templated":true}]}}