{"id":324270,"date":"2025-08-17T05:55:10","date_gmt":"2025-08-17T05:55:10","guid":{"rendered":"https:\/\/www.europesays.com\/fr\/324270\/"},"modified":"2025-08-17T05:55:10","modified_gmt":"2025-08-17T05:55:10","slug":"comment-preserver-lhabitat-de-koenigshoffen-face-au-betonnage","status":"publish","type":"post","link":"https:\/\/www.europesays.com\/fr\/324270\/","title":{"rendered":"comment pr\u00e9server l\u2019habitat de Koenigshoffen face au b\u00e9tonnage"},"content":{"rendered":"<p>De son pass\u00e9 de faubourg, Koenigshoffen a conserv\u00e9 de nombreuses b\u00e2tisses anciennes, notamment le long de la route des Romains, son axe structurant, dont certaines remontent \u00e0 la fin du XIX e si\u00e8cle. Au 86, route des Romains, une petite r\u00e9sidence ros\u00e2tre des ann\u00e9es 1930 au cr\u00e9pi l\u00e9zard\u00e9 ne tape pas dans l\u2019\u0153il. Son large porche s\u2019inscrit toutefois dans l\u2019architecture caract\u00e9ristique du quartier. Depuis le mois de mars, cette r\u00e9sidence vieillissante est <a href=\"https:\/\/www.dna.fr\/economie\/2025\/07\/18\/trop-de-chantiers-a-koenigshoffen-les-routes-et-les-riverains-saturent\" target=\"_blank\" rel=\"noopener\">en travaux<\/a> \u00a0dans le cadre de l\u2019OPAH RU lanc\u00e9e en 2023. Un sigle barbare pour d\u00e9signer l\u2019\u00ab\u00a0 <a href=\"https:\/\/www.strasbourg.eu\/documents\/976405\/420019909\/Convention-OPAH-RU-Koenigshoffen.pdf\/a35c1ed0-9a5d-32fb-fc05-ae3ff99a2d6f?t=1679479242043\" target=\"_blank\" rel=\"noopener\">Op\u00e9ration programm\u00e9e d\u2019am\u00e9lioration de l\u2019habitat de renouvellement urbain<\/a> \u00a0\u00bb en cours depuis 2023 \u00e0 Koenigshoffen, principalement dans le secteur de la route des Romains. <\/p>\n<p>Baptis\u00e9e pour le grand public \u00ab\u00a0 <a href=\"https:\/\/www.dna.fr\/environnement\/2023\/02\/25\/un-nouveau-dispositif-pour-renover-les-logements\" target=\"_blank\" rel=\"noopener\">Habiter Koenigshoffen<\/a> \u00a0\u00bb, cette op\u00e9ration est port\u00e9e par une convention entre l\u2019\u00c9tat (via l\u2019Anah), l\u2019Eurom\u00e9tropole et ses&#8230;<\/p>\n","protected":false},"excerpt":{"rendered":"De son pass\u00e9 de faubourg, Koenigshoffen a conserv\u00e9 de nombreuses b\u00e2tisses anciennes, notamment le long de la route&hellip;\n","protected":false},"author":2,"featured_media":324271,"comment_status":"","ping_status":"","sticky":false,"template":"","format":"standard","meta":{"footnotes":""},"categories":[2820],"tags":[1111,11,4749,33,2880,1777,674,107,1011,27,775,3035,3539,12,316,25,640,2879],"class_list":{"0":"post-324270","1":"post","2":"type-post","3":"status-publish","4":"format-standard","5":"has-post-thumbnail","7":"category-strasbourg","8":"tag-actu","9":"tag-actualites","10":"tag-btp-et-chantiers","11":"tag-economie","12":"tag-edition-strasbourg","13":"tag-eu","14":"tag-europe","15":"tag-fil-info","16":"tag-fr","17":"tag-france","18":"tag-grand-est","19":"tag-la-matinale-strasbourg","20":"tag-les-ecologistes","21":"tag-news","22":"tag-politique","23":"tag-republique-francaise","24":"tag-strasbourg","25":"tag-strasbourg-ville"},"share_on_mastodon":{"url":"https:\/\/pubeurope.com\/@fr\/115042564565340153","error":""},"_links":{"self":[{"href":"https:\/\/www.europesays.com\/fr\/wp-json\/wp\/v2\/posts\/324270","targetHints":{"allow":["GET"]}}],"collection":[{"href":"https:\/\/www.europesays.com\/fr\/wp-json\/wp\/v2\/posts"}],"about":[{"href":"https:\/\/www.europesays.com\/fr\/wp-json\/wp\/v2\/types\/post"}],"author":[{"embeddable":true,"href":"https:\/\/www.europesays.com\/fr\/wp-json\/wp\/v2\/users\/2"}],"replies":[{"embeddable":true,"href":"https:\/\/www.europesays.com\/fr\/wp-json\/wp\/v2\/comments?post=324270"}],"version-history":[{"count":0,"href":"https:\/\/www.europesays.com\/fr\/wp-json\/wp\/v2\/posts\/324270\/revisions"}],"wp:featuredmedia":[{"embeddable":true,"href":"https:\/\/www.europesays.com\/fr\/wp-json\/wp\/v2\/media\/324271"}],"wp:attachment":[{"href":"https:\/\/www.europesays.com\/fr\/wp-json\/wp\/v2\/media?parent=324270"}],"wp:term":[{"taxonomy":"category","embeddable":true,"href":"https:\/\/www.europesays.com\/fr\/wp-json\/wp\/v2\/categories?post=324270"},{"taxonomy":"post_tag","embeddable":true,"href":"https:\/\/www.europesays.com\/fr\/wp-json\/wp\/v2\/tags?post=324270"}],"curies":[{"name":"wp","href":"https:\/\/api.w.org\/{rel}","templated":true}]}}