{"id":324272,"date":"2025-08-17T05:56:33","date_gmt":"2025-08-17T05:56:33","guid":{"rendered":"https:\/\/www.europesays.com\/fr\/324272\/"},"modified":"2025-08-17T05:56:33","modified_gmt":"2025-08-17T05:56:33","slug":"strasbourg-plus-de-50-spectacles-engages-au-farse-du-28-au-31-aout","status":"publish","type":"post","link":"https:\/\/www.europesays.com\/fr\/324272\/","title":{"rendered":"Strasbourg. Plus de 50 spectacles engag\u00e9s au FARSe du 28 au 31 ao\u00fbt"},"content":{"rendered":"<p class=\"wp-block-post-excerpt__excerpt\">Le Festival des arts de la rue de Strasbourg (FARSe) c\u00e9l\u00e8bre ses dix ans du jeudi 28 au dimanche 31 ao\u00fbt \u00e0 Strasbourg avec une \u00e9dition festive et engag\u00e9e. Spectacles de rue, cirque, danse et th\u00e9\u00e2tre investissent l\u2019espace public pour quatre jours de f\u00eate. <\/p>\n<p class=\"font-sans\">\n\t\t\tCet article est en acc\u00e8s libre. Pour soutenir Rue89 Strasbourg,<br \/>\n\t\t\t<a class=\"underline\" href=\"https:\/\/www.rue89strasbourg.com\/abonnement\" target=\"_blank\" rel=\"noopener\">abonnez-vous<\/a>.\n\t\t<\/p>\n<p>Camille Curnier<\/p>\n<p>Publi\u00e9 le 17 ao\u00fbt 2025\u00a0\u00a0\u00b7\u00a0\u00a0<\/p>\n<p>Imprim\u00e9 le 17 ao\u00fbt 2025 \u00e0 07h04\u00a0\u00a0\u00b7\u00a0\u00a0<\/p>\n<p>\t\t\t\t\t4\u00a0minutes\n<\/p>\n<p class=\"has-drop-cap\">Le FARSe, festival des arts de la rue financ\u00e9 par la Ville de Strasbourg, est programm\u00e9 du jeudi 28 au dimanche 31 ao\u00fbt. Repouss\u00e9 de quelques jours par rapport aux ann\u00e9es pr\u00e9c\u00e9dentes, le festival c\u00e9l\u00e9brera en 2025 ses dix ans d\u2019existence.<\/p>\n<p>\u00ab\u00a0Cet esprit de festivit\u00e9, c\u2019est aussi l\u2019envie de faire revivre la joie de se rassembler, autour de spectacles dans l\u2019espace public strasbourgeois\u00a0\u00bb, r\u00e9sume Axel Goepfer, directeur artistique de l\u2019\u00e9v\u00e9nement. Cirque, th\u00e9\u00e2tre, danse, acrobaties\u2026 Plus de 50 repr\u00e9sentations sont pr\u00e9vues sur quatre jours, port\u00e9es par une vingtaine de compagnies r\u00e9gionales et nationales.<\/p>\n<p><a href=\"https:\/\/www.rue89strasbourg.com\/abonnement\/paiement?sub=3&amp;discount=ete2025\" target=\"_blank\" rel=\"noopener\"><img loading=\"lazy\" decoding=\"async\" width=\"970\" height=\"250\" src=\"https:\/\/www.europesays.com\/fr\/wp-content\/uploads\/2025\/07\/bannie\u0300re-site-desktop-anime\u0301e.gif\" alt=\"\" class=\"wp-image-350811\" style=\"width:792px;height:auto\"\/><\/a><\/p>\n<p><a href=\"https:\/\/www.rue89strasbourg.com\/abonnement\/paiement?sub=3&amp;discount=ete2025\" target=\"_blank\" rel=\"noopener\"><img loading=\"lazy\" decoding=\"async\" width=\"300\" height=\"300\" src=\"https:\/\/www.europesays.com\/fr\/wp-content\/uploads\/2025\/07\/bannie\u0300re-pub-mobile-anime\u0301e.gif\" alt=\"\" class=\"wp-image-350815\"\/><\/a><\/p>\n<p>Le village du FARSe fait peau neuve<\/p>\n<p>Le village du FARSe sera install\u00e9 dans la cour de la Manufacture des tabacs pendant toute la dur\u00e9e du festival comme en 2024. Anim\u00e9 par l\u2019<a href=\"https:\/\/www.rue89strasbourg.com\/tag\/pelpass\" target=\"_blank\" rel=\"noopener\">association Pelpass<\/a>, des DJ sets et des jeux prolongeront l\u2019esprit festif, chaque jour, de midi \u00e0 minuit. <\/p>\n<p>Un espace d\u2019exposition invitera \u00e0 revivre une d\u00e9cennie de souvenirs. Trois photographes fid\u00e8les du FARSe ont s\u00e9lectionn\u00e9 leurs plus beaux clich\u00e9s pour retracer l\u2019histoire et l\u2019\u00e9volution de ce rendez-vous de l\u2019\u00e9t\u00e9 strasbourgeois. <\/p>\n<p>Autre nouveaut\u00e9, des rencontres publiques seront organis\u00e9es, dont deux au sein m\u00eame du village. \u00ab\u00a0On voulait aller plus loin et cr\u00e9er un \u00e9change entre le public et les artistes. Ces rencontres permettront de questionner ce qu\u2019on voit, mais aussi d\u2019entendre les artistes raconter comment le spectacle est n\u00e9\u00a0\u00bb, indique Axel Goepfer.<\/p>\n<p>Pour se rep\u00e9rer dans la foisonnante programmation, les organisateurs ont imagin\u00e9 des parcours \u00ab\u00a0clefs en main\u00a0\u00bb. Des itin\u00e9raires adapt\u00e9s aux publics \u00ab\u00a0festif\u00a0\u00bb et \u00ab\u00a0familial\u00a0\u00bb visent \u00e0 limiter les d\u00e9placements tout en permettant de d\u00e9couvrir un maximum de spectacles.<\/p>\n<p><img loading=\"lazy\" decoding=\"async\" width=\"792\" height=\"740\" src=\"https:\/\/www.europesays.com\/fr\/wp-content\/uploads\/2025\/08\/capture-decran-2025-08-05-160555-792x740.jpg\" alt=\"\" class=\"wp-image-354708\"  \/><\/p>\n<p>\t\tLe retour des coups de c\u0153ur<\/p>\n<p>Pour ouvrir cette \u00e9dition anniversaire, le FARSe remet \u00e0 l\u2019affiche Sodade cr\u00e9\u00e9 par la compagnie Minuit, coup de c\u0153ur de 2017. Ce spectacle qui m\u00eale funambulisme et musique interpr\u00e9t\u00e9e, a \u00e9t\u00e9 s\u00e9lectionn\u00e9 par un comit\u00e9 proche de l\u2019\u00e9v\u00e9nement. \u00ab\u00a0Ce qui avait marqu\u00e9, c\u2019\u00e9tait l\u2019\u00e9motion collective, le fait de vivre une \u0153uvre tous ensemble, dans une foule\u00a0\u00bb, souligne Axel Goepfer, directeur artistique. Sodade sera pr\u00e9sent\u00e9 jeudi 28 ao\u00fbt \u00e0 21h, puis \u00e0 nouveau le vendredi 29 au m\u00eame horaire, place Grimmeissen \u00e0 la Petite France.<\/p>\n<\/p>\n<p>Bande annonce de Sodade, du cirque Rouages.<\/p>\n<p>Une \u00ab\u00a0d\u00e9ambulation festive\u00a0\u00bb doit marquer le lancement du FARSe jeudi soir, juste avant la premi\u00e8re repr\u00e9sentation. La fanfare Hurluberlus, port\u00e9e par la <a href=\"https:\/\/www.lachosepublique.com\/\" target=\"_blank\" rel=\"noopener\">compagnie La Chose Publique<\/a>, emm\u00e8nera le public depuis le centre-ville jusqu\u2019au lieu du spectacle.<\/p>\n<p>Autre moment fort du week-end : la grande soir\u00e9e anniversaire, samedi 30 ao\u00fbt, sur la place Kl\u00e9ber. La compagnie <a href=\"https:\/\/cie-gratteciel.com\/\" target=\"_blank\" rel=\"noopener\">Gratte-Ciel,<\/a> d\u00e9j\u00e0 marquante en 2022 avec Place des Anges, revient avec une nouvelle cr\u00e9ation a\u00e9rienne en grand format. Le spectacle sera suivi d\u2019un concert du groupe LGMX, qui se d\u00e9finit comme un \u00ab\u00a0brass band \u00e9lectro-pop\u00a0\u00bb.<\/p>\n<p>La rue devient f\u00e9ministe<\/p>\n<p>Le FARSe donne aussi de la voix aux artistes engag\u00e9s, et notamment \u00e0 celles et ceux qui interrogent la place des femmes dans nos soci\u00e9t\u00e9s. La compagnie <a href=\"https:\/\/muertococo.jimdofree.com\/\" target=\"_blank\" rel=\"noopener\">D\u00e9tachement international Muerto Coco<\/a> pr\u00e9sentera Pour en finir avec l\u2019origine du monde, un spectacle autour de la parentalit\u00e9. Un moment \u00e0 d\u00e9couvrir les vendredi 29 et samedi 30 ao\u00fbt \u00e0 17h, \u00e0 l\u2019espace vert du Cardo durant lequel les autrices Rapha\u00eblle Bouvier et Charlotte Perrin de Boussac y rassemblent des t\u00e9moignages de femmes et d\u2019hommes pour questionner le choix, ou non, d\u2019avoir des enfants.<\/p>\n<p>\u00ab\u00a0L\u2019espace public est un lieu d\u2019origine, accessible et populaire. C\u2019est l\u00e0 qu\u2019on se rassemble pour faire entendre une parole. C\u2019est important que le festival y propose des spectacles engag\u00e9s, c\u2019est une des forces des arts de la rue depuis toujours\u00a0\u00bb, explique Axel Goepfel<\/p>\n<\/p>\n<p>Bande annonce de Pour en finir avec l\u2019origine du monde.<\/p>\n<p>Parmi les propositions les plus engag\u00e9es de cette \u00e9dition, la <a href=\"https:\/\/www.compagnienotreinsouciance.fr\/\" target=\"_blank\" rel=\"noopener\">compagnie Notre Insouciance<\/a> arrive avec Jouir, un spectacle qui met en lumi\u00e8re un sujet encore trop souvent pass\u00e9 sous silence : le plaisir f\u00e9minin. Entre stand-up et cabaret musical, la mise en sc\u00e8ne m\u00eale humour, po\u00e9sie et d\u00e9licatesse de ton pour cr\u00e9er un espace de parole sans tabou autour de la sexualit\u00e9. <\/p>\n<p>\u00ab\u00a0C\u2019est un sujet peu trait\u00e9 dans les spectacles que j\u2019ai pu voir, dans mon exp\u00e9rience de femme. La jouissance c\u2019est souvent abord\u00e9 de mani\u00e8re pr\u00e9cieuse et sensible, on ne n\u2019y reconnait pas toujours\u00a0\u00bb, explique Juliette Hecquet, metteuse en sc\u00e8ne de la pi\u00e8ce. Un spectacle n\u00e9 d\u2019un manque mais \u00e9galement possible gr\u00e2ce au fait que la rue soit un espace ouvert au public selon elle :<\/p>\n<blockquote class=\"wp-block-quote is-layout-flow wp-block-quote-is-layout-flow\">\n<p>\u00ab\u00a0Dans la foule, il y a cet aspect de non pudeur, et on veut aussi jouer dessus en incluant le public. L\u2019art de rue est forc\u00e9ment engag\u00e9. Quand on parle de jouissance, il y a des femmes et des hommes en plateau. L\u2019id\u00e9e est de pouvoir se reconna\u00eetre dans les parcours et de se dire qu\u2019il y a plein de mani\u00e8re d\u2019\u00eatre la norme en sexualit\u00e9.\u00a0\u00bb<\/p>\n<\/blockquote>\n<p>Le spectacle sera pr\u00e9sent\u00e9 samedi 30 ao\u00fbt \u00e0 18h30 et dimanche 31 ao\u00fbt \u00e0 16h, place Saint-Pierre-le-Jeune.<\/p>\n<p>Plus d\u2019<strong>infos<\/strong><\/p>\n","protected":false},"excerpt":{"rendered":"Le Festival des arts de la rue de Strasbourg (FARSe) c\u00e9l\u00e8bre ses dix ans du jeudi 28 au&hellip;\n","protected":false},"author":2,"featured_media":324273,"comment_status":"","ping_status":"","sticky":false,"template":"","format":"standard","meta":{"footnotes":""},"categories":[2820],"tags":[1111,11,251,1777,674,1011,27,775,12,25,853,640],"class_list":{"0":"post-324272","1":"post","2":"type-post","3":"status-publish","4":"format-standard","5":"has-post-thumbnail","7":"category-strasbourg","8":"tag-actu","9":"tag-actualites","10":"tag-culture","11":"tag-eu","12":"tag-europe","13":"tag-fr","14":"tag-france","15":"tag-grand-est","16":"tag-news","17":"tag-republique-francaise","18":"tag-spectacles","19":"tag-strasbourg"},"share_on_mastodon":{"url":"https:\/\/pubeurope.com\/@fr\/115042568453498759","error":""},"_links":{"self":[{"href":"https:\/\/www.europesays.com\/fr\/wp-json\/wp\/v2\/posts\/324272","targetHints":{"allow":["GET"]}}],"collection":[{"href":"https:\/\/www.europesays.com\/fr\/wp-json\/wp\/v2\/posts"}],"about":[{"href":"https:\/\/www.europesays.com\/fr\/wp-json\/wp\/v2\/types\/post"}],"author":[{"embeddable":true,"href":"https:\/\/www.europesays.com\/fr\/wp-json\/wp\/v2\/users\/2"}],"replies":[{"embeddable":true,"href":"https:\/\/www.europesays.com\/fr\/wp-json\/wp\/v2\/comments?post=324272"}],"version-history":[{"count":0,"href":"https:\/\/www.europesays.com\/fr\/wp-json\/wp\/v2\/posts\/324272\/revisions"}],"wp:featuredmedia":[{"embeddable":true,"href":"https:\/\/www.europesays.com\/fr\/wp-json\/wp\/v2\/media\/324273"}],"wp:attachment":[{"href":"https:\/\/www.europesays.com\/fr\/wp-json\/wp\/v2\/media?parent=324272"}],"wp:term":[{"taxonomy":"category","embeddable":true,"href":"https:\/\/www.europesays.com\/fr\/wp-json\/wp\/v2\/categories?post=324272"},{"taxonomy":"post_tag","embeddable":true,"href":"https:\/\/www.europesays.com\/fr\/wp-json\/wp\/v2\/tags?post=324272"}],"curies":[{"name":"wp","href":"https:\/\/api.w.org\/{rel}","templated":true}]}}