{"id":324276,"date":"2025-08-17T05:58:09","date_gmt":"2025-08-17T05:58:09","guid":{"rendered":"https:\/\/www.europesays.com\/fr\/324276\/"},"modified":"2025-08-17T05:58:09","modified_gmt":"2025-08-17T05:58:09","slug":"a-moins-d1h30-de-nice-ces-cinq-randonnees-accessibles-a-tous-sont-parfaites-en-ete","status":"publish","type":"post","link":"https:\/\/www.europesays.com\/fr\/324276\/","title":{"rendered":"\u00c0 moins d\u20191h30 de Nice, ces cinq randonn\u00e9es accessibles \u00e0 tous sont parfaites en \u00e9t\u00e9"},"content":{"rendered":"<p>            Par<br \/>\n        <strong><br \/>\n            <a href=\"https:\/\/actu.fr\/auteur\/famenta-news\" title=\"Consulter tous les articles de Florine Amenta\" target=\"_blank\" rel=\"noopener\">Florine Amenta<\/a><br \/>\n        <\/strong><\/p>\n<p>        Publi\u00e9 le<\/p>\n<p>            17 ao\u00fbt 2025 \u00e0 7h22        <\/p>\n<p>Il n\u2019y a pas que la mer pour se ressourcer\u2009! L\u2019\u00e9t\u00e9 est aussi l\u2019occasion de profiter des beaux jours pour se balader dans le d\u00e9partement. Hors de question, pour autant, de fondre au soleil et de risquer une insolation. Exit le littoral, nous vous proposons de prendre un peu de hauteur. Voici notre<strong> s\u00e9lection de<\/strong> <strong>randonn\u00e9es<\/strong> dans les <a href=\"https:\/\/actu.fr\/provence-alpes-cote-d-azur\/alpes-maritimes_06\" target=\"_blank\" rel=\"noopener\">Alpes-Maritimes<\/a>, \u00e0 <strong>moins de deux heures<\/strong> de <a href=\"https:\/\/actu.fr\/nice\/\" target=\"_blank\" rel=\"noopener\">Nice<\/a>.<\/p>\n<p>Lacs des Millefonts \u00e0 Valdeblore<\/p>\n<p class=\" wall-content\">Sur le col du Barn, aux alentours de Valdeblore, <strong>la randonn\u00e9e des 5 lacs<\/strong> est id\u00e9ale pour profiter de la fra\u00eecheur des montagnes et de la beaut\u00e9 des lacs d\u2019altitude. Le d\u00e9part s\u2019effectue au bout de la route des Millefonts, o\u00f9 se trouvent un parking et une buvette.<\/p>\n<p class=\" wall-content\"><a href=\"https:\/\/www.instagram.com\/p\/Ck8If7Xjo7L\/embed\" title=\"Ouvrir le lien sur Instagram\" target=\"_blank\" rel=\"noopener\">Visualiser le contenu sur Instagram<\/a><\/p>\n<p class=\" wall-content\">Cette randonn\u00e9e <strong>d\u2019environ quatre heures<\/strong> est plut\u00f4t simple. Pour d\u00e9marrer la balade, une mont\u00e9e pentue vous attend jusqu\u2019au sommet du col de Veillos. Direction ensuite le premier lac. Puis tous s\u2019encha\u00eenent\u2009: lac Petit, lac des Millefonts, lac Rond, lac Long et lac Gros. Pour le retour, il est possible de faire une boucle en rejoignant le col de Veillos.<\/p>\n<p>    <a href=\"https:\/\/www.google.com\/maps\/embed?pb=!1m18!1m12!1m3!1d2865.262890945007!2d7.18665200129437!3d44.09856722242541!2m3!1f0!2f0!3f0!3m2!1i1024!2i768!4f13.1!3m3!1m2!1s0x12cda952b44bcb33%3A0xa29b22368e56e1aa!2sParking%20Millefonts!5e0!3m2!1sfr!2sfr!4v1755090782270!5m2!1sfr!2sfr\" title=\"Ouvrie le lien\" target=\"_blank\" rel=\"noopener\">Cliquez ici pour visualiser le contenu<\/a><\/p>\n<p>Cascade du Bruguet et vallons de la Brague \u00e0 Valbonne<\/p>\n<p class=\" wall-content\">\u00c0 Valbonne, cette randonn\u00e9e ombrag\u00e9e est id\u00e9ale en plein \u00e9t\u00e9\u2009: <strong>elle longe la rivi\u00e8re de La Brague<\/strong> avec possibilit\u00e9 de se baigner dans de petits recoins discrets.<\/p>\n<p class=\" wall-content\"><a href=\"https:\/\/www.instagram.com\/reel\/C86W9D5Ihhs\/embed\" title=\"Ouvrir le lien sur Instagram\" target=\"_blank\" rel=\"noopener\">Visualiser le contenu sur Instagram<\/a><\/p>\n<p class=\" wall-content\">Sans grande difficult\u00e9 hormis un passage escarp\u00e9 et un peu de d\u00e9nivel\u00e9, cette balade s\u2019effectue en <strong>environ 2\u2009h\u200930<\/strong>. Pour se garer, rendez-vous sur le parking Tamarin-La Brague, sur la route des Macarons.<\/p>\n<p>    <a href=\"https:\/\/www.google.com\/maps\/embed?pb=!1m14!1m8!1m3!1d2887.653874620233!2d7.0502462!3d43.6345625!3m2!1i1024!2i768!4f13.1!3m3!1m2!1s0x12cc2b292cd0351f%3A0x71ce0b832a90512c!2sP%20Brague!5e0!3m2!1sfr!2sfr!4v1755088958982!5m2!1sfr!2sfr\" title=\"Ouvrie le lien\" target=\"_blank\" rel=\"noopener\">Cliquez ici pour visualiser le contenu<\/a><\/p>\n<p>Circuit du Grand Duc \u00e0 Mandelieu-la-Napoule<\/p>\n<p class=\" wall-content\">Tr\u00e8s pris\u00e9e en f\u00e9vrier, <strong>\u00e0 la saison des mimosas<\/strong>, cette randonn\u00e9e \u00e0 Mandelieu-la-Napoule est accessible aux familles. D\u2019une longueur de six kilom\u00e8tres, elle s\u2019effectue en <strong>deux heures environ<\/strong>, en suivant la boucle.<\/p>\n<p>    <a href=\"https:\/\/www.google.com\/maps\/embed?pb=!1m14!1m8!1m3!1d1445.6654651402196!2d6.9149972!3d43.557987!3m2!1i1024!2i768!4f13.1!3m3!1m2!1s0x12ce9d3475b01015%3A0x9d5b46470c68f742!2sGrand%20Duc%20-%20Panorama%20des%20mimosas!5e0!3m2!1sfr!2sfr!4v1755088986828!5m2!1sfr!2sfr\" title=\"Ouvrie le lien\" target=\"_blank\" rel=\"noopener\">Cliquez ici pour visualiser le contenu<\/a><\/p>\n<p class=\" wall-content\">Une partie de la piste se trouve en for\u00eat, avec quelques points de vue sur la c\u00f4te. Le d\u00e9part a lieu au parking du Grand Duc, au niveau de la balise 470 sur la D92.<\/p>\n<p>Les rives du Loup \u00e0 Villeneuve-Loubet<\/p>\n<p class=\" wall-content\">De la mer jusqu\u2019au village de Villeneuve-Loubet, ou jusqu\u2019\u00e0 La Colle-sur-Loup, il est possible de se balader en<strong> longeant le fleuve du Loup<\/strong>. Majoritairement \u00e0 l\u2019ombre, ce parcours plat est accessible \u00e0 tous, \u00e0 pied, \u00e0 v\u00e9lo ou avec une poussette.<\/p>\n<p class=\" wall-content\"><a href=\"https:\/\/www.instagram.com\/p\/DNIAit2sHSe\/embed\" title=\"Ouvrir le lien sur Instagram\" target=\"_blank\" rel=\"noopener\">Visualiser le contenu sur Instagram<\/a><\/p>\n<p class=\" wall-content\">Il est possible de rejoindre le trac\u00e9 depuis diff\u00e9rents points, notamment en bord de mer \u00e0 c\u00f4t\u00e9 de l\u2019hippodrome, \u00e0 Villeneuve-Loubet en traversant la passerelle derri\u00e8re les terrains de p\u00e9tanque ou au niveau du centre \u00e9questre de la Cavalerie des enfants.<\/p>\n<p>    <a href=\"https:\/\/www.google.com\/maps\/embed?pb=!1m14!1m8!1m3!1d5773.107671161934!2d7.1206587!3d43.6574502!3m2!1i1024!2i768!4f13.1!3m3!1m2!1s0x12cdd3da22a00327%3A0x5ee03aec7cf3bed6!2sRives%20du%20loup!5e0!3m2!1sfr!2sfr!4v1755089023875!5m2!1sfr!2sfr\" title=\"Ouvrie le lien\" target=\"_blank\" rel=\"noopener\">Cliquez ici pour visualiser le contenu<\/a><\/p>\n<p>Pic Charvet \u00e0 Tournefort<\/p>\n<p class=\" wall-content\">Avec une vue imprenable sur <strong>la vall\u00e9e de la Tin\u00e9e<\/strong> et le Var, la randonn\u00e9e du fort du Pic Charvet d\u00e9bute \u00e0 Tournefort, avec la possibilit\u00e9 de se garer sur le parking \u00e0 gauche, apr\u00e8s l\u2019entr\u00e9e du village, en direction du monument aux morts.<\/p>\n<p>    <a href=\"https:\/\/www.google.com\/maps\/embed?pb=!1m14!1m8!1m3!1d91999.57854727065!2d7.1338182!3d43.8975395!3m2!1i1024!2i768!4f13.1!3m3!1m2!1s0x12cdb418720b0a7d%3A0x2e8d1862c28143c!2sPic%20Charvet!5e0!3m2!1sfr!2sfr!4v1755089048208!5m2!1sfr!2sfr\" title=\"Ouvrie le lien\" target=\"_blank\" rel=\"noopener\">Cliquez ici pour visualiser le contenu<\/a><\/p>\n<p class=\" wall-content\">La randonn\u00e9e offre un <strong>panorama sur les villages<\/strong> autour et un d\u00e9tour est possible pour d\u00e9couvrir le fort ainsi que les ruines de l\u2019ancien village.<\/p>\n<p class=\" wall-content\">Suivez toute l\u2019actualit\u00e9 de vos villes et m\u00e9dias favoris en vous inscrivant \u00e0 <a href=\"https:\/\/moncompte.actu.fr\" title=\"D\u00e9couvez Mon Actu\" rel=\"nofollow noopener\" data-trk=\"{&quot;cta&quot;:{&quot;action&quot;:&quot;https:\\\/\\\/moncompte.actu.fr&quot;,&quot;category&quot;:&quot;mon compte&quot;,&quot;from&quot;:&quot;article footer&quot;,&quot;name&quot;:&quot;Mon actu&quot;,&quot;type&quot;:&quot;cta&quot;}}\" target=\"_blank\">Mon Actu<\/a>.<\/p>\n<p>                    <script async src=\"\/\/www.instagram.com\/embed.js\"><\/script><\/p>\n","protected":false},"excerpt":{"rendered":"Par Florine Amenta Publi\u00e9 le 17 ao\u00fbt 2025 \u00e0 7h22 Il n\u2019y a pas que la mer pour&hellip;\n","protected":false},"author":2,"featured_media":324277,"comment_status":"","ping_status":"","sticky":false,"template":"","format":"standard","meta":{"footnotes":""},"categories":[2819],"tags":[1111,11,7552,1777,674,1011,27,1305,12,2401,882,7553,25],"class_list":{"0":"post-324276","1":"post","2":"type-post","3":"status-publish","4":"format-standard","5":"has-post-thumbnail","7":"category-nice","8":"tag-actu","9":"tag-actualites","10":"tag-balade","11":"tag-eu","12":"tag-europe","13":"tag-fr","14":"tag-france","15":"tag-lifestyle","16":"tag-news","17":"tag-nice","18":"tag-provence-alpes-cote-dazur","19":"tag-randonnee","20":"tag-republique-francaise"},"share_on_mastodon":{"url":"https:\/\/pubeurope.com\/@fr\/115042576219982479","error":""},"_links":{"self":[{"href":"https:\/\/www.europesays.com\/fr\/wp-json\/wp\/v2\/posts\/324276","targetHints":{"allow":["GET"]}}],"collection":[{"href":"https:\/\/www.europesays.com\/fr\/wp-json\/wp\/v2\/posts"}],"about":[{"href":"https:\/\/www.europesays.com\/fr\/wp-json\/wp\/v2\/types\/post"}],"author":[{"embeddable":true,"href":"https:\/\/www.europesays.com\/fr\/wp-json\/wp\/v2\/users\/2"}],"replies":[{"embeddable":true,"href":"https:\/\/www.europesays.com\/fr\/wp-json\/wp\/v2\/comments?post=324276"}],"version-history":[{"count":0,"href":"https:\/\/www.europesays.com\/fr\/wp-json\/wp\/v2\/posts\/324276\/revisions"}],"wp:featuredmedia":[{"embeddable":true,"href":"https:\/\/www.europesays.com\/fr\/wp-json\/wp\/v2\/media\/324277"}],"wp:attachment":[{"href":"https:\/\/www.europesays.com\/fr\/wp-json\/wp\/v2\/media?parent=324276"}],"wp:term":[{"taxonomy":"category","embeddable":true,"href":"https:\/\/www.europesays.com\/fr\/wp-json\/wp\/v2\/categories?post=324276"},{"taxonomy":"post_tag","embeddable":true,"href":"https:\/\/www.europesays.com\/fr\/wp-json\/wp\/v2\/tags?post=324276"}],"curies":[{"name":"wp","href":"https:\/\/api.w.org\/{rel}","templated":true}]}}