{"id":324280,"date":"2025-08-17T06:02:17","date_gmt":"2025-08-17T06:02:17","guid":{"rendered":"https:\/\/www.europesays.com\/fr\/324280\/"},"modified":"2025-08-17T06:02:17","modified_gmt":"2025-08-17T06:02:17","slug":"les-previsions-meteo-du-dimanche-17-aout-a-bordeaux","status":"publish","type":"post","link":"https:\/\/www.europesays.com\/fr\/324280\/","title":{"rendered":"Les pr\u00e9visions m\u00e9t\u00e9o du dimanche 17 ao\u00fbt \u00e0 Bordeaux"},"content":{"rendered":"<p>Aujourd\u2019hui, dimanche, <a href=\"http:\/\/bordeaux.fr\" target=\"_blank\" rel=\"noreferrer noopener nofollow\">Bordeaux<\/a> se r\u00e9veille sous un ciel enti\u00e8rement d\u00e9gag\u00e9. <\/p>\n<p style=\"font-size:16px\">D\u00e8s le <strong>matin<\/strong>, le thermom\u00e8tre affichera <strong>21 \u00b0C<\/strong>, mais avec l\u2019humidit\u00e9, tu ressentiras plut\u00f4t 24 \u00b0C. Le vent sera quasi absent, avec de petites rafales autour de 10 km\/h. Autrement dit : un <strong>d\u00e9but de journ\u00e9e parfait<\/strong> pour un caf\u00e9 en terrasse.<\/p>\n<p style=\"font-size:16px\">L\u2019<strong>apr\u00e8s-midi<\/strong>, pr\u00e9pare-toi \u00e0 une <strong>chaleur intense<\/strong>. Les temp\u00e9ratures grimperont jusqu\u2019\u00e0 <strong>38 \u00b0C<\/strong>, avec un <strong>ressenti approchant les 41 \u00b0C sous l\u2019effet du soleil<\/strong>. C\u2019est 8 \u00b0C au-dessus des normales de saison ! On parle ici d\u2019une <strong>vraie canicule<\/strong>, durable selon les pr\u00e9visions. Aucun nuage, aucun risque de pluie : le ciel restera d\u2019un bleu limpide, accompagn\u00e9 d\u2019un indice UV fort. Si tu sors, cr\u00e8me solaire et hydratation sont indispensables.<\/p>\n<p><img fetchpriority=\"high\" decoding=\"async\" width=\"800\" height=\"534\" src=\"https:\/\/www.bougerabordeaux.com\/wp-content\/uploads\/2025\/07\/chaleur-bx.webp\" alt=\"\" class=\"wp-image-80483\" style=\"width:668px;height:auto\"  \/>Dimanche \u00e0 Bordeaux : soleil, canicule jusqu\u2019\u00e0 38\u202f\u00b0C, ciel d\u00e9gag\u00e9, hydratation et protection solaire indispensables.<\/p>\n<p style=\"font-size:16px\">En <strong>soir\u00e9e<\/strong>, la <strong>chaleur<\/strong> se fera un <strong>peu moins \u00e9crasante avec 31 \u00b0C<\/strong>, ressentis 29 \u00b0C gr\u00e2ce \u00e0 un vent du nord soufflant jusqu\u2019\u00e0 25 km\/h en rafales. Le ciel sera l\u00e9g\u00e8rement voil\u00e9, mais le beau temps restera dominant.<\/p>\n<p style=\"font-size:16px\">La <strong>nuit restera douce, avec 22 \u00b0C<\/strong> au thermom\u00e8tre et un ressenti de 23 \u00b0C. Quelques nuages l\u00e9gers viendront troubler le ciel, sans pluie \u00e0 l\u2019horizon.<\/p>\n<p style=\"font-size:16px\">En r\u00e9sum\u00e9 : une<strong> journ\u00e9e radieuse mais br\u00fblante<\/strong>. Si tu as pr\u00e9vu de bouger, privil\u00e9gie les sorties le matin ou en d\u00e9but de soir\u00e9e, et garde toujours une bouteille d\u2019eau \u00e0 port\u00e9e de main. L\u2019\u00e9t\u00e9 bordelais montre aujourd\u2019hui son visage le plus ardent.<\/p>\n<p style=\"font-size:16px\">\u00c0 lire aussi : <a href=\"https:\/\/www.bougerabordeaux.com\/actu\/bordeaux-accueille-animaldoc-premier-festival-international-de-documentaires-animalistes-en-nouvelle-aquitaine\/\" target=\"_blank\" rel=\"noreferrer noopener nofollow\">Bordeaux accueille \u00ab AnimalDoc \u00bb, premier festival international de documentaires animalistes en Nouvelle Aquitaine<\/a><\/p>\n","protected":false},"excerpt":{"rendered":"Aujourd\u2019hui, dimanche, Bordeaux se r\u00e9veille sous un ciel enti\u00e8rement d\u00e9gag\u00e9. D\u00e8s le matin, le thermom\u00e8tre affichera 21 \u00b0C,&hellip;\n","protected":false},"author":2,"featured_media":313355,"comment_status":"","ping_status":"","sticky":false,"template":"","format":"standard","meta":{"footnotes":""},"categories":[2817],"tags":[1111,11,1997,1777,674,1011,27,12,2219,25],"class_list":{"0":"post-324280","1":"post","2":"type-post","3":"status-publish","4":"format-standard","5":"has-post-thumbnail","7":"category-bordeaux","8":"tag-actu","9":"tag-actualites","10":"tag-bordeaux","11":"tag-eu","12":"tag-europe","13":"tag-fr","14":"tag-france","15":"tag-news","16":"tag-nouvelle-aquitaine","17":"tag-republique-francaise"},"share_on_mastodon":{"url":"https:\/\/pubeurope.com\/@fr\/115042591988718751","error":""},"_links":{"self":[{"href":"https:\/\/www.europesays.com\/fr\/wp-json\/wp\/v2\/posts\/324280","targetHints":{"allow":["GET"]}}],"collection":[{"href":"https:\/\/www.europesays.com\/fr\/wp-json\/wp\/v2\/posts"}],"about":[{"href":"https:\/\/www.europesays.com\/fr\/wp-json\/wp\/v2\/types\/post"}],"author":[{"embeddable":true,"href":"https:\/\/www.europesays.com\/fr\/wp-json\/wp\/v2\/users\/2"}],"replies":[{"embeddable":true,"href":"https:\/\/www.europesays.com\/fr\/wp-json\/wp\/v2\/comments?post=324280"}],"version-history":[{"count":0,"href":"https:\/\/www.europesays.com\/fr\/wp-json\/wp\/v2\/posts\/324280\/revisions"}],"wp:featuredmedia":[{"embeddable":true,"href":"https:\/\/www.europesays.com\/fr\/wp-json\/wp\/v2\/media\/313355"}],"wp:attachment":[{"href":"https:\/\/www.europesays.com\/fr\/wp-json\/wp\/v2\/media?parent=324280"}],"wp:term":[{"taxonomy":"category","embeddable":true,"href":"https:\/\/www.europesays.com\/fr\/wp-json\/wp\/v2\/categories?post=324280"},{"taxonomy":"post_tag","embeddable":true,"href":"https:\/\/www.europesays.com\/fr\/wp-json\/wp\/v2\/tags?post=324280"}],"curies":[{"name":"wp","href":"https:\/\/api.w.org\/{rel}","templated":true}]}}