{"id":324287,"date":"2025-08-17T06:07:10","date_gmt":"2025-08-17T06:07:10","guid":{"rendered":"https:\/\/www.europesays.com\/fr\/324287\/"},"modified":"2025-08-17T06:07:10","modified_gmt":"2025-08-17T06:07:10","slug":"un-homme-ecope-de-6-mois-de-prison-ferme-pour-avoir-vole-la-carte-bancaire-dune-octogenaire-a-un-distributeur","status":"publish","type":"post","link":"https:\/\/www.europesays.com\/fr\/324287\/","title":{"rendered":"Un homme \u00e9cope de 6 mois de prison ferme pour avoir vol\u00e9 la carte bancaire d\u2019une octog\u00e9naire \u00e0 un distributeur"},"content":{"rendered":"<p>Mario M. est connu des services de police. Tellement que le 18\u00a0juillet dernier, lorsqu\u2019il a vol\u00e9 \u00e0 une <a href=\"https:\/\/www.laprovence.com\/article\/faits-divers-justice\/25347671188063\/une-octogenaire-braquee-chez-elle-dans-le-13e-arrondissement-de-marseille\" target=\"_blank\" rel=\"noopener\">octog\u00e9naire <\/a>sa carte bancaire alors qu\u2019elle venait d\u2019effectuer un retrait dans une banque de la <a href=\"https:\/\/www.laprovence.com\/article\/region\/4763607900344114\/a-marseille-sur-la-place-castellane-renovee-chacun-retrouve-des-reperes\" target=\"_blank\" rel=\"noopener\">place Castellane<\/a> \u00e0 Marseille (6e), il a \u00e9t\u00e9 rapidement identifi\u00e9 sur les images de vid\u00e9osurveillance et interpell\u00e9 peu de temps apr\u00e8s \u00e0 proximit\u00e9 de son domicile. Il n\u2019\u00e9tait plus en possession de la carte &#8211; jet\u00e9e dans une poubelle \u00e0 Noailles &#8211; et le billet de 100\u00a0euros retir\u00e9 par la vieille dame avait \u00e9t\u00e9 converti en paris sportifs dans un PMU, il avait encore les re\u00e7us dans les poches.<\/p>\n<p>Quelques jours plus tard, le trentenaire s\u2019est retrouv\u00e9 face au<a href=\"https:\/\/www.laprovence.com\/article\/faits-divers-justice\/2674516354107114\/au-tribunal-correctionnel-de-marseille-la-traque-rocambolesque-d-un-postier-voleur-de-courrier\" target=\"_blank\" rel=\"noopener\"> tribunal correctionnel de Marseille<\/a>, \u00e0 la faveur de la proc\u00e9dure de comparution rapide. Un d\u00e9lai court qui n\u2019a pas permis aux enqu\u00eateurs de faire r\u00e9aliser une expertise psychiatrique, un point \u00e2prement discut\u00e9 \u00e0 la barre.<\/p>\n<p>\u00ab\u00a0Professionnel du vol et de l\u2019agression\u00a0\u00bb<\/p>\n<p>Car Mario M. a \u00e9t\u00e9 diagnostiqu\u00e9 il y a onze ans d\u2019une schizophr\u00e9nie. Mais ce jour-l\u00e0, il avait remplac\u00e9 ses m\u00e9dicaments par un cocktail de coca\u00efne et de cannabis, ajoutant un vol avec violence \u00e0 son parcours judiciaire d\u00e9j\u00e0 ponctu\u00e9 d\u2019\u00e9pisodes similaires. Au point que la procureure Pauline Hamel l\u2019a tax\u00e9 \u00e0 l\u2019audience de \u00ab\u00a0professionnel du vol et de l\u2019agression\u00a0\u00bb, requ\u00e9rant \u00e0 son encontre une peine de 30 mois de prison avec mandat de d\u00e9p\u00f4t.<\/p>\n<p>Mais cette absence d\u2019expertise, alors m\u00eame que le pr\u00e9venu tenait des propos incoh\u00e9rents \u00e0 l\u2019audience, a ouvert un boulevard \u00e0 la d\u00e9fense. Me Manon Fran\u00e7ois, conseil de Mario M., a ainsi encourag\u00e9 les juges \u00e0 retenir une alt\u00e9ration de son discernement lors des faits.<\/p>\n<p>6 mois ferme en prison<\/p>\n<p>\u00ab\u00a0Aujourd\u2019hui, on fait comme si ses troubles psychiatriques n\u2019existaient pas. [\u2026] Il faut arr\u00eater de croire que c\u2019est une strat\u00e9gie\u00a0\u00bb, a-t-elle plaid\u00e9. Elle a \u00e9t\u00e9 &#8211; en partie &#8211; entendue\u00a0: Mario M. a \u00e9t\u00e9 condamn\u00e9 \u00e0 une peine de 18 mois de prison dont un an assorti d\u2019un sursis probatoire. Il purgera tout de m\u00eame 6 mois ferme derri\u00e8re les barreaux.<\/p>\n","protected":false},"excerpt":{"rendered":"Mario M. est connu des services de police. Tellement que le 18\u00a0juillet dernier, lorsqu\u2019il a vol\u00e9 \u00e0 une&hellip;\n","protected":false},"author":2,"featured_media":324288,"comment_status":"","ping_status":"","sticky":false,"template":"","format":"standard","meta":{"footnotes":""},"categories":[2814],"tags":[17,1111,11,6661,9925,1777,674,274,9095,1011,27,4933,884,2561,12,471,806,882,25],"class_list":{"0":"post-324287","1":"post","2":"type-post","3":"status-publish","4":"format-standard","5":"has-post-thumbnail","7":"category-marseille","8":"tag-17","9":"tag-actu","10":"tag-actualites","11":"tag-avoir","12":"tag-ecope","13":"tag-eu","14":"tag-europe","15":"tag-faits-divers-justice","16":"tag-ferme","17":"tag-fr","18":"tag-france","19":"tag-homme","20":"tag-marseille","21":"tag-mois","22":"tag-news","23":"tag-pour","24":"tag-prison","25":"tag-provence-alpes-cote-dazur","26":"tag-republique-francaise"},"share_on_mastodon":{"url":"https:\/\/pubeurope.com\/@fr\/115042611623882878","error":""},"_links":{"self":[{"href":"https:\/\/www.europesays.com\/fr\/wp-json\/wp\/v2\/posts\/324287","targetHints":{"allow":["GET"]}}],"collection":[{"href":"https:\/\/www.europesays.com\/fr\/wp-json\/wp\/v2\/posts"}],"about":[{"href":"https:\/\/www.europesays.com\/fr\/wp-json\/wp\/v2\/types\/post"}],"author":[{"embeddable":true,"href":"https:\/\/www.europesays.com\/fr\/wp-json\/wp\/v2\/users\/2"}],"replies":[{"embeddable":true,"href":"https:\/\/www.europesays.com\/fr\/wp-json\/wp\/v2\/comments?post=324287"}],"version-history":[{"count":0,"href":"https:\/\/www.europesays.com\/fr\/wp-json\/wp\/v2\/posts\/324287\/revisions"}],"wp:featuredmedia":[{"embeddable":true,"href":"https:\/\/www.europesays.com\/fr\/wp-json\/wp\/v2\/media\/324288"}],"wp:attachment":[{"href":"https:\/\/www.europesays.com\/fr\/wp-json\/wp\/v2\/media?parent=324287"}],"wp:term":[{"taxonomy":"category","embeddable":true,"href":"https:\/\/www.europesays.com\/fr\/wp-json\/wp\/v2\/categories?post=324287"},{"taxonomy":"post_tag","embeddable":true,"href":"https:\/\/www.europesays.com\/fr\/wp-json\/wp\/v2\/tags?post=324287"}],"curies":[{"name":"wp","href":"https:\/\/api.w.org\/{rel}","templated":true}]}}